{"id":198906,"date":"2026-01-11T07:56:06","date_gmt":"2026-01-11T07:56:06","guid":{"rendered":"https:\/\/www.europesays.com\/pl\/198906\/"},"modified":"2026-01-11T07:56:06","modified_gmt":"2026-01-11T07:56:06","slug":"anna-lewandowska-zamiescila-wpis-po-gali-mistrzow-sportu-zwrocila-sie-do-meza-przeglad-sportowy-onet","status":"publish","type":"post","link":"https:\/\/www.europesays.com\/pl\/198906\/","title":{"rendered":"Anna Lewandowska zamie\u015bci\u0142a wpis po Gali Mistrz\u00f3w Sportu. Zwr\u00f3ci\u0142a si\u0119 do m\u0119\u017ca &#8211; Przegl\u0105d Sportowy Onet"},"content":{"rendered":"<ol>\n<li><a href=\"https:\/\/news.google.com\/rss\/articles\/CBMiwwFBVV95cUxOcm8wUEVuN1oxd01tNElCRXNDWU45TW56UkZ2Q2pQOHN6QzBsZEN2SldfWEtQTGYxZTVaQUZ2M2Rra3Q4Vk1XbmdaVGQ4TzltaEc0UWc0SXVLY3FLTkkyRWJnTGdCSGs3VS1DWTdRM2dIYTFPcnRoellhcThfNGVJd3hPN1lsWjhEa3Z4UnV5M1FZQ0VWbktQanhQdDdLNENWc2ZmU0pCUnJtN2pmM1dfTFkteVZQQnNpRjRCR0F4R3poc1E?oc=5\" target=\"_blank\" rel=\"nofollow noopener\">Anna Lewandowska zamie\u015bci\u0142a wpis po Gali Mistrz\u00f3w Sportu. Zwr\u00f3ci\u0142a si\u0119 do m\u0119\u017ca<\/a>&nbsp;&nbsp;Przegl\u0105d Sportowy Onet<\/li>\n<li><a href=\"https:\/\/news.google.com\/rss\/articles\/CBMisAFBVV95cUxPc0Rfdkl2UUtMZUtKMmZHazV0c0NBRFBBOFRuX2hZRE52cmRVem00T0psVUVGS0VPZnlINEMxS2pSSnhpQmJ5X0M3QWtLeVM4eVNjN1BpYTRRWlpGdGZOQjQwTFVTc2xPZE1SbnVzbTJJUXBKQVJOMlVhUEJhQlFXTFpPNldGR0NHMEUxcGw5bXBNLVZjNUtWemFaSzk4Z08xbS1BQWRQYnlJZE10a2kybw?oc=5\" target=\"_blank\" rel=\"nofollow noopener\">Lewandowski zgarn\u0105\u0142 wyj\u0105tkowy tytu\u0142. Oto jak zareagowa\u0142. 'Pi\u0119knie wygl\u0105dasz&#8217; Reprezentacja Polski<\/a>&nbsp;&nbsp;Sport.pl<\/li>\n<li><a href=\"https:\/\/news.google.com\/rss\/articles\/CBMivgFBVV95cUxNVUNaS2twekw2QWRvcjRYSnNSUnd2MFhBZkhqNm9OUlk1SG1JQUVWSFFOdkE0SkdLMHlvT3hxZ0dwT3BKRk04SjYyVjFEaVAwM1RscWE4ZXBiRGRTc2RqT1ZjZlRNN1NhM1FTZWNTbmVKZy1HQ3JVQndycmhCSXFnaFNvdzRJcHpvRTlMYlRPRWd1T2t0Z0gyMU9BZVU4dTMyN1RmVWFXLUFVV2FvV2Jva05tM2VtYldrQnAyZ0V3?oc=5\" target=\"_blank\" rel=\"nofollow noopener\">Lewandowski nagle og\u0142osi\u0142 ws. \u017cony i ko\u0144ca kariery. Przem\u00f3wi\u0142 do Anny<\/a>&nbsp;&nbsp;Sport w INTERIA.PL<\/li>\n<li><a href=\"https:\/\/news.google.com\/rss\/articles\/CBMimgFBVV95cUxQendldVFyZW16YnFNQ2RFUEd1R3BjWF9rNUxkVi1yaHl3aDlMX043Q2drQk5ka1JZN193c29xb2plVk9hTHNVckdLQlgzWGdveTktNEFBWE9qaEhodWpvd2FmbDI5MWNiVURnQnMySmhnWnpjb0Q4ejhNcHlER2QzZXNrQVhlSHNxelhPeWtSLWVYLV9CaGdGempR?oc=5\" target=\"_blank\" rel=\"nofollow noopener\">Gala Mistrz\u00f3w Sportu. Justyna Kowalczyk Czempionk\u0105 Stulecia [WIDEO]<\/a>&nbsp;&nbsp;sport.tvp.pl<\/li>\n<li><a href=\"https:\/\/news.google.com\/rss\/articles\/CBMipgFBVV95cUxPSDhWWEp0N3FlSENzemRFVnlYekVLOEstYjgwNzdWbHRHckVhRlNzLVBTLVM4NDVIcXZBaGluRDJFT3RqRGMtYVhSZVVLZExqTkE2SngtSHFUX2g5aVRqa21aYWNoaWh5aV8zR0F0MGt5eWdNWHRmUXNiUF9KQlplY1hHZDZCV0txSVJyX0E3b2RVRWdPbnVyWEN4NjZscmFacFk5cU1R?oc=5\" target=\"_blank\" rel=\"nofollow noopener\">Anna Lewandowska nagle wspomnia\u0142a o ko\u0144cu kariery Roberta. &#8222;Coraz bli\u017cej&#8221;<\/a>&nbsp;&nbsp;Plejada<\/li>\n<\/ol>\n","protected":false},"excerpt":{"rendered":"Anna Lewandowska zamie\u015bci\u0142a wpis po Gali Mistrz\u00f3w Sportu. Zwr\u00f3ci\u0142a si\u0119 do m\u0119\u017ca&nbsp;&nbsp;Przegl\u0105d Sportowy Onet Lewandowski zgarn\u0105\u0142 wyj\u0105tkowy tytu\u0142.&hellip;\n","protected":false},"author":2,"featured_media":198907,"comment_status":"","ping_status":"","sticky":false,"template":"","format":"standard","meta":{"footnotes":""},"categories":[5],"tags":[2576,32,33,36,37,38257,27,67,34,35,28,31,25,129,42,22495,38,40,39,41,136,128,300,47,135,29,30,26,130],"class_list":{"0":"post-198906","1":"post","2":"type-post","3":"status-publish","4":"format-standard","5":"has-post-thumbnail","7":"category-naglowki","8":"tag-anna_lewandowska","9":"tag-breaking-news","10":"tag-breakingnews","11":"tag-featured-news","12":"tag-featurednews","13":"tag-gala_mistrzow_sportu","14":"tag-headlines","15":"tag-intextvideo_splayer","16":"tag-latest-news","17":"tag-latestnews","18":"tag-naglowki","19":"tag-najwazniejsze-artykuly","20":"tag-news","21":"tag-ofsajd","22":"tag-pl","23":"tag-plebiscyt_przegladu_sportowego","24":"tag-poland","25":"tag-polish","26":"tag-polska","27":"tag-polski","28":"tag-ps_detal_new","29":"tag-psv2","30":"tag-robert_lewandowski","31":"tag-screening_general","32":"tag-sport_sport","33":"tag-top-stories","34":"tag-topstories","35":"tag-wiadomosci","36":"tag-wiadomosci_sportowe"},"share_on_mastodon":{"url":"","error":"Validation failed: Text character limit of 500 exceeded"},"_links":{"self":[{"href":"https:\/\/www.europesays.com\/pl\/wp-json\/wp\/v2\/posts\/198906","targetHints":{"allow":["GET"]}}],"collection":[{"href":"https:\/\/www.europesays.com\/pl\/wp-json\/wp\/v2\/posts"}],"about":[{"href":"https:\/\/www.europesays.com\/pl\/wp-json\/wp\/v2\/types\/post"}],"author":[{"embeddable":true,"href":"https:\/\/www.europesays.com\/pl\/wp-json\/wp\/v2\/users\/2"}],"replies":[{"embeddable":true,"href":"https:\/\/www.europesays.com\/pl\/wp-json\/wp\/v2\/comments?post=198906"}],"version-history":[{"count":0,"href":"https:\/\/www.europesays.com\/pl\/wp-json\/wp\/v2\/posts\/198906\/revisions"}],"wp:featuredmedia":[{"embeddable":true,"href":"https:\/\/www.europesays.com\/pl\/wp-json\/wp\/v2\/media\/198907"}],"wp:attachment":[{"href":"https:\/\/www.europesays.com\/pl\/wp-json\/wp\/v2\/media?parent=198906"}],"wp:term":[{"taxonomy":"category","embeddable":true,"href":"https:\/\/www.europesays.com\/pl\/wp-json\/wp\/v2\/categories?post=198906"},{"taxonomy":"post_tag","embeddable":true,"href":"https:\/\/www.europesays.com\/pl\/wp-json\/wp\/v2\/tags?post=198906"}],"curies":[{"name":"wp","href":"https:\/\/api.w.org\/{rel}","templated":true}]}}