{"id":198927,"date":"2026-01-11T08:18:07","date_gmt":"2026-01-11T08:18:07","guid":{"rendered":"https:\/\/www.europesays.com\/pl\/198927\/"},"modified":"2026-01-11T08:18:07","modified_gmt":"2026-01-11T08:18:07","slug":"zagrozili-ze-odwolaja-konkurs-chaos-po-przyjezdzie-andrzeja-dudy","status":"publish","type":"post","link":"https:\/\/www.europesays.com\/pl\/198927\/","title":{"rendered":"&#8222;Zagrozili, \u017ce odwo\u0142aj\u0105 konkurs&#8221;. Chaos po przyje\u017adzie Andrzeja Dudy"},"content":{"rendered":"<p class=\"Paragraph_desktopParagraph__Fd2e9\">Niedzielny konkurs indywidualny, zaplanowany na 12 stycznia 2026 r., b\u0119dzie oficjalnym po\u017cegnaniem trzykrotnego mistrza olimpijskiego z Wielk\u0105 Krokwi\u0105. Prezydent Karol Nawrocki b\u0119dzie honorowym go\u015bciem zawod\u00f3w i \u2014 jak potwierdzono \u2014 osobi\u015bcie wr\u0119czy Kamilowi Stochowi specjalny, niespodziankowy prezent.<\/p>\n<p>Zamieszanie przed przyjazdem Karola Nawrockiego<\/p>\n<p class=\"Paragraph_desktopParagraph__Fd2e9\">Przyjazd obecnego prezydenta sprawia jednak, \u017ce konieczne b\u0119d\u0105 dodatkowe \u015brodki ostro\u017cno\u015bci. Przede wszystkim, na skoczni pojawi\u0105 si\u0119 ochroniarze S\u0142u\u017cby Ochrony Pa\u0144stwa, kt\u00f3rzy mog\u0105 przeszuka\u0107 ka\u017cdego kibica, kt\u00f3ry pojawi si\u0119 na trybunach Wielkiej Krokwi. W Zakopanem mo\u017ce pojawi\u0107 si\u0119 nawet kilkudziesi\u0119ciu ochroniarzy, kt\u00f3rzy b\u0119d\u0105 uwa\u017cnie obserwowa\u0107 ka\u017cdy ruch wszystkich zebranych wok\u00f3\u0142 skoczni.<\/p>\n<p class=\"VideoPlayerText_videoPlayerText__zrtJk\">Dalszy ci\u0105g materia\u0142u pod wideo<\/p>\n<p class=\"Paragraph_desktopParagraph__Fd2e9\">To jednak nic w por\u00f3wnaniu do tego, co dzia\u0142o si\u0119 w przesz\u0142o\u015bci. Jak opowiedzia\u0142 Rafa\u0142 Kot, w przesz\u0142o\u015bci istnia\u0142a nawet gro\u017aba odwo\u0142ania jednego z konkurs\u00f3w w Zakopanem! Wszystko ze wzgl\u0119du na to, w jaki spos\u00f3b zadbano o bezpiecze\u0144stwo Andrzeja Dudy, kt\u00f3ry pojawi\u0142 si\u0119 na trybunach.<\/p>\n<p>&#8222;Hofer zagrozi\u0142, \u017ce odwo\u0142a konkurs&#8221;<\/p>\n<p class=\"Paragraph_desktopParagraph__Fd2e9\">\u2014 Na dachu wie\u017cy s\u0119dziowskiej pojawili si\u0119 snajperzy z karabinami, wsz\u0119dzie pe\u0142no by\u0142o ochroniarzy, kt\u00f3rzy chcieli decydowa\u0107 dos\u0142ownie o wszystkim. Gdy zobaczy\u0142 to Walter Hofer [\u00f3wczesny dyrektor Pucharu \u015awiata \u2014 przyp. red.], zagrozi\u0142, \u017ce odwo\u0142a konkurs, bo o wszystkim powinni decydowa\u0107 organizatorzy. Dopiero wtedy spu\u015bcili z tonu i konkurs ostatecznie si\u0119 odby\u0142 \u2014 zdradzi\u0142 w rozmowie z Przegl\u0105dem Sportowym Onet Rafa\u0142 Kot.<\/p>\n<p class=\"Paragraph_desktopParagraph__Fd2e9\">Jak zapewniaj\u0105 nas jednak organizatorzy konkurs\u00f3w w Zakopanem, dla nich niewiele si\u0119 zmienia. Ju\u017c w czwartek pracownicy SOP dok\u0142adnie sprawdzili skoczni\u0119 i dok\u0142adnie zabezpieczyli miejsce, gdzie b\u0119d\u0105 przebywa\u0107 obaj prezydenci podczas niedzielnego konkursu. I to oni b\u0119d\u0105 w niedziel\u0119 odpowiada\u0107 za ochron\u0119 podczas samych zawod\u00f3w.<\/p>\n<p class=\"Paragraph_desktopParagraph__Fd2e9\">W Zakopanem s\u0105 jednak przyzwyczajeni do wizyt prezydent\u00f3w podczas konkurs\u00f3w Pucharu \u015awiata. W erze &#8222;ma\u0142yszomanii&#8221; na Wielkiej Krokwi regularnie pojawia\u0142 si\u0119 Aleksander Kwa\u015bniewski. T\u0119 &#8222;tradycj\u0119&#8221; przej\u0105\u0142 po nim Andrzej Duda, kt\u00f3ry by\u0142 do\u015b\u0107 cz\u0119stym bywalcem na trybunach. I wiele wskazuje na to, \u017ce na ten sam ruch decydowa\u0107 b\u0119dzie si\u0119 w przysz\u0142o\u015bci tak\u017ce Karol Nawrocki.<\/p>\n<p class=\"Paragraph_desktopParagraph__Fd2e9\">O tym, jak wielkie zamieszanie potrafi wywo\u0142a\u0107 przyjazd prezydenta, mo\u017cna by\u0142o przekona\u0107 si\u0119 podczas przyjazdu Donalda Trumpa na fina\u0142 US Open w ubieg\u0142ym roku. Starcie o tytu\u0142 mi\u0119dzy Jannikiem Sinnerem a Carlosem Alcarazem zosta\u0142o z tego powodu op\u00f3\u017anione o 30 minut, aby umo\u017cliwi\u0107 kibicom wej\u015bcie na trybuny. Problemem okaza\u0142y si\u0119&#8230; kontrole bezpiecze\u0144stwa zwi\u0105zane z obecno\u015bci\u0105 prezydenta USA.<\/p>\n","protected":false},"excerpt":{"rendered":"Niedzielny konkurs indywidualny, zaplanowany na 12 stycznia 2026 r., b\u0119dzie oficjalnym po\u017cegnaniem trzykrotnego mistrza olimpijskiego z Wielk\u0105 Krokwi\u0105.&hellip;\n","protected":false},"author":2,"featured_media":198928,"comment_status":"","ping_status":"","sticky":false,"template":"","format":"standard","meta":{"footnotes":""},"categories":[24],"tags":[2159,67,43,42,38,40,39,41,136,128,47,1874,127,135,126,1570],"class_list":{"0":"post-198927","1":"post","2":"type-post","3":"status-publish","4":"format-standard","5":"has-post-thumbnail","7":"category-sport","8":"tag-andrzej_duda","9":"tag-intextvideo_splayer","10":"tag-karol_nawrocki","11":"tag-pl","12":"tag-poland","13":"tag-polish","14":"tag-polska","15":"tag-polski","16":"tag-ps_detal_new","17":"tag-psv2","18":"tag-screening_general","19":"tag-skoki_narciarskie","20":"tag-sport","21":"tag-sport_sport","22":"tag-sports","23":"tag-zakopane"},"share_on_mastodon":{"url":"https:\/\/pubeurope.com\/@pl\/115875486291664813","error":""},"_links":{"self":[{"href":"https:\/\/www.europesays.com\/pl\/wp-json\/wp\/v2\/posts\/198927","targetHints":{"allow":["GET"]}}],"collection":[{"href":"https:\/\/www.europesays.com\/pl\/wp-json\/wp\/v2\/posts"}],"about":[{"href":"https:\/\/www.europesays.com\/pl\/wp-json\/wp\/v2\/types\/post"}],"author":[{"embeddable":true,"href":"https:\/\/www.europesays.com\/pl\/wp-json\/wp\/v2\/users\/2"}],"replies":[{"embeddable":true,"href":"https:\/\/www.europesays.com\/pl\/wp-json\/wp\/v2\/comments?post=198927"}],"version-history":[{"count":0,"href":"https:\/\/www.europesays.com\/pl\/wp-json\/wp\/v2\/posts\/198927\/revisions"}],"wp:featuredmedia":[{"embeddable":true,"href":"https:\/\/www.europesays.com\/pl\/wp-json\/wp\/v2\/media\/198928"}],"wp:attachment":[{"href":"https:\/\/www.europesays.com\/pl\/wp-json\/wp\/v2\/media?parent=198927"}],"wp:term":[{"taxonomy":"category","embeddable":true,"href":"https:\/\/www.europesays.com\/pl\/wp-json\/wp\/v2\/categories?post=198927"},{"taxonomy":"post_tag","embeddable":true,"href":"https:\/\/www.europesays.com\/pl\/wp-json\/wp\/v2\/tags?post=198927"}],"curies":[{"name":"wp","href":"https:\/\/api.w.org\/{rel}","templated":true}]}}