{"id":198953,"date":"2026-01-11T08:43:14","date_gmt":"2026-01-11T08:43:14","guid":{"rendered":"https:\/\/www.europesays.com\/pl\/198953\/"},"modified":"2026-01-11T08:43:14","modified_gmt":"2026-01-11T08:43:14","slug":"trump-podpisuje-dekret-miliardy-z-wenezuelskiej-ropy-pod-kontrola-usa","status":"publish","type":"post","link":"https:\/\/www.europesays.com\/pl\/198953\/","title":{"rendered":"Trump podpisuje dekret. Miliardy z wenezuelskiej ropy pod kontrol\u0105 USA"},"content":{"rendered":"<p>2026-01-10 20:08<\/p>\n<p>publikacja<br \/>2026-01-10 20:08<\/p>\n<p>Podziel si\u0119<\/p>\n<p>Prezydent USA Donald Trump podpisa\u0142 w pi\u0105tek rozporz\u0105dzenie o \u201ezabezpieczeniu\u201d dochod\u00f3w z wenezuelskiej ropy naftowej na kontach resortu finans\u00f3w &#8211; poda\u0142 Bia\u0142y Dom. Ma to na celu zapewnienie ameryka\u0144skiej kontroli nad pieni\u0119dzmi.<\/p>\n<p><img decoding=\"async\" class=\"o-graphics-multiobject__inner-blurry-picture-img\" src=\"https:\/\/www.europesays.com\/pl\/wp-content\/uploads\/2025\/12\/a94580ce761004-948-568-0-254-2752-1651.jpg\" width=\"948\" height=\"568\" alt=\"Trump podpisuje dekret. Miliardy z wenezuelskiej ropy pod kontrol\u0105 USA\" loading=\"lazy\"\/><img decoding=\"async\" class=\"o-graphics-multiobject__item webfeedsFeaturedVisual\" src=\"https:\/\/www.europesays.com\/pl\/wp-content\/uploads\/2025\/12\/a94580ce761004-948-568-0-254-2752-1651.jpg\" width=\"948\" height=\"568\" alt=\"Trump podpisuje dekret. Miliardy z wenezuelskiej ropy pod kontrol\u0105 USA\" loading=\"lazy\"\/>fot. Jessica Koscielniak \/ \/\u00a0 Reuters \/ Forum<\/p>\n<p>Jak napisa\u0142 w o\u015bwiadczeniu Bia\u0142y Dom, dekret sprawia, \u017ce umieszczane na kontach USA \u015brodki ze sprzeda\u017cy wenezuelskiej ropy naftowej nie mog\u0105 by\u0107 przedmiotem roszcze\u0144 innych os\u00f3b, podmiot\u00f3w i pa\u0144stw. \u015arodki te nie mog\u0105 by\u0107 transferowane bez wyra\u017anej zgody rz\u0105du USA.<\/p>\n<p>\u201eRozporz\u0105dzenie potwierdza, \u017ce fundusze stanowi\u0105 suwerenn\u0105 w\u0142asno\u015b\u0107 Wenezueli i s\u0105 przechowywane przez Stany Zjednoczone w celach rz\u0105dowych i dyplomatycznych\u201d &#8211; czytamy w komunikacie.<\/p>\n<p>Rozporz\u0105dzenie m\u00f3wi o tym, \u017ce krok ten jest konieczny, by realizowa\u0107 interes narodowy USA, w tym zapewni\u0107 powstrzymanie migracji (z Wenezueli), czy podejmowa\u0107 dzia\u0142ania przeciwko Iranowi i Hezbollahowi, z kt\u00f3rymi wsp\u00f3\u0142pracowa\u0142 re\u017cim Nicolasa Maduro.<\/p>\n<p>Rozporz\u0105dzenie jest cz\u0119\u015bci\u0105 umowy USA z re\u017cimem w Caracas, w ramach kt\u00f3rej ropa naftowa z Wenezueli ma by\u0107 sprzedawana przez USA na \u015bwiatowych rynkach. Wed\u0142ug zapowiedzi prezydenta Trumpa, pieni\u0105dze z tego tytu\u0142u maj\u0105 by\u0107 wydawane na korzy\u015b\u0107 zar\u00f3wno Wenezueli, jak i USA. Wenezuela ma ponadto wydawa\u0107 te \u015brodki tylko na zakup towar\u00f3w ze Stan\u00f3w Zjednoczonych.<\/p>\n<p>Pierwsza transza surowca obejmuje 50 mln bary\u0142ek ropy o warto\u015bci ok. 3 mld dol. Trump zapowiedzia\u0142 jednak, \u017ce proces ten b\u0119dzie kontynuowany &#8222;bezterminowo&#8221;.<\/p>\n<p>Przej\u0119cie kontroli nad wenezuelsk\u0105 rop\u0105 ma by\u0107 wed\u0142ug wizji administracji Trumpa jednym ze \u015brodk\u00f3w nacisku na w\u0142adze w Caracas, by realizowa\u0142y one wol\u0119 USA.<\/p>\n<p>Z Waszyngtonu Oskar G\u00f3rzy\u0144ski (PAP)<\/p>\n<p>osk\/ kar\/<\/p>\n<p>Podziel si\u0119<\/p>\n<p>Tematy<\/p>\n","protected":false},"excerpt":{"rendered":"2026-01-10 20:08 publikacja2026-01-10 20:08 Podziel si\u0119 Prezydent USA Donald Trump podpisa\u0142 w pi\u0105tek rozporz\u0105dzenie o \u201ezabezpieczeniu\u201d dochod\u00f3w z&hellip;\n","protected":false},"author":2,"featured_media":178576,"comment_status":"","ping_status":"","sticky":false,"template":"","format":"standard","meta":{"footnotes":""},"categories":[14],"tags":[32,33,27,34,35,28,31,25,40,41,80,29,30,26,82,83,84],"class_list":{"0":"post-198953","1":"post","2":"type-post","3":"status-publish","4":"format-standard","5":"has-post-thumbnail","7":"category-swiat","8":"tag-breaking-news","9":"tag-breakingnews","10":"tag-headlines","11":"tag-latest-news","12":"tag-latestnews","13":"tag-naglowki","14":"tag-najwazniejsze-artykuly","15":"tag-news","16":"tag-polish","17":"tag-polski","18":"tag-swiat","19":"tag-top-stories","20":"tag-topstories","21":"tag-wiadomosci","22":"tag-world","23":"tag-world-news","24":"tag-worldnews"},"share_on_mastodon":{"url":"https:\/\/pubeurope.com\/@pl\/115875584702187145","error":""},"_links":{"self":[{"href":"https:\/\/www.europesays.com\/pl\/wp-json\/wp\/v2\/posts\/198953","targetHints":{"allow":["GET"]}}],"collection":[{"href":"https:\/\/www.europesays.com\/pl\/wp-json\/wp\/v2\/posts"}],"about":[{"href":"https:\/\/www.europesays.com\/pl\/wp-json\/wp\/v2\/types\/post"}],"author":[{"embeddable":true,"href":"https:\/\/www.europesays.com\/pl\/wp-json\/wp\/v2\/users\/2"}],"replies":[{"embeddable":true,"href":"https:\/\/www.europesays.com\/pl\/wp-json\/wp\/v2\/comments?post=198953"}],"version-history":[{"count":0,"href":"https:\/\/www.europesays.com\/pl\/wp-json\/wp\/v2\/posts\/198953\/revisions"}],"wp:featuredmedia":[{"embeddable":true,"href":"https:\/\/www.europesays.com\/pl\/wp-json\/wp\/v2\/media\/178576"}],"wp:attachment":[{"href":"https:\/\/www.europesays.com\/pl\/wp-json\/wp\/v2\/media?parent=198953"}],"wp:term":[{"taxonomy":"category","embeddable":true,"href":"https:\/\/www.europesays.com\/pl\/wp-json\/wp\/v2\/categories?post=198953"},{"taxonomy":"post_tag","embeddable":true,"href":"https:\/\/www.europesays.com\/pl\/wp-json\/wp\/v2\/tags?post=198953"}],"curies":[{"name":"wp","href":"https:\/\/api.w.org\/{rel}","templated":true}]}}