{"id":199008,"date":"2026-01-11T09:19:07","date_gmt":"2026-01-11T09:19:07","guid":{"rendered":"https:\/\/www.europesays.com\/pl\/199008\/"},"modified":"2026-01-11T09:19:07","modified_gmt":"2026-01-11T09:19:07","slug":"tak-wyglada-pomorze-po-wielkiej-sniezycy-za-nami-bardzo-trudna-noc-wideo","status":"publish","type":"post","link":"https:\/\/www.europesays.com\/pl\/199008\/","title":{"rendered":"Tak wygl\u0105da Pomorze po wielkiej \u015bnie\u017cycy. &#8222;Za nami bardzo trudna noc&#8221; [WIDEO]"},"content":{"rendered":"<p class=\"ods-c-paragraph \">&#8222;Za nami bardzo trudna noc. 336 wyjazd\u00f3w sprz\u0119tu ZUD, a\u017c 356 pracownik\u00f3w dba\u0142o, by DK na Pomorzu by\u0142y przejezdne. Ca\u0142y czas pada <a href=\"https:\/\/wiadomosci.onet.pl\/snieg\" id=\"bf8c91a5-0091-46f9-9d19-76511109311b\" rel=\"nofollow noopener\" target=\"_blank\">\u015bnieg<\/a>, wyst\u0119puje b\u0142oto po\u015bniegowe. Na sieci wci\u0105\u017c dzia\u0142aj\u0105 94 p\u0142ugosolarki&#8221; \u2014 czytamy we wpisie gda\u0144skiego oddzia\u0142u Generalnej Dyrekcji Dr\u00f3g Krajowych i Autostrad, jaki zosta\u0142 zamieszczony w niedziel\u0119 rano.<\/p>\n<p> Jakie s\u0105 obecne warunki pogodowe na Pomorzu? <\/p>\n<p> Ile sprz\u0119tu ZUD by\u0142o w u\u017cyciu podczas opad\u00f3w \u015bniegu? <\/p>\n<p> Gdzie sytuacja drogowa jest najtrudniejsza? <\/p>\n<p> Kiedy prognozowana jest poprawa pogody na Pomorzu? <\/p>\n<p>   Wielka \u015bnie\u017cyca parali\u017cuje Pomorze. Tak wygl\u0105daj\u0105 drogi w regionie. W sieci pojawi\u0142y si\u0119 nagrania<\/p>\n<p class=\"ods-c-paragraph \">Na wielu drogach od sobotniego wieczora zalega jednak warstwa b\u0142ota i lodu, a padaj\u0105cy \u015bnieg i <a href=\"https:\/\/wiadomosci.onet.pl\/wiatr\" id=\"05055424-3995-441e-a8b6-b289fad53aa9\" rel=\"nofollow noopener\" target=\"_blank\">wiatr<\/a> powoduj\u0105 zawieje oraz zamiecie \u015bnie\u017cne mocno ograniczaj\u0105ce widzialno\u015b\u0107. Mimo ci\u0105g\u0142ej pracy s\u0142u\u017cb bie\u017c\u0105ce oczyszczanie dr\u00f3g jest bardzo trudne.<\/p>\n<p class=\"ods-c-paragraph \">Na profilu Sieci Obserwator\u00f3w Burz zosta\u0142o udost\u0119pnione nagranie autorstwa Marcina Kropid\u0142owskiego z Tczewa w woj. pomorskim. Wida\u0107 na nim siln\u0105 zawiej\u0119 \u015bnie\u017cn\u0105 i kompletnie zasypan\u0105 drog\u0119. Jedno auto w tych warunkach znalaz\u0142o si\u0119 w rowie. &#8222;Uwaga na trudne warunki drogowe&#8221; \u2014 czytamy pod filmem.<\/p>\n<p class=\"ods-c-paragraph \">Miejscami pokrywa \u015bnie\u017cna si\u0119ga ju\u017c do kolan i nadal ro\u015bnie. Tak du\u017co \u015bniegu napada\u0142o m.in. w rejonie \u017bukowa na Kaszubach.<\/p>\n<p class=\"ods-c-paragraph \">Nagranie z silnej zawiei \u015bnie\u017cnej, tym razem z Ustki, zamie\u015bci\u0142 na Facebooku r\u00f3wnie\u017c Grzegorz Zawi\u015blak, popularyzator zjawisk atmosferycznych.<\/p>\n<p class=\"ods-c-paragraph \">Stra\u017cacy z Ochotniczej Stra\u017cy Po\u017carnej Taw\u0119cino niedaleko L\u0119borka (woj. pomorskie) przekazali z kolei, \u017ce z powodu zasp \u015bnie\u017cnych nieprzejezdna by\u0142a tamtejsza droga powiatowa, a s\u0142u\u017cby musia\u0142y wyci\u0105ga\u0107 ze \u015bniegu a\u017c pi\u0119\u0107 samochod\u00f3w.<\/p>\n<p class=\"ods-c-paragraph \">Prognozy na kolejne godziny nie wskazuj\u0105 na popraw\u0119 pogody. W dalszym ci\u0105gu b\u0119d\u0105 wyst\u0119powa\u0107 opady \u015bniegu, okresami do\u015b\u0107 intensywne, zw\u0142aszcza na p\u00f3\u0142nocy, w centrum i na po\u0142udniu kraju. <a href=\"https:\/\/wiadomosci.onet.pl\/pogoda\/potezne-sniezyce-szaleja-nad-polska-alerty-imgw-w-wiekszosci-polski-mapy\/hg9c2f6\" id=\"1f6ee706-fc2d-4709-aba8-f7ecc032feb7\" rel=\"nofollow noopener\" target=\"_blank\">IMGW wyda\u0142 szereg ostrze\u017ce\u0144 pierwszego i drugiego stopnia przed za\u0142amaniem aury.<\/a> Poprawa ma nast\u0105pi\u0107 dopiero w poniedzia\u0142ek w ci\u0105gu dnia. Do tego czasu sytuacja na drogach pozostanie fatalna.<\/p>\n","protected":false},"excerpt":{"rendered":"&#8222;Za nami bardzo trudna noc. 336 wyjazd\u00f3w sprz\u0119tu ZUD, a\u017c 356 pracownik\u00f3w dba\u0142o, by DK na Pomorzu by\u0142y&hellip;\n","protected":false},"author":2,"featured_media":199009,"comment_status":"","ping_status":"","sticky":false,"template":"","format":"standard","meta":{"footnotes":""},"categories":[12],"tags":[32,33,36,37,27,34,35,28,31,48,25,46,42,78,38,40,39,41,47,21420,29,30,26],"class_list":{"0":"post-199008","1":"post","2":"type-post","3":"status-publish","4":"format-standard","5":"has-post-thumbnail","7":"category-polska","8":"tag-breaking-news","9":"tag-breakingnews","10":"tag-featured-news","11":"tag-featurednews","12":"tag-headlines","13":"tag-latest-news","14":"tag-latestnews","15":"tag-naglowki","16":"tag-najwazniejsze-artykuly","17":"tag-nat_styl","18":"tag-news","19":"tag-omp","20":"tag-pl","21":"tag-pogoda","22":"tag-poland","23":"tag-polish","24":"tag-polska","25":"tag-polski","26":"tag-screening_general","27":"tag-sniezyca","28":"tag-top-stories","29":"tag-topstories","30":"tag-wiadomosci"},"share_on_mastodon":{"url":"https:\/\/pubeurope.com\/@pl\/115875726233119335","error":""},"_links":{"self":[{"href":"https:\/\/www.europesays.com\/pl\/wp-json\/wp\/v2\/posts\/199008","targetHints":{"allow":["GET"]}}],"collection":[{"href":"https:\/\/www.europesays.com\/pl\/wp-json\/wp\/v2\/posts"}],"about":[{"href":"https:\/\/www.europesays.com\/pl\/wp-json\/wp\/v2\/types\/post"}],"author":[{"embeddable":true,"href":"https:\/\/www.europesays.com\/pl\/wp-json\/wp\/v2\/users\/2"}],"replies":[{"embeddable":true,"href":"https:\/\/www.europesays.com\/pl\/wp-json\/wp\/v2\/comments?post=199008"}],"version-history":[{"count":0,"href":"https:\/\/www.europesays.com\/pl\/wp-json\/wp\/v2\/posts\/199008\/revisions"}],"wp:featuredmedia":[{"embeddable":true,"href":"https:\/\/www.europesays.com\/pl\/wp-json\/wp\/v2\/media\/199009"}],"wp:attachment":[{"href":"https:\/\/www.europesays.com\/pl\/wp-json\/wp\/v2\/media?parent=199008"}],"wp:term":[{"taxonomy":"category","embeddable":true,"href":"https:\/\/www.europesays.com\/pl\/wp-json\/wp\/v2\/categories?post=199008"},{"taxonomy":"post_tag","embeddable":true,"href":"https:\/\/www.europesays.com\/pl\/wp-json\/wp\/v2\/tags?post=199008"}],"curies":[{"name":"wp","href":"https:\/\/api.w.org\/{rel}","templated":true}]}}