{"id":199016,"date":"2026-01-11T09:24:13","date_gmt":"2026-01-11T09:24:13","guid":{"rendered":"https:\/\/www.europesays.com\/pl\/199016\/"},"modified":"2026-01-11T09:24:13","modified_gmt":"2026-01-11T09:24:13","slug":"dopiero-wjechal-do-salonow-a-juz-potanial-o-20-tys-zl-przez-matrixy-i-bagaznik-650-l-chinczykom-robi-sie-goraco","status":"publish","type":"post","link":"https:\/\/www.europesays.com\/pl\/199016\/","title":{"rendered":"Dopiero wjecha\u0142 do salon\u00f3w, a ju\u017c potania\u0142 o 20 tys. z\u0142. Przez \u201ematrixy\u201d i baga\u017cnik 650 l Chi\u0144czykom robi si\u0119 gor\u0105co"},"content":{"rendered":"<p>Nowego Citroena C5 Aircrossa jeszcze nie nie wida\u0107 na polskich drogach, a ju\u017c stania\u0142. Topowa wersja z matrixami i kamer\u0105 360 kosztuje po rabacie tylko 10 tys. z\u0142 wi\u0119cej ni\u017c &#8222;baza&#8221;.<\/p>\n<p>Min\u0119\u0142o ju\u017c kilka miesi\u0119cy od premiery nowego <a href=\"http:\/\/www.motofilm.pl\/tag\/citroen-c5-aircross\" target=\"_blank\" rel=\"noopener nofollow\">Citroena C5 Aircrossa<\/a>, a na drogach wci\u0105\u017c trudno go spotka\u0107. Czy to znaczy, \u017ce si\u0119 nie sprzedaje? Nic z tych rzeczy. Prawdziwy start sprzeda\u017cy ruszy dopiero po 15 stycznia, kiedy odb\u0119d\u0105 si\u0119 pierwsze polskie jazdy dla dziennikarzy, na kt\u00f3rych te\u017c b\u0119d\u0119. Ceny znamy ju\u017c od kilku tygodni i zaskoczy\u0142y tym, \u017ce <a href=\"https:\/\/motofilm.pl\/2025\/12\/580-litrow-bagaznika-bogate-wyposazenie-i-cena-jak-u-chinczykow-ten-suv-moze-byc-jednym-z-hitow-2026-roku\/\" target=\"_blank\" rel=\"noopener nofollow\">s\u0105 wyra\u017anie ni\u017csze ni\u017c u poprzednika<\/a>. Jak si\u0119 jednak spodziewa\u0142em, dealerzy dorzucili swoje. Dopiero teraz zrobi\u0142o si\u0119 naprawd\u0119 ciekawie.<\/p>\n<p>Nowy Citroen C5 Aircross b\u0119dzie trudnym rywalem dla chi\u0144skich propozycji<\/p>\n<p>C5 Aircross to najwi\u0119kszy <a href=\"http:\/\/www.motofilm.pl\/tag\/suv\" target=\"_blank\" rel=\"noopener nofollow\">SUV<\/a> w gamie producenta i jednocze\u015bnie najbardziej rodzinna propozycja Citroena w tym segmencie. Samoch\u00f3d ma 4652 mm d\u0142ugo\u015bci. Dla por\u00f3wnania <a href=\"https:\/\/motofilm.pl\/2025\/09\/odebralem-omode-5-comfort-z-salonu-i-juz-po-63-km-zlapalo-mnie-pierwsze-zdziwienie-zupelnie-inaczej-niz-sobie-to-wyobrazalem\/\" target=\"_blank\" rel=\"noopener nofollow\">Omoda 5<\/a> mierzy 4373 mm, a <a href=\"https:\/\/motofilm.pl\/2025\/09\/kia-sportage-po-liftingu-daje-rade-ale-dzis-to-przedlift-jest-finansowym-zlotym-strzalem\/\" target=\"_blank\" rel=\"noopener nofollow\">Kia Sportage<\/a> 4540 mm. Tak du\u017ce wymiary przek\u0142adaj\u0105 si\u0119 na bardzo du\u017co przestrzeni w kabinie. Z ty\u0142u jest mn\u00f3stwo miejsca, a baga\u017cnik oferuje wed\u0142ug niekt\u00f3rych pomiar\u00f3w oko\u0142o 650 litr\u00f3w pojemno\u015bci. Nawet <a href=\"http:\/\/www.motofilm.pl\/tag\/mg-hs\" target=\"_blank\" rel=\"noopener nofollow\">MG HS<\/a> \u2013 numer 1 w\u015br\u00f3d chi\u0144skich SUV-\u00f3w \u2013 ma wyra\u017anie mniej, bo 507 litr\u00f3w. Ma te\u017c tzw. \u201ematrixy\u201d, kt\u00f3re bardzo u\u0142atwiaj\u0105 jazd\u0119 w nocy. Nawet <a href=\"https:\/\/motofilm.pl\/2025\/08\/30-tys-km-przejedziesz-za-darmo-musisz-tylko-wybrac-rocznik-2024\/\" target=\"_blank\" rel=\"noopener nofollow\">niekt\u00f3re chi\u0144skie samochody klasy premium<\/a> wci\u0105\u017c nie oferuj\u0105 tej technologii, nie m\u00f3wi\u0105c ju\u017c o najbli\u017cszych rywalach.<\/p>\n<p>Czy to wszystko oznacza, \u017ce to drogi SUV? Pierwsze zaskoczenie pojawi\u0142o si\u0119 ju\u017c przy publikacji polskiego cennika. <a href=\"https:\/\/motofilm.pl\/2025\/04\/widzialem-nowego-citroena-c5-aircrossa-to-suv-ktory-naprawde-moze-zrobic-zamieszanie-na-rynku\/\" target=\"_blank\" rel=\"noopener nofollow\">Sta\u0142o si\u0119 dok\u0142adnie tak, jak liczy\u0142em<\/a>. Francuzi wycenili nowy model taniej od poprzednika. Cena startuje od 132 900 z\u0142 za wersj\u0119 podstawow\u0105 You, kt\u00f3ra jest ca\u0142kiem dobrze wyposa\u017cona, cho\u0107 nadal nie dor\u00f3wnuje pod tym wzgl\u0119dem chi\u0144skim rywalom.<\/p>\n<p><img loading=\"lazy\" decoding=\"async\" class=\"size-full wp-image-296127\" src=\"https:\/\/www.europesays.com\/pl\/wp-content\/uploads\/2026\/01\/citroen-c5-aircross-tyl-sebastian-rydzewski.jpg\" alt=\"Citroen C5 Aircross - ty\u0142, fot. Sebastian Rydzewski, motofilm.pl \/ TVN Turbo\" width=\"1200\" height=\"693\"  \/>Citroen C5 Aircross \u2013 ty\u0142, fot. Sebastian Rydzewski, motofilm.pl \/ TVN Turbo<\/p>\n<p>Spodziewa\u0142em si\u0119, \u017ce dealerzy do\u0142o\u017c\u0105 swoje \u201etrzy grosze\u201d. I cho\u0107 z cen\u0105 bazowej wersji jeszcze nie eksperymentuj\u0105, to robi\u0105 to z topowym wariantem Max. Egzemplarz katalogowo wyceniony na 163 tys. z\u0142, mo\u017cna kupi\u0107 za 142 900 z\u0142. Oznacza to rabat przekraczaj\u0105cy 20 tys. z\u0142.<\/p>\n<p>Max, jak sama nazwa wskazuje, oznacza \u201emaksymalne\u201d wyposa\u017cenie<\/p>\n<p>Citroen podzieli\u0142 gam\u0119 C5 Aircrossa na trzy wersje: You, Plus oraz Max. Zdecydowanie warto wybra\u0107 w\u0142a\u015bnie t\u0119 ostatni\u0105 i mie\u0107 wszystko na pok\u0142adzie, zw\u0142aszcza \u017ce r\u00f3\u017cnica wzgl\u0119dem wersji podstawowej wynosi oko\u0142o 10 tys. z\u0142. Wersja Max oferuje mi\u0119dzy innymi:<\/p>\n<ul style=\"list-style-type: circle;\">\n<li>Sk\u0142adan\u0105 tyln\u0105 kanap\u0119 w proporcji 40\/20\/40<\/li>\n<li>Regulacj\u0119 k\u0105ta nachylenia opar\u0107 w drugim rz\u0119dzie<\/li>\n<li>Fotel kierowcy z elektryczn\u0105 regulacj\u0105 w o\u015bmiu p\u0142aszczyznach, podgrzewany i z pami\u0119ci\u0105 ustawie\u0144<\/li>\n<li>Fotel pasa\u017cera z regulacj\u0105 i podgrzewaniem<\/li>\n<li>Pakiet VisioPark 360 z kamerami 360 stopni oraz czujnikami parkowania z przodu i z ty\u0142u<\/li>\n<li>Elektryczny hamulec postojowy<\/li>\n<li>Reflektory Citroen Matrix LED<\/li>\n<li>Pakiet Drive Assist 2.0<\/li>\n<li>Cyfrowy zestaw wska\u017anik\u00f3w z ekranem 10 cali<\/li>\n<li>Selektor tryb\u00f3w jazdy<\/li>\n<li>Lusterko wsteczne z funkcj\u0105 elektrochromatyczn\u0105<\/li>\n<li>Pakiet bezpiecze\u0144stwa<\/li>\n<li>Centralny ekran Waterfall z nawigacj\u0105 3D<\/li>\n<li>Bezkluczykowy dost\u0119p i uruchamianie pojazdu<\/li>\n<li>Dwustrefow\u0105 klimatyzacj\u0119 automatyczn\u0105 z nawiewami na ty\u0142<\/li>\n<li>\u0141adowark\u0119 indukcyjn\u0105 do smartfona<\/li>\n<li>Gniazda zasilania 12 V<\/li>\n<li>Podgrzewan\u0105 kierownic\u0119<\/li>\n<li>Elektrycznie sterowane szyby z funkcj\u0105 automatycznego opuszczania<\/li>\n<li>Automatyczne wycieraczki<\/li>\n<li>System oczyszczania powietrza Clean Cabin<\/li>\n<li>Przyciemniane tylne szyby<\/li>\n<li>Zawieszenie Citroen Advanced Comfort<\/li>\n<li>Elektrycznie sterowan\u0105 klap\u0119 baga\u017cnika<\/li>\n<li>Rozszerzony wy\u015bwietlacz Head-Up<\/li>\n<li>O\u015bwietlenie ambientowe w o\u015bmiu kolorach<\/li>\n<li>Aluminiowe peda\u0142y i podn\u00f3\u017cek<\/li>\n<li>Elektrycznie regulowane i sk\u0142adane lusterka z pami\u0119ci\u0105 oraz o\u015bwietleniem powitalnym<\/li>\n<li>Pakiet stylistyczny Design<\/li>\n<li>Tylne \u015bwiat\u0142a Citroen Light Wings LED<\/li>\n<li>Dekoracyjne akcenty w kolorze Gold Satin<\/li>\n<\/ul>\n<p>Ekonomiczny uk\u0142ad nap\u0119dowy, kt\u00f3ry poza miastem spali poni\u017cej 5 litr\u00f3w<\/p>\n<p>W nowym C5 Aircrossie nie ma ju\u017c silnika Diesla, kt\u00f3ry by\u0142 dost\u0119pny w poprzedniej generacji. Dla jednych to wada, dla innych zaleta. Ci, kt\u00f3rzy nadal chc\u0105 \u201eklekota\u201d, <a href=\"https:\/\/motofilm.pl\/2025\/11\/po-roku-tanszy-o-55-tys-zl-europejski-suv-w-topowej-wersji-z-580-litrowym-bagaznikiem-kosztuje-teraz-120-tys-zl\/\" target=\"_blank\" rel=\"noopener nofollow\">wci\u0105\u017c znajd\u0105 jeszcze fabrycznie nowe egzemplarze starego modelu<\/a>. Warto jednak przyjrze\u0107 si\u0119 temu, co oferuje nowy Citroen.<\/p>\n<p><img loading=\"lazy\" decoding=\"async\" class=\"size-full wp-image-296129\" src=\"https:\/\/www.europesays.com\/pl\/wp-content\/uploads\/2026\/01\/citroen-c5-aircross-oferta-max.jpg\" alt=\"Zrzut ekranu oferty na Citroena C5 Aircross, fot. motofilm.pl\" width=\"1200\" height=\"451\"  \/>Zrzut ekranu oferty na Citroena C5 Aircross, fot. motofilm.pl<\/p>\n<p>Pod mask\u0105 ostatniej generacji pracuje uk\u0142ad hybrydowy o mocy 145 KM z instalacj\u0105 48 V. Silnik elektryczny zintegrowano z sze\u015bciobiegow\u0105 automatyczn\u0105 skrzyni\u0105 bieg\u00f3w z podw\u00f3jnym sprz\u0119g\u0142em. \u015arednie zu\u017cycie paliwa wynosi oko\u0142o 5,4 litra na 100 km, a w trasie da si\u0119 zej\u015b\u0107 nawet do 4,7 litra. Przy zbiorniku paliwa o pojemno\u015bci 55 litr\u00f3w Citroen mo\u017ce m\u00f3wi\u0107 o realnym zasi\u0119gu przekraczaj\u0105cym 1000 km. To dok\u0142adnie ten poziom, kt\u00f3rym chwal\u0105 si\u0119 dzi\u015b chi\u0144skie hybrydy typu plug-in.<\/p>\n<p><img loading=\"lazy\" decoding=\"async\" class=\"size-full wp-image-294060\" src=\"https:\/\/www.europesays.com\/pl\/wp-content\/uploads\/2026\/01\/citroen-c5-aircross-wnetrze-sr-2025.jpg\" alt=\"Citroen C5 Aircross - wn\u0119trze, fot. Sebastian Rydzewski, motofilm.pl \/ TVN Turbo\" width=\"1200\" height=\"900\"  \/>Citroen C5 Aircross \u2013 wn\u0119trze, fot. Sebastian Rydzewski, motofilm.pl \/ TVN Turbo<\/p>\n<p>\u0179r\u00f3d\u0142o: motofilm.pl<\/p>\n","protected":false},"excerpt":{"rendered":"Nowego Citroena C5 Aircrossa jeszcze nie nie wida\u0107 na polskich drogach, a ju\u017c stania\u0142. Topowa wersja z matrixami&hellip;\n","protected":false},"author":2,"featured_media":199017,"comment_status":"","ping_status":"","sticky":false,"template":"","format":"standard","meta":{"footnotes":"","_share_on_mastodon":"0"},"categories":[16],"tags":[113,112,6311,38369,42,38,40,39,41,2261],"class_list":["post-199016","post","type-post","status-publish","format-standard","has-post-thumbnail","category-biznes","tag-biznes","tag-business","tag-citroen","tag-citroen-c5-aircross","tag-pl","tag-poland","tag-polish","tag-polska","tag-polski","tag-suv"],"share_on_mastodon":{"url":"https:\/\/pubeurope.com\/@pl\/115875745898091371","error":""},"_links":{"self":[{"href":"https:\/\/www.europesays.com\/pl\/wp-json\/wp\/v2\/posts\/199016","targetHints":{"allow":["GET"]}}],"collection":[{"href":"https:\/\/www.europesays.com\/pl\/wp-json\/wp\/v2\/posts"}],"about":[{"href":"https:\/\/www.europesays.com\/pl\/wp-json\/wp\/v2\/types\/post"}],"author":[{"embeddable":true,"href":"https:\/\/www.europesays.com\/pl\/wp-json\/wp\/v2\/users\/2"}],"replies":[{"embeddable":true,"href":"https:\/\/www.europesays.com\/pl\/wp-json\/wp\/v2\/comments?post=199016"}],"version-history":[{"count":0,"href":"https:\/\/www.europesays.com\/pl\/wp-json\/wp\/v2\/posts\/199016\/revisions"}],"wp:featuredmedia":[{"embeddable":true,"href":"https:\/\/www.europesays.com\/pl\/wp-json\/wp\/v2\/media\/199017"}],"wp:attachment":[{"href":"https:\/\/www.europesays.com\/pl\/wp-json\/wp\/v2\/media?parent=199016"}],"wp:term":[{"taxonomy":"category","embeddable":true,"href":"https:\/\/www.europesays.com\/pl\/wp-json\/wp\/v2\/categories?post=199016"},{"taxonomy":"post_tag","embeddable":true,"href":"https:\/\/www.europesays.com\/pl\/wp-json\/wp\/v2\/tags?post=199016"}],"curies":[{"name":"wp","href":"https:\/\/api.w.org\/{rel}","templated":true}]}}