{"id":199112,"date":"2026-01-11T10:21:04","date_gmt":"2026-01-11T10:21:04","guid":{"rendered":"https:\/\/www.europesays.com\/pl\/199112\/"},"modified":"2026-01-11T10:21:04","modified_gmt":"2026-01-11T10:21:04","slug":"trump-juz-wydal-rozkaz-chodzi-o-grenlandie-szalony-plan","status":"publish","type":"post","link":"https:\/\/www.europesays.com\/pl\/199112\/","title":{"rendered":"Trump ju\u017c wyda\u0142 rozkaz. Chodzi o Grenlandi\u0119. 'Szalony plan&#8217;"},"content":{"rendered":"<p> &#8222;The Mail on Sunday&#8221;: Donald Trump wyda\u0142 rozkaz ws.\u00a0Grenlandii<\/p>\n<p class=\"art_paragraph\">Z informacji &#8222;The Mail on Sunday&#8221; wynika, \u017ce Donald Trump nakaza\u0142\u00a0Po\u0142\u0105czonemu Dow\u00f3dztwu Operacji Specjalnych przygotowanie planu inwazji na\u00a0Grenlandi\u0119. Brytyjska gazeta ustali\u0142a jednak, \u017ce szefowie sztab\u00f3w nie popieraj\u0105 tej decyzji. Maj\u0105 argumentowa\u0107, \u017ce atak na Grenlandi\u0119 by\u0142by\u00a0niezgodny z prawem\u00a0i nie uzyska\u0142by poparcia w Kongresie.<\/p>\n<p> &#8222;Genera\u0142owie uwa\u017caj\u0105 plan Trumpa dotycz\u0105cy Grenlandii za szalony i nielegalny&#8221;<\/p>\n<p class=\"art_paragraph\">Jedno ze \u017ar\u00f3de\u0142 cytowanych przez &#8222;The Mail on Sunday&#8221;\u00a0przekaza\u0142o, \u017ce <a href=\"https:\/\/wiadomosci.gazeta.pl\/general#anchorLink\" rel=\"nofollow noopener\" target=\"_blank\">genera\u0142owie<\/a> &#8222;pr\u00f3bowali odwr\u00f3ci\u0107 uwag\u0119 Trumpa&#8221; od Grenlandii. Mieli zaproponowa\u0107, aby zamiast tego ameryka\u0144skie <a href=\"https:\/\/wiadomosci.gazeta.pl\/wojsko#anchorLink\" rel=\"nofollow noopener\" target=\"_blank\">wojsko<\/a> przeprowadzi\u0142o &#8222;mniej kontrowersyjne&#8221; operacje, takie jak atak na Iran lub przechwytywanie rosyjskich statk\u00f3w nale\u017c\u0105cych do tzw. floty cieni, kt\u00f3re omijaj\u0105 mi\u0119dzynarodowe sankcje na\u0142o\u017cone na Rosj\u0119. Informator stwierdzi\u0142, \u017ce &#8222;genera\u0142owie uwa\u017caj\u0105 plan Trumpa dotycz\u0105cy Grenlandii za szalony i nielegalny&#8221;. &#8211; M\u00f3wi\u0105, \u017ce to jak radzenie sobie z pi\u0119ciolatkiem &#8211; doda\u0142.<\/p>\n<p>\n    Zobacz wideo Ameryka\u0144ska p\u00f3\u0142kula. Sto lat interwencji\n  <\/p>\n<p> Gwarancje prawne od Danii<\/p>\n<p class=\"art_paragraph\">Rozm\u00f3wcy &#8222;The Mail on Sunday&#8221;\u00a0uwa\u017caj\u0105, \u017ce cz\u0119\u015b\u0107 wsp\u00f3\u0142pracownik\u00f3w Trumpa jest\u00a0o\u015bmielona sukcesem operacji pojmania przyw\u00f3dcy Wenezueli Nicolasa Maduro i\u00a0radzi ameryka\u0144skiemu prezydentowi, aby szybko zaj\u0105\u0142 Grenlandi\u0119, zanim\u00a0Rosja lub Chiny podejm\u0105 jakiekolwiek dzia\u0142ania. Poinformowano, \u017ce w\u015br\u00f3d\u00a0zwolennik\u00f3w\u00a0takiego rozwi\u0105zania jest m.in. zast\u0119pca szefa sztabu Bia\u0142ego Domu i doradca ds. bezpiecze\u0144stwa wewn\u0119trznego USA Stephen Miller. Gazeta ustali\u0142a te\u017c, \u017ce Stany Zjednoczone mog\u0105 potencjalnie zrezygnowa\u0107 z inwazji, je\u015bli uzyskaj\u0105 gwarancje prawne od Danii. Chodzi o przyznanie USA pe\u0142nego\u00a0dost\u0119pu wojskowego do Grenlandii i uniemo\u017cliwienie\u00a0korzystania z\u00a0wyspy\u00a0Rosji i Chinom.<\/p>\n<p> Donald Trump o przej\u0119ciu przez USA kontroli nad\u00a0Grenlandi\u0105<\/p>\n<p class=\"art_paragraph\">Donald Trump argumentowa\u0142, \u017ce USA musz\u0105 przej\u0105\u0107 kontrol\u0119 nad\u00a0Grenlandi\u0105\u00a0ze wzgl\u0119d\u00f3w bezpiecze\u0144stwa. &#8211; Zrobimy co\u015b w sprawie Grenlandii, niezale\u017cnie od tego, czy im si\u0119 to podoba, czy nie. Bo je\u015bli tego nie zrobimy, Rosja albo Chiny przejm\u0105 Grenlandi\u0119, a my b\u0119dziemy mieli Rosj\u0119 albo <a href=\"https:\/\/wiadomosci.gazeta.pl\/chiny#anchorLink\" rel=\"nofollow noopener\" target=\"_blank\">Chiny<\/a> za s\u0105siada &#8211; stwierdzi\u0142. Na s\u0142owa Trumpa zareagowali\u00a0liderzy pi\u0119ciu partii reprezentowanych w grenlandzkim parlamencie.\u00a0W pi\u0105tek 9 stycznia wydali wsp\u00f3lne o\u015bwiadczenie. &#8222;Jako liderzy grenlandzkich partii chcieliby\u015bmy raz jeszcze podkre\u015bli\u0107 nasze pragnienie, aby Stany Zjednoczone sko\u0144czy\u0142y z pogard\u0105 dla naszego kraju&#8221; &#8211; przekazali.<\/p>\n<p class=\"art_paragraph\">Wi\u0119cej: Przeczytaj te\u017c artyku\u0142 <a href=\"https:\/\/wiadomosci.gazeta.pl\/swiat\/7,198075,32519851,nieoficjalnie-izrael-w-stanie-najwyzszej-gotowosci-chodzi.html\" class=\"art_link\" rel=\"dofollow noopener\" target=\"_blank\">&#8222;Nieoficjalnie: Izrael w stanie najwy\u017cszej gotowo\u015bci. Chodzi o interwencj\u0119 USA w Iranie&#8221;<\/a>.\n  <\/p>\n<p>\u0179r\u00f3d\u0142a:The Mail on Sunday, <a href=\"https:\/\/wiadomosci.gazeta.pl\/polityka\/7,198013,32518956,grenlandia-stanowczo-odpowiada-trumpowi-pogarda-dla-naszego.html\" class=\"art_link\" rel=\"dofollow noopener\" target=\"_blank\">Gazeta.pl<\/a><\/p>\n","protected":false},"excerpt":{"rendered":"&#8222;The Mail on Sunday&#8221;: Donald Trump wyda\u0142 rozkaz ws.\u00a0Grenlandii Z informacji &#8222;The Mail on Sunday&#8221; wynika, \u017ce Donald&hellip;\n","protected":false},"author":2,"featured_media":199113,"comment_status":"","ping_status":"","sticky":false,"template":"","format":"standard","meta":{"footnotes":""},"categories":[14],"tags":[32,33,27,34,35,28,31,25,40,41,80,29,30,26,82,83,84],"class_list":{"0":"post-199112","1":"post","2":"type-post","3":"status-publish","4":"format-standard","5":"has-post-thumbnail","7":"category-swiat","8":"tag-breaking-news","9":"tag-breakingnews","10":"tag-headlines","11":"tag-latest-news","12":"tag-latestnews","13":"tag-naglowki","14":"tag-najwazniejsze-artykuly","15":"tag-news","16":"tag-polish","17":"tag-polski","18":"tag-swiat","19":"tag-top-stories","20":"tag-topstories","21":"tag-wiadomosci","22":"tag-world","23":"tag-world-news","24":"tag-worldnews"},"share_on_mastodon":{"url":"https:\/\/pubeurope.com\/@pl\/115875969994237159","error":""},"_links":{"self":[{"href":"https:\/\/www.europesays.com\/pl\/wp-json\/wp\/v2\/posts\/199112","targetHints":{"allow":["GET"]}}],"collection":[{"href":"https:\/\/www.europesays.com\/pl\/wp-json\/wp\/v2\/posts"}],"about":[{"href":"https:\/\/www.europesays.com\/pl\/wp-json\/wp\/v2\/types\/post"}],"author":[{"embeddable":true,"href":"https:\/\/www.europesays.com\/pl\/wp-json\/wp\/v2\/users\/2"}],"replies":[{"embeddable":true,"href":"https:\/\/www.europesays.com\/pl\/wp-json\/wp\/v2\/comments?post=199112"}],"version-history":[{"count":0,"href":"https:\/\/www.europesays.com\/pl\/wp-json\/wp\/v2\/posts\/199112\/revisions"}],"wp:featuredmedia":[{"embeddable":true,"href":"https:\/\/www.europesays.com\/pl\/wp-json\/wp\/v2\/media\/199113"}],"wp:attachment":[{"href":"https:\/\/www.europesays.com\/pl\/wp-json\/wp\/v2\/media?parent=199112"}],"wp:term":[{"taxonomy":"category","embeddable":true,"href":"https:\/\/www.europesays.com\/pl\/wp-json\/wp\/v2\/categories?post=199112"},{"taxonomy":"post_tag","embeddable":true,"href":"https:\/\/www.europesays.com\/pl\/wp-json\/wp\/v2\/tags?post=199112"}],"curies":[{"name":"wp","href":"https:\/\/api.w.org\/{rel}","templated":true}]}}