{"id":199130,"date":"2026-01-11T10:30:14","date_gmt":"2026-01-11T10:30:14","guid":{"rendered":"https:\/\/www.europesays.com\/pl\/199130\/"},"modified":"2026-01-11T10:30:14","modified_gmt":"2026-01-11T10:30:14","slug":"klaudia-zwolinska-sportowcem-roku-2025-w-plebiscycie-przegladu-sportowego","status":"publish","type":"post","link":"https:\/\/www.europesays.com\/pl\/199130\/","title":{"rendered":"Klaudia Zwoli\u0144ska Sportowcem Roku 2025 w Plebiscycie &#8222;Przegl\u0105du Sportowego&#8221;"},"content":{"rendered":"<p>Poznali\u015bmy Sportowca Roku w Plebiscycie &#8222;Przegl\u0105du Sportowego&#8221;, je\u015bli chodzi o 2025 rok. Najlepsza okaza\u0142a si\u0119 Klaudia Zwoli\u0144ska, utytu\u0142owana polska kajakarka g\u00f3rska.<\/p>\n<p>\u00a0<\/p>\n<p>27-letnia zawodniczka z Nowego S\u0105cza przesz\u0142a do historii swojej dyscypliny, zdobywaj\u0105c w mistrzostwach \u015bwiata w Penrith medale we wszystkich trzech konkurencjach &#8211; z\u0142ote w slalomowych K1 i C1 oraz br\u0105zowy w crossie.<\/p>\n<p>\u00a0<\/p>\n<p>\u00a0<\/p>\n<p><img decoding=\"async\" src=\"https:\/\/www.europesays.com\/pl\/wp-content\/uploads\/2026\/01\/74iprijfgt67bgea6n4gthfrr3p4d4bm.jpg\" alt=\"\" itemprop=\"contentUrl\" style=\"position:absolute; width: 100%; max-height: 100%;\"\/><video controls=\"\" controlslist=\"nodownload\" poster=\"https:\/\/www.europesays.com\/pl\/wp-content\/uploads\/2026\/01\/74iprijfgt67bgea6n4gthfrr3p4d4bm.jpg\" class=\"videoPlayer player7306247 news__video\" data-id=\"7306247\">Twoja przegl\u0105darka nie wspiera odtwarzacza wideo&#8230;<\/video><\/p>\n<p>\u00a0<\/p>\n<p>Drugie miejsce zaj\u0119\u0142a Iga \u015awi\u0105tek, kt\u00f3ra aktualnie rywalizuje w turnieju United Cup 2026 w barwach reprezentacji Polski. W niedziel\u0119 11 stycznia Bia\u0142o-Czerwoni, ze \u015awi\u0105tek w sk\u0142adzie, wyst\u0105pi\u0105 w wielkim finale, w kt\u00f3rym zmierz\u0105 si\u0119 ze Szwajcari\u0105. <a href=\"https:\/\/www.polsatsport.pl\/wiadomosc\/2026-01-10\/final-united-cup-polska-szwajcaria-transmisja-tv-i-stream-online\/\" target=\"_blank\" rel=\"noopener noreferrer nofollow\">Transmisja od godziny 7.30 w Polsacie Sport 1 oraz online w Polsat Box Go.<\/a><\/p>\n<p>\u00a0<\/p>\n<p>Podium uzupe\u0142ni\u0142 Wilfredo Leon, kt\u00f3ry &#8211; podobnie jak \u015awi\u0105tek &#8211; aktualnie walczy o presti\u017cowe trofeum. Siatkarz Bogdanki LUK Lublin rywalizuje o Tauron Puchar Polski. W sobot\u0119 Leon i sp\u00f3\u0142ka wyeliminowali Indykpol AZS Olsztyn i w wielkim finale w niedziel\u0119 zmierz\u0105 si\u0119 z Asseco Resovi\u0105 Rzesz\u00f3w. <a href=\"https:\/\/www.polsatsport.pl\/wiadomosc\/2026-01-10\/bogdanka-luk-lublin-asseco-resovia-gdzie-obejrzec-mecz-transmisja-tv-stream-online\/\" target=\"_blank\" rel=\"noopener noreferrer nofollow\">Transmisja fina\u0142u od godziny 14.45 w Polsacie Sport 1, Polsat Sport Extra 2 i online w Polsat Box Go.<\/a><\/p>\n<p>\u00a0<\/p>\n<p><img decoding=\"async\" src=\"https:\/\/www.europesays.com\/pl\/wp-content\/uploads\/2026\/01\/tq8fjd3gre14yk4ghti2u4zu6cge5rk1.jpg\" alt=\"\" itemprop=\"contentUrl\" style=\"position:absolute; width: 100%; max-height: 100%;\"\/><video controls=\"\" controlslist=\"nodownload\" poster=\"https:\/\/www.europesays.com\/pl\/wp-content\/uploads\/2026\/01\/tq8fjd3gre14yk4ghti2u4zu6cge5rk1.jpg\" class=\"videoPlayer player7308774 news__video\" data-id=\"7308774\">Twoja przegl\u0105darka nie wspiera odtwarzacza wideo&#8230;<\/video><\/p>\n<p>10 najlepszych sportowc\u00f3w 2025 roku w Plebiscycie &#8222;PS&#8221;:<\/p>\n<p>1. Klaudia Zwoli\u0144ska (kajakarstwo g\u00f3rskie) <br \/>2. Iga \u015awi\u0105tek (tenis)<br \/>3. Wilfredo Leon (siatk\u00f3wka)<br \/>4. Bartosz Zmarzlik (\u017cu\u017cel)<br \/>5. Robert Kubica (wy\u015bcigi samochodowe)<br \/>6. Maria \u017bodzik (lekkoatletyka)<br \/>7. Robert Lewandowski (pi\u0142ka no\u017cna)<br \/>8. Matusz Ponitka (koszyk\u00f3wka)<br \/>9. Aleksandra Miros\u0142aw (wspinaczka sportowa)<br \/>10. Miko\u0142aj Marczyk (rajdy samochodowe)<\/p>\n<p>Polsat Sport<\/p>\n<p><a class=\"news__read-more-button\" href=\"https:\/\/www.polsatsport.pl\/\" rel=\"nofollow noopener\" target=\"_blank\">Przejd\u017a na Polsatsport.pl<\/a><img decoding=\"async\" src=\"https:\/\/www.europesays.com\/pl\/wp-content\/uploads\/2026\/01\/i7a3b3mxg44qny296e8qh3ix9354v61m.jpg\" alt=\"\" itemprop=\"contentUrl\" style=\"position:absolute; width: 100%; max-height: 100%;\"\/><video controls=\"\" controlslist=\"nodownload\" poster=\"https:\/\/www.europesays.com\/pl\/wp-content\/uploads\/2026\/01\/i7a3b3mxg44qny296e8qh3ix9354v61m.jpg\" class=\"videoPlayer player7105331 news__video\" data-id=\"7105331\">Twoja przegl\u0105darka nie wspiera odtwarzacza wideo&#8230;<\/video>PolsatSport.pl w wersji na telefony z systemem Android i iOS!<\/p>\n<p class=\"app-ad__preview\">Najnowsze informacje i wiadomo\u015bci na bie\u017c\u0105co, gdziekolwiek jeste\u015b.<\/p>\n","protected":false},"excerpt":{"rendered":"Poznali\u015bmy Sportowca Roku w Plebiscycie &#8222;Przegl\u0105du Sportowego&#8221;, je\u015bli chodzi o 2025 rok. Najlepsza okaza\u0142a si\u0119 Klaudia Zwoli\u0144ska, utytu\u0142owana&hellip;\n","protected":false},"author":2,"featured_media":199131,"comment_status":"","ping_status":"","sticky":false,"template":"","format":"standard","meta":{"footnotes":""},"categories":[5],"tags":[32,33,36,37,27,34,35,28,31,25,42,38,40,39,41,29,30,26],"class_list":{"0":"post-199130","1":"post","2":"type-post","3":"status-publish","4":"format-standard","5":"has-post-thumbnail","7":"category-naglowki","8":"tag-breaking-news","9":"tag-breakingnews","10":"tag-featured-news","11":"tag-featurednews","12":"tag-headlines","13":"tag-latest-news","14":"tag-latestnews","15":"tag-naglowki","16":"tag-najwazniejsze-artykuly","17":"tag-news","18":"tag-pl","19":"tag-poland","20":"tag-polish","21":"tag-polska","22":"tag-polski","23":"tag-top-stories","24":"tag-topstories","25":"tag-wiadomosci"},"share_on_mastodon":{"url":"https:\/\/pubeurope.com\/@pl\/115876005482441385","error":""},"_links":{"self":[{"href":"https:\/\/www.europesays.com\/pl\/wp-json\/wp\/v2\/posts\/199130","targetHints":{"allow":["GET"]}}],"collection":[{"href":"https:\/\/www.europesays.com\/pl\/wp-json\/wp\/v2\/posts"}],"about":[{"href":"https:\/\/www.europesays.com\/pl\/wp-json\/wp\/v2\/types\/post"}],"author":[{"embeddable":true,"href":"https:\/\/www.europesays.com\/pl\/wp-json\/wp\/v2\/users\/2"}],"replies":[{"embeddable":true,"href":"https:\/\/www.europesays.com\/pl\/wp-json\/wp\/v2\/comments?post=199130"}],"version-history":[{"count":0,"href":"https:\/\/www.europesays.com\/pl\/wp-json\/wp\/v2\/posts\/199130\/revisions"}],"wp:featuredmedia":[{"embeddable":true,"href":"https:\/\/www.europesays.com\/pl\/wp-json\/wp\/v2\/media\/199131"}],"wp:attachment":[{"href":"https:\/\/www.europesays.com\/pl\/wp-json\/wp\/v2\/media?parent=199130"}],"wp:term":[{"taxonomy":"category","embeddable":true,"href":"https:\/\/www.europesays.com\/pl\/wp-json\/wp\/v2\/categories?post=199130"},{"taxonomy":"post_tag","embeddable":true,"href":"https:\/\/www.europesays.com\/pl\/wp-json\/wp\/v2\/tags?post=199130"}],"curies":[{"name":"wp","href":"https:\/\/api.w.org\/{rel}","templated":true}]}}