{"id":199314,"date":"2026-01-11T12:27:07","date_gmt":"2026-01-11T12:27:07","guid":{"rendered":"https:\/\/www.europesays.com\/pl\/199314\/"},"modified":"2026-01-11T12:27:07","modified_gmt":"2026-01-11T12:27:07","slug":"ryzykowna-gra-orbana-moze-dobiec-konca-kon-trojanski-trumpa-i-putina-kurczowo-trzyma-sie-stolka-opozycja-mowi-sprawdzam","status":"publish","type":"post","link":"https:\/\/www.europesays.com\/pl\/199314\/","title":{"rendered":"Ryzykowna gra Orbana mo\u017ce dobiec ko\u0144ca. &#8222;Ko\u0144 troja\u0144ski&#8221; Trumpa i Putina kurczowo trzyma si\u0119 sto\u0142ka. Opozycja m\u00f3wi &#8222;sprawdzam&#8221;"},"content":{"rendered":"<p>Ulice Budapesztu s\u0105 obecnie pokryte billboardami przedstawiaj\u0105cymi prezydenta Ukrainy Wo\u0142odymyra Ze\u0142enskiego, a nie g\u0142\u00f3wnego przeciwnika Orbana \u2014 Petera Magyara. Przes\u0142anie to mo\u017cna podsumowa\u0107 dwoma podstawowymi has\u0142ami: &#8222;G\u0142osuj na Orbana albo czekaj na wojn\u0119&#8221; i &#8222;G\u0142osuj na Orbana albo wszystkie twoje pieni\u0105dze trafi\u0105 do Ukrainy&#8221;.<\/p>\n<p>Opozycyjna Partia Tisza Magyara prowadzi w sonda\u017cach, a w obliczu mo\u017cliwej kl\u0119ski w\u0119gierski rz\u0105d anga\u017cuje si\u0119 w ra\u017c\u0105ce manipulacje wyborcze. Na zachowaniu go u w\u0142adzy zale\u017cy jednak \u015bwiatowym graczom \u2014 i to z podobnych powod\u00f3w.<\/p>\n<p class=\"ods-c-paragraph \">Przyk\u0142ady manipulacji w\u0119gierskiego rz\u0105du pod przewodnictwem Orbana mo\u017cna mno\u017cy\u0107. W\u0142adze w Budapeszcie wprowadzi\u0142y na przyk\u0142ad 14. wyp\u0142at\u0119 wynagrodzenia dla wyborc\u00f3w pomimo <a href=\"https:\/\/wiadomosci.onet.pl\/swiat\/sparalizowana-gospodarka-wegier-viktor-orban-ma-coraz-wieksze-klopoty\/0w656j0\" id=\"32630fde-8f4c-46d1-a5db-0d0649dfdd7b\" rel=\"nofollow noopener\" target=\"_blank\">stagnacji gospodarczej i deficytu bud\u017cetowego<\/a>. Zrobi\u0142y to tylko po to, aby nast\u0119pnego dnia og\u0142osi\u0107, \u017ce zar\u00f3wno 13., jak i 14. wynagrodzenie zostan\u0105 w przysz\u0142o\u015bci zniesione.<\/p>\n<p class=\"ods-c-paragraph \">Orban za problemy W\u0119gier pr\u00f3buje obwini\u0107 UE i Kij\u00f3w. Twierdzi na przyk\u0142ad, \u017ce unia chce przekaza\u0107 800 mld euro (3 bln 367 mld z\u0142, licz\u0105c po obecnym kursie wymiany walutowej) Ukrainie. Jest to nieprawda \u2014 kwota ta pojawia\u0142a si\u0119 w kontek\u015bcie ca\u0142o\u015bciowych wydatk\u00f3w potrzebny do odbudowy gospodarczej Ukrainie po wojnie.<\/p>\n<p>Dalszy ci\u0105g artyku\u0142u pod materia\u0142em wideo<\/p>\n<p class=\"ods-c-paragraph \">Ministerstwo Spraw Zagranicznych W\u0119gier szerzy strach w spo\u0142ecze\u0144stwie, o\u015bwiadczaj\u0105c, \u017ce <a href=\"https:\/\/www.onet.pl\/informacje\/onetwiadomosci\/jasna-deklaracja-viktora-orbana-chodzi-o-wybory-na-wegrzech\/m1yhc0c,79cfc278\" id=\"dbfd58cf-6f35-4a88-b4ac-c60056ddc840\" rel=\"nofollow noopener\" target=\"_blank\">ewentualna pora\u017cka Orbana w nast\u0119pnych wyborach<\/a> wywo\u0142a wojn\u0119 w ca\u0142ej Europie. Kampania ta otrzyma\u0142a bezpo\u015brednie wsparcie ze strony Waszyngtonu, gdy prezydent Trump wys\u0142a\u0142 do Orbana list, w kt\u00f3rym \u017cyczy\u0142 mu sukces\u00f3w i chwali\u0142 w\u0119gierskiego przyw\u00f3dc\u0119. Orban niezw\u0142ocznie udost\u0119pni\u0142 to o\u015bwiadczenie w mediach spo\u0142eczno\u015bciowych.<\/p>\n<p>Podw\u00f3jny &#8222;ko\u0144 troja\u0144ski&#8221; w Europie<\/p>\n<p class=\"ods-c-paragraph \">Administracja Trumpa i Kreml maj\u0105 wsp\u00f3lny interes w utrzymaniu Orbana u w\u0142adzy w Budapeszcie.<\/p>\n<blockquote class=\"ods-o-quota\">\n<p class=\"ods-o-quota__paragraph\">Zar\u00f3wno Waszyngton, jak i Moskwa postrzegaj\u0105 w\u0119gierskiego przyw\u00f3dc\u0119 jako niezb\u0119dne narz\u0119dzie zapobiegania osi\u0105gni\u0119ciu przez Uni\u0119 Europejsk\u0105 strategicznego konsensusu w kwestiach bezpiecze\u0144stwa.<\/p>\n<\/blockquote>\n<p class=\"ods-c-paragraph \">Podczas gdy Rosja postrzega konsensus w UE w sprawie traktowania Moskwy jako wielkie zagro\u017cenie, Bia\u0142y Dom Trumpa czerpie korzy\u015bci z posiadania rozsadnika w Europie, kt\u00f3ry nieustannie os\u0142abia dzia\u0142ania Brukseli.<\/p>\n<p class=\"ods-c-paragraph \">Administracja Trumpa <a href=\"https:\/\/wiadomosci.onet.pl\/swiat\/wegry-nie-zostaly-bezterminowo-wylaczone-z-sankcji-usa-na-rosje-tylko-na-rok\/wv14q63\" id=\"218208f9-7c7d-47cd-bffe-efc2158edb4c\" rel=\"nofollow noopener\" target=\"_blank\">przyzna\u0142a W\u0119grom specjalne zwolnienia dotycz\u0105ce zakupu rosyjskich zasob\u00f3w energetycznych<\/a>. Z jednej strony Amerykanie zapewnili Kremlowi dop\u0142yw \u015brodk\u00f3w finansowych \u2014 a z drugiej pomogli ustabilizowa\u0107 re\u017cim Orbana w okresie wyborczym. Ta ameryka\u0144ska ingerencja wykracza poza W\u0119gry, poniewa\u017c Bia\u0142y Dom jest zaanga\u017cowany w dzia\u0142ania wyborcze w Niemczech, Rumunii i Bu\u0142garii w ramach szerszej strategii os\u0142abiania europejskiej konsolidacji politycznej.<\/p>\n<p class=\"ods-c-paragraph \">Dla Kremla Orban stanowi g\u0142os w UE, kt\u00f3ry kwestionuje transformacj\u0119 bezpiecze\u0144stwa bloku. Dla Trumpa w\u0119gierski przyw\u00f3dca stanowi okazj\u0119 do wykorzystania podzia\u0142\u00f3w w Europie dla osi\u0105gni\u0119cia korzy\u015bci gospodarczych i geopolitycznych, co przypomina pozycj\u0119 Ameryki podczas wojen \u015bwiatowych.<\/p>\n<p><img decoding=\"async\" src=\"https:\/\/www.europesays.com\/pl\/wp-content\/uploads\/2026\/01\/ICEk9lBaHR0cHM6Ly9vY2RuLmV1L3B1bHNjbXMvTURBXy85ZjE5MjhkZjUyMWNmZmQ2NGQ5YjNhZmFmM2RmZTFiOC5qcGeRlQLNB.jpeg\" height=\"732\" width=\"940\" alt=\"Viktor Orban i W\u0142adimir Putin\" loading=\"lazy\" class=\"ods-c-image__img ods-c-image__img--viewport-width\"\/><\/p>\n<p>Viktor Orban i W\u0142adimir PutinContributor\/Getty Images \/ Getty Images<\/p>\n<p class=\"ods-c-paragraph \">Jak na ironi\u0119, podczas gdy Orban krytykuje rzekom\u0105 &#8222;ingerencj\u0119 Brukseli i Kijowa&#8221;, aktywnie przyjmuje i zach\u0119ca do interwencji Moskwy i Waszyngtonu, zajmuj\u0105c pozycj\u0119, kt\u00f3r\u0105 analitycy opisuj\u0105 jako &#8222;zamro\u017cony aktyw&#8221; Putina i Trumpa \u2014 lub <a href=\"https:\/\/wiadomosci.onet.pl\/politico\/kon-trojanski-putina-w-niemczech-realizuja-liste-zadan-przydzielonych-przez-kreml\/ld2xbyy\" id=\"ede35971-f2bc-4732-bde6-6bc8914f090d\" rel=\"nofollow noopener\" target=\"_blank\">troja\u0144ski ko\u0144 dzia\u0142aj\u0105cy w samym sercu Europy<\/a>.<\/p>\n","protected":false},"excerpt":{"rendered":"Ulice Budapesztu s\u0105 obecnie pokryte billboardami przedstawiaj\u0105cymi prezydenta Ukrainy Wo\u0142odymyra Ze\u0142enskiego, a nie g\u0142\u00f3wnego przeciwnika Orbana \u2014 Petera&hellip;\n","protected":false},"author":2,"featured_media":199315,"comment_status":"","ping_status":"","sticky":false,"template":"","format":"standard","meta":{"footnotes":""},"categories":[14],"tags":[56,32,33,44,27,34,35,28,31,48,25,46,40,41,47,80,29,30,415,2669,2670,26,408,82,83,84],"class_list":{"0":"post-199314","1":"post","2":"type-post","3":"status-publish","4":"format-standard","5":"has-post-thumbnail","7":"category-swiat","8":"tag-article_premium","9":"tag-breaking-news","10":"tag-breakingnews","11":"tag-donald_trump","12":"tag-headlines","13":"tag-latest-news","14":"tag-latestnews","15":"tag-naglowki","16":"tag-najwazniejsze-artykuly","17":"tag-nat_styl","18":"tag-news","19":"tag-omp","20":"tag-polish","21":"tag-polski","22":"tag-screening_general","23":"tag-swiat","24":"tag-top-stories","25":"tag-topstories","26":"tag-ukraina","27":"tag-viktor_orban","28":"tag-wegry","29":"tag-wiadomosci","30":"tag-wladimir_putin","31":"tag-world","32":"tag-world-news","33":"tag-worldnews"},"share_on_mastodon":{"url":"https:\/\/pubeurope.com\/@pl\/115876466609938085","error":""},"_links":{"self":[{"href":"https:\/\/www.europesays.com\/pl\/wp-json\/wp\/v2\/posts\/199314","targetHints":{"allow":["GET"]}}],"collection":[{"href":"https:\/\/www.europesays.com\/pl\/wp-json\/wp\/v2\/posts"}],"about":[{"href":"https:\/\/www.europesays.com\/pl\/wp-json\/wp\/v2\/types\/post"}],"author":[{"embeddable":true,"href":"https:\/\/www.europesays.com\/pl\/wp-json\/wp\/v2\/users\/2"}],"replies":[{"embeddable":true,"href":"https:\/\/www.europesays.com\/pl\/wp-json\/wp\/v2\/comments?post=199314"}],"version-history":[{"count":0,"href":"https:\/\/www.europesays.com\/pl\/wp-json\/wp\/v2\/posts\/199314\/revisions"}],"wp:featuredmedia":[{"embeddable":true,"href":"https:\/\/www.europesays.com\/pl\/wp-json\/wp\/v2\/media\/199315"}],"wp:attachment":[{"href":"https:\/\/www.europesays.com\/pl\/wp-json\/wp\/v2\/media?parent=199314"}],"wp:term":[{"taxonomy":"category","embeddable":true,"href":"https:\/\/www.europesays.com\/pl\/wp-json\/wp\/v2\/categories?post=199314"},{"taxonomy":"post_tag","embeddable":true,"href":"https:\/\/www.europesays.com\/pl\/wp-json\/wp\/v2\/tags?post=199314"}],"curies":[{"name":"wp","href":"https:\/\/api.w.org\/{rel}","templated":true}]}}