{"id":199318,"date":"2026-01-11T12:29:10","date_gmt":"2026-01-11T12:29:10","guid":{"rendered":"https:\/\/www.europesays.com\/pl\/199318\/"},"modified":"2026-01-11T12:29:10","modified_gmt":"2026-01-11T12:29:10","slug":"awantura-w-studiu-polityk-konfederacji-nazwal-posla-lewicy-kibolem-politycznym","status":"publish","type":"post","link":"https:\/\/www.europesays.com\/pl\/199318\/","title":{"rendered":"Awantura w studiu. Polityk Konfederacji nazwa\u0142 pos\u0142a Lewicy &#8222;kibolem politycznym&#8221;"},"content":{"rendered":"<ul class=\"UnorderedList_container__nmfSl\">\n<li class=\"UnorderedList_listElement__Py7xi\" data-id=\"ai-summary-link\">Du\u017co czytania, a ma\u0142o czasu? Sprawd\u017a\u00a0skr\u00f3t\u00a0artyku\u0142u<\/li>\n<\/ul>\n<p class=\"Paragraph_desktopParagraph__U31Gm\">W pierwszej cz\u0119\u015bci programu &#8222;7. Dzie\u0144 Tygodnia&#8221; dyskusja toczy\u0142a si\u0119 wok\u00f3\u0142 <a href=\"https:\/\/wiadomosci.onet.pl\/kraj\/politycy-reaguja-na-weta-prezydenta-pochopna-i-krotkowzroczna-decyzja\/h0d9wj4\" id=\"40d0efe2-3945-45a2-95ae-7dc5cd6fb2fd\" rel=\"nofollow noopener\" target=\"_blank\">prezydenckiego weta ustawy cyfrowej<\/a>. Karol Nawrocki poinformowa\u0142 w pi\u0105tek o zawetowaniu trzech kolejnych ustaw, w tym tej, kt\u00f3ra mia\u0142a wprowadzi\u0107 w Polsce unijny Akt o us\u0142ugach cyfrowych (Digital Services Act \u2014 DSA).<\/p>\n<ul class=\"OchatFollowUps_wrapper__1ry7X\">\n<li class=\"OchatFollowUps_item__Dhyly OchatFollowUps_itemDesktop__R6aBv\">Jakie ustawy zosta\u0142y zawetowane przez prezydenta?<\/li>\n<li class=\"OchatFollowUps_item__Dhyly OchatFollowUps_itemDesktop__R6aBv\">Kto prowadzi\u0142 program '7. Dzie\u0144 Tygodnia&#8217;?<\/li>\n<li class=\"OchatFollowUps_item__Dhyly OchatFollowUps_itemDesktop__R6aBv\">O co chodzi\u0142o w k\u0142\u00f3tni mi\u0119dzy politykami?<\/li>\n<li class=\"OchatFollowUps_item__Dhyly OchatFollowUps_itemDesktop__R6aBv\">Co robi\u0142 prezydent Karol Nawrocki na Jasnej G\u00f3rze?<\/li>\n<\/ul>\n<p class=\"Paragraph_desktopParagraph__U31Gm\">\u2014 Chc\u0119 poda\u0107 taki bardzo prosty przyk\u0142ad na to, na co zgodzi\u0142 si\u0119 prezydent i co on akceptuje. Na wielu platformach streamingowych s\u0105 r\u00f3\u017cne akcje live&#8217;owe. Spotykaj\u0105 si\u0119 ludzie, pij\u0105 alkohol, robi\u0105 awantury, robi\u0105 cz\u0119sto zadym\u0119, bij\u0105 si\u0119 po twarzy i nie tylko po twarzy. Na bazie tych przepis\u00f3w mo\u017cna by tak\u0105 platform\u0119 streamingow\u0105 zg\u0142osi\u0107 i j\u0105 wyeliminowa\u0107, pr\u00f3bowa\u0107 j\u0105 wyeliminowa\u0107, a teraz pan prezydent pozwoli\u0142 na to, \u017ce oni dalej b\u0119d\u0105 to robi\u0107. Ja si\u0119 w sumie nie dziwi\u0119, bo je\u017celi pan prezydent by\u0142 wczoraj z kibolami, z bandytami na Jasnej G\u00f3rze, to ja si\u0119 nie dziwi\u0119, \u017ce on do tego \u015brodowiska uderza&#8230; \u2014 oznajmi\u0142 pose\u0142 Lewicy Tomasz Trela. Nawi\u0105za\u0142 przy tym do <a href=\"https:\/\/wiadomosci.onet.pl\/kraj\/karol-nawrocki-na-jasnej-gorze-tak-zwrocil-sie-do-kibicow-nikt-nie-powstrzyma\/57bjqtp\" id=\"e5c78daf-45c7-4c78-a2c8-3baf4548b6c2\" rel=\"nofollow noopener\" target=\"_blank\">sobotniej pielgrzymki prezydenta z kibicami na Jasn\u0105 G\u00f3r\u0119<\/a>.<\/p>\n<p class=\"Paragraph_desktopParagraph__U31Gm\">Jego wypowied\u017a przerwa\u0142 polityk Konfederacji \u0141ukasz Rzepecki. \u2014 To s\u0105 polscy patrioci, nie kibole. (&#8230;) Nie dziwi\u0119 si\u0119, \u017ce przegrywacie jedne wybory prezydenckie za drugimi \u2014 m\u00f3wi\u0142.<\/p>\n<p>Awantura w studiu. Prowadz\u0105cy pr\u00f3bowa\u0142 ostudzi\u0107 emocje <\/p>\n<p class=\"Paragraph_desktopParagraph__U31Gm\">Emocje w studiu usi\u0142owa\u0142 ostudzi\u0107 Andrzej Stankiewicz. Polityk Konfederacji zacz\u0105\u0142 jednak domaga\u0107 si\u0119 od pos\u0142a Lewicy przeprosin dla kibic\u00f3w. \u2014 Niech pan przeprosi polskich kibic\u00f3w, pan ich obra\u017ca. Najpierw obra\u017ca pan Konfederacj\u0119, \u017ce jeste\u015bmy brunatni&#8230; \u2014 zacz\u0105\u0142 swoj\u0105 wypowied\u017a.<\/p>\n<p class=\"Paragraph_desktopParagraph__U31Gm\">\u2014 Jeste\u015bcie brunatni \u2014 stwierdzi\u0142 pose\u0142 Trela.<\/p>\n<p class=\"Paragraph_desktopParagraph__U31Gm\">\u2014 Jeste\u015bmy bia\u0142o-czerwon\u0105 Konfederacj\u0105, dla nas polskie sprawy s\u0105 najwa\u017cniejsze. Niech pan nie obra\u017ca, zachowuje si\u0119 pan niegrzecznie \u2014 m\u00f3wi\u0142 Rzepecki.<\/p>\n<p class=\"Paragraph_desktopParagraph__U31Gm\">Prowadz\u0105cy program zn\u00f3w pr\u00f3bowa\u0142 interweniowa\u0107 i przerwa\u0107 k\u0142\u00f3tni\u0119 polityk\u00f3w.<\/p>\n<p class=\"Paragraph_desktopParagraph__U31Gm\">\u2014 Nie pozwol\u0119 obra\u017ca\u0107 polskich kibic\u00f3w, polskich patriot\u00f3w, a nie kiboli. Kibolem to pan jest politycznym&#8230; \u2014 przerwa\u0142 mu polityk Konfederacji, zwracaj\u0105c si\u0119 do pos\u0142a Treli.<\/p>\n<p class=\"Paragraph_desktopParagraph__U31Gm\">\u2014 Panie po\u015ble! \u2014 upomnia\u0142 go Andrzej Stankiewicz.<\/p>\n<p class=\"Paragraph_desktopParagraph__U31Gm\">\u2014 Niech pan nie krzyczy na mnie \u2014 odpowiedzia\u0142 dziennikarzowi \u0141ukasz Rzepecki.<\/p>\n<p class=\"Paragraph_desktopParagraph__U31Gm\">\u2014 Pan przerywa ca\u0142y czas program \u2014 zaznaczy\u0142 prowadz\u0105cy.<\/p>\n<p class=\"Paragraph_desktopParagraph__U31Gm\">\u2014 Bo on [pose\u0142 Trela] ca\u0142y czas obra\u017ca. Najpierw Konfederacj\u0119 obrazi\u0142, by\u0142em spokojny, wytrzyma\u0142em&#8230;ale nie polskich kibic\u00f3w \u2014 skontrowa\u0142 Rzepecki.<\/p>\n<p class=\"Paragraph_desktopParagraph__U31Gm\">\u2014 Je\u015bli w\u015br\u00f3d ludzi, kt\u00f3rzy byli na Jasnej G\u00f3rze z prezydentem, s\u0105 przest\u0119pcy stadionowi, to wy jeste\u015bcie rz\u0105dem, macie policj\u0119, MSW, prokuratur\u0119, \u015bcigajcie ich \u2014 zwr\u00f3ci\u0142 si\u0119 Andrzej Stankiewicz do pos\u0142a Treli.<\/p>\n<p class=\"Paragraph_desktopParagraph__U31Gm\">\u2014 Tam byli kibole, tam nie byli kibice, tzw. pikniki, kt\u00f3rzy chodz\u0105 z ca\u0142ymi rodzinami na stadiony i kibicuj\u0105. Tam pojechali przedstawiciele klub\u00f3w pi\u0142karskich i do takich \u015brodowisk uderza Karol Nawrocki. B\u0119d\u0119 m\u00f3wi\u0142 o tym bardzo twardo, a was b\u0119d\u0119 nazywa\u0142 brunatn\u0105 Konfederacj\u0105, brunatn\u0105 prawic\u0105 \u2014 zwr\u00f3ci\u0142 si\u0119 do pos\u0142a Rzepeckiego.<\/p>\n","protected":false},"excerpt":{"rendered":"Du\u017co czytania, a ma\u0142o czasu? Sprawd\u017a\u00a0skr\u00f3t\u00a0artyku\u0142u W pierwszej cz\u0119\u015bci programu &#8222;7. Dzie\u0144 Tygodnia&#8221; dyskusja toczy\u0142a si\u0119 wok\u00f3\u0142 prezydenckiego&hellip;\n","protected":false},"author":2,"featured_media":199319,"comment_status":"","ping_status":"","sticky":false,"template":"","format":"standard","meta":{"footnotes":""},"categories":[5],"tags":[6774,32,33,36,37,27,240,9880,34,35,9556,28,31,53,25,52,68,51,55,42,38,40,39,41,47,4413,29,30,65,50,8206,26],"class_list":{"0":"post-199318","1":"post","2":"type-post","3":"status-publish","4":"format-standard","5":"has-post-thumbnail","7":"category-naglowki","8":"tag-7_dzien_tygodnia","9":"tag-breaking-news","10":"tag-breakingnews","11":"tag-featured-news","12":"tag-featurednews","13":"tag-headlines","14":"tag-karol_nawrocki_prezydent","15":"tag-kibice","16":"tag-latest-news","17":"tag-latestnews","18":"tag-lukasz_rzepecki","19":"tag-naglowki","20":"tag-najwazniejsze-artykuly","21":"tag-new_header","22":"tag-news","23":"tag-onet3","24":"tag-onet3d","25":"tag-onet3d_2i","26":"tag-phx","27":"tag-pl","28":"tag-poland","29":"tag-polish","30":"tag-polska","31":"tag-polski","32":"tag-screening_general","33":"tag-tomasz_trela","34":"tag-top-stories","35":"tag-topstories","36":"tag-update_me","37":"tag-v2021","38":"tag-weto","39":"tag-wiadomosci"},"share_on_mastodon":{"url":"","error":""},"_links":{"self":[{"href":"https:\/\/www.europesays.com\/pl\/wp-json\/wp\/v2\/posts\/199318","targetHints":{"allow":["GET"]}}],"collection":[{"href":"https:\/\/www.europesays.com\/pl\/wp-json\/wp\/v2\/posts"}],"about":[{"href":"https:\/\/www.europesays.com\/pl\/wp-json\/wp\/v2\/types\/post"}],"author":[{"embeddable":true,"href":"https:\/\/www.europesays.com\/pl\/wp-json\/wp\/v2\/users\/2"}],"replies":[{"embeddable":true,"href":"https:\/\/www.europesays.com\/pl\/wp-json\/wp\/v2\/comments?post=199318"}],"version-history":[{"count":0,"href":"https:\/\/www.europesays.com\/pl\/wp-json\/wp\/v2\/posts\/199318\/revisions"}],"wp:featuredmedia":[{"embeddable":true,"href":"https:\/\/www.europesays.com\/pl\/wp-json\/wp\/v2\/media\/199319"}],"wp:attachment":[{"href":"https:\/\/www.europesays.com\/pl\/wp-json\/wp\/v2\/media?parent=199318"}],"wp:term":[{"taxonomy":"category","embeddable":true,"href":"https:\/\/www.europesays.com\/pl\/wp-json\/wp\/v2\/categories?post=199318"},{"taxonomy":"post_tag","embeddable":true,"href":"https:\/\/www.europesays.com\/pl\/wp-json\/wp\/v2\/tags?post=199318"}],"curies":[{"name":"wp","href":"https:\/\/api.w.org\/{rel}","templated":true}]}}