{"id":199320,"date":"2026-01-11T12:30:11","date_gmt":"2026-01-11T12:30:11","guid":{"rendered":"https:\/\/www.europesays.com\/pl\/199320\/"},"modified":"2026-01-11T12:30:11","modified_gmt":"2026-01-11T12:30:11","slug":"marianna-schreiber-kibicowala-piotr-korczarowski-powalczyl-do-konca","status":"publish","type":"post","link":"https:\/\/www.europesays.com\/pl\/199320\/","title":{"rendered":"Marianna Schreiber kibicowa\u0142a, Piotr Korczarowski powalczy\u0142 do ko\u0144ca"},"content":{"rendered":"\n<p class=\"contentpart contentpart--default contentpart--text\" data-position=\"0\"><a href=\"https:\/\/sportowefakty.wp.pl\/sportowybar\/piotr-korczarowski\" rel=\"nofollow noopener\" target=\"_blank\">Piotr Korczarowski<\/a>\u00a0wszed\u0142 do oktagonu <a href=\"https:\/\/sportowefakty.wp.pl\/sporty-walki\/prime-show-mma\" rel=\"nofollow noopener\" target=\"_blank\">Prime MMA<\/a>\u00a0po raz drugi. Przed pierwszym wyst\u0119pem polityk by\u0142 bohaterem konferencji prasowych, ale w walce z Mariuszem &#8222;D\u017cag\u0105&#8221; Z\u0105bkowskim pokaza\u0142 ma\u0142o ciekawego. Zosta\u0142 zdyskwalifikowany za nieprzepisowe ciosy i ma\u0142o wskazywa\u0142o na to, \u017ce nauczy\u0142 si\u0119 ich poprawnego wyprowadzania przed walk\u0105.<\/p>\n<p class=\"contentpart contentpart--default contentpart--text\" data-position=\"1\">Ledwo rozpocz\u0119\u0142y si\u0119 przygotowania do 15. edycji Prime MMA, a Piotr Korczarowski ju\u017c sko\u0144czy\u0142 z podbitym okiem. By\u0142 to efekt potyczki z <a href=\"https:\/\/sportowefakty.wp.pl\/sportowybar\/jas-kapela\" rel=\"nofollow noopener\" target=\"_blank\">Jasiem Kapel\u0105<\/a>\u00a0na konferencji prasowej, kt\u00f3ry jednak nie by\u0142 przeciwnikiem \u017cyciowego partnera <a href=\"https:\/\/sportowefakty.wp.pl\/sportowybar\/marianna-schreiber\" rel=\"nofollow noopener\" target=\"_blank\">Marianny Schreiber<\/a>\u00a0na karcie walk. Organizacja zestawi\u0142a go z Jakubem &#8222;Paramaxilem&#8221; Fr\u0105czkiem.<\/p>\n<p> <img role=\"presentation\" src=\"https:\/\/std.wpcdn.pl\/images\/adv\/placeholder_wp.svg\" loading=\"lazy\" alt=\"\" decoding=\"async\"\/>  <\/p>\n<p class=\"contentpart contentpart--default contentpart--text\" data-position=\"2\">Piotr Korczarowski wyst\u0105pi\u0142 jako obro\u0144ca konserwatywnych warto\u015bci, &#8222;Paramaxil&#8221; zwolennikiem swobody w obyczajach.<\/p>\n<p class=\"contentpart contentpart--default contentpart--text\" data-position=\"3\">ZOBACZ WIDEO: #dziejesiewsporcie: Gol z po\u0142owy boiska. Mo\u017cna ogl\u0105da\u0107 i ogl\u0105da\u0107<\/p>\n<p class=\"contentpart contentpart--default contentpart--text\" data-position=\"5\">Wojownicy ruszyli na siebie, jakby postawili sobie za punkt honoru najwcze\u015bniejszy nokaut wieczoru. Rzucanie na lewo i prawo pi\u0119\u015bciami kosztowa\u0142o du\u017co energii, przez co po minucie wymiany straci\u0142y impet. W pewnym momencie Piotr Korczarowski wygl\u0105da\u0142 na zamroczonego, ale wybroni\u0142 si\u0119 bez problemu. Im dalej by\u0142o w walk\u0119, tym tempo spada\u0142o.<\/p>\n<p class=\"contentpart contentpart--default contentpart--text\" data-position=\"6\">&#8222;Paramaxil&#8221;, zgodnie z deklaracjami, w og\u00f3le nie trenowa\u0142 przed walk\u0105 z politykiem, co odbi\u0142o si\u0119 na jego kondycji w drugiej rundzie. &#8211; On nie ma si\u0142, seriami Piotrek &#8211; mobilizowa\u0142a Marianna Schreiber swojego ukochanego, ale i Korczarowski zacz\u0105\u0142 bi\u0107 ciosy praktycznie bez wagi.<\/p>\n<p> <img role=\"presentation\" src=\"https:\/\/std.wpcdn.pl\/images\/adv\/placeholder_wp.svg\" loading=\"lazy\" alt=\"\" decoding=\"async\"\/>  <\/p>\n<p class=\"contentpart contentpart--default contentpart--text\" data-position=\"7\">Na minut\u0119 przed ko\u0144cem wojownicy nawet nie udawali, \u017ce pozosta\u0142 im jakikolwiek inny atut ni\u017c charakter. Sze\u015b\u0107 minut to by\u0142o zdecydowanie za du\u017co dla obu, wi\u0119c musieli decydowa\u0107 s\u0119dziowie. Jednog\u0142o\u015bna decyzja oznacza\u0142a zwyci\u0119stwo &#8222;Paramaxila&#8221;, cho\u0107 by\u0142y wsp\u00f3\u0142pracownik <a href=\"https:\/\/sportowefakty.wp.pl\/inne\/grzegorz-braun\" rel=\"nofollow noopener\" target=\"_blank\">Grzegorza Brauna<\/a>\u00a0wygl\u0105da\u0142 na rozczarowanego.<\/p>\n","protected":false},"excerpt":{"rendered":"Piotr Korczarowski\u00a0wszed\u0142 do oktagonu Prime MMA\u00a0po raz drugi. Przed pierwszym wyst\u0119pem polityk by\u0142 bohaterem konferencji prasowych, ale w&hellip;\n","protected":false},"author":2,"featured_media":199321,"comment_status":"","ping_status":"","sticky":false,"template":"","format":"standard","meta":{"footnotes":""},"categories":[24],"tags":[38447,38448,42,38,40,39,41,7754,127,126],"class_list":{"0":"post-199320","1":"post","2":"type-post","3":"status-publish","4":"format-standard","5":"has-post-thumbnail","7":"category-sport","8":"tag-hala-mosir-w-pulawach","9":"tag-jakub","10":"tag-pl","11":"tag-poland","12":"tag-polish","13":"tag-polska","14":"tag-polski","15":"tag-pulawy","16":"tag-sport","17":"tag-sports"},"share_on_mastodon":{"url":"https:\/\/pubeurope.com\/@pl\/115876477528996157","error":""},"_links":{"self":[{"href":"https:\/\/www.europesays.com\/pl\/wp-json\/wp\/v2\/posts\/199320","targetHints":{"allow":["GET"]}}],"collection":[{"href":"https:\/\/www.europesays.com\/pl\/wp-json\/wp\/v2\/posts"}],"about":[{"href":"https:\/\/www.europesays.com\/pl\/wp-json\/wp\/v2\/types\/post"}],"author":[{"embeddable":true,"href":"https:\/\/www.europesays.com\/pl\/wp-json\/wp\/v2\/users\/2"}],"replies":[{"embeddable":true,"href":"https:\/\/www.europesays.com\/pl\/wp-json\/wp\/v2\/comments?post=199320"}],"version-history":[{"count":0,"href":"https:\/\/www.europesays.com\/pl\/wp-json\/wp\/v2\/posts\/199320\/revisions"}],"wp:featuredmedia":[{"embeddable":true,"href":"https:\/\/www.europesays.com\/pl\/wp-json\/wp\/v2\/media\/199321"}],"wp:attachment":[{"href":"https:\/\/www.europesays.com\/pl\/wp-json\/wp\/v2\/media?parent=199320"}],"wp:term":[{"taxonomy":"category","embeddable":true,"href":"https:\/\/www.europesays.com\/pl\/wp-json\/wp\/v2\/categories?post=199320"},{"taxonomy":"post_tag","embeddable":true,"href":"https:\/\/www.europesays.com\/pl\/wp-json\/wp\/v2\/tags?post=199320"}],"curies":[{"name":"wp","href":"https:\/\/api.w.org\/{rel}","templated":true}]}}