{"id":199425,"date":"2026-01-11T13:38:04","date_gmt":"2026-01-11T13:38:04","guid":{"rendered":"https:\/\/www.europesays.com\/pl\/199425\/"},"modified":"2026-01-11T13:38:04","modified_gmt":"2026-01-11T13:38:04","slug":"katarzyna-pelczynska-nalecz-odslania-majatek-tak-wspiera-polske-2050","status":"publish","type":"post","link":"https:\/\/www.europesays.com\/pl\/199425\/","title":{"rendered":"Katarzyna Pe\u0142czy\u0144ska-Na\u0142\u0119cz ods\u0142ania maj\u0105tek. Tak wspiera Polsk\u0119 2050"},"content":{"rendered":"<p class=\"article-p\" data-section=\"detail-body\">&#8222;Tak odbudujemy Polsk\u0119 2050 i z now\u0105, wi\u0119ksz\u0105 si\u0142\u0105 b\u0119dziemy dalej zmienia\u0107 Polsk\u0119&#8221; \u2014 napisa\u0142a Katarzyna Pe\u0142czy\u0144ska-Na\u0142\u0119cz w mediach spo\u0142eczno\u015bciowych po<a href=\"https:\/\/www.fakt.pl\/polityka\/pelczynska-nalecz-i-hennig-kloska-w-ii-turze-wyborow-na-szefa-polski-2050\/s065xmk\" id=\"e973c920-797f-468f-a12c-ddb0c6082661\" rel=\"nofollow noopener\" target=\"_blank\"> I turze wybor\u00f3w szefa Polski 2050<\/a>. Podzi\u0119kowa\u0142a innym kandydatom, w tym Paulinie Hennig-Klosce, z kt\u00f3r\u0105 w poniedzia\u0142ek (12 stycznia) zmierzy si\u0119 w II turze.<\/p>\n<p class=\"article-p\" data-section=\"detail-body\">Przy okazji wybor\u00f3w zajrzeli\u015bmy do ostatnich o\u015bwiadcze\u0144 maj\u0105tkowych minister funduszy i polityki regionalnej. <\/p>\n<p class=\"article-p\" data-section=\"detail-body\"><a href=\"https:\/\/www.fakt.pl\/polityka\/to-jeszcze-nie-jest-koniec-polski-2050-ma-do-odegrania-potezna-role\/rsxvw28\" id=\"760dad2b-71b3-4b22-9a2a-92f6924fdad8\" rel=\"nofollow noopener\" target=\"_blank\">Wybory w Polsce 2050 ju\u017c 10 stycznia. Nowy lider stanie przed ogromnym wyzwaniem<\/a><\/p>\n<p>        Imponuj\u0105ce oszcz\u0119dno\u015bci<\/p>\n<p class=\"article-p\" data-section=\"detail-body\">Katarzyna Pe\u0142czy\u0144ska-Na\u0142\u0119cz, by\u0142a ambasador RP w Moskwie, a obecnie szefowa funduszy i polityki regionalnej Polski w swoim ostatnim o\u015bwiadczeniu maj\u0105tkowym (stan na koniec grudnia 2024 r.) ujawni\u0142a imponuj\u0105ce oszcz\u0119dno\u015bci. Na kontach (wsp\u00f3lnie z ma\u0142\u017conkiem) zgromadzi\u0142a blisko 168 tys. z\u0142 , 65 tys. euro, 3,8 tys. dol. oraz 9 tys. frank\u00f3w szwajcarskich. Razem daje to got\u00f3wk\u0119 w kwocie 560,5 tys. z\u0142. Opr\u00f3cz tej got\u00f3wki ministra zadeklarowa\u0142a te\u017c obligacje o warto\u015bci 70 tys. z\u0142 oraz instrumenty gie\u0142dowe na kwot\u0119 70 tys. dol (wsp\u00f3lno\u015b\u0107 maj\u0105tkowa z m\u0119\u017cem).<\/p>\n<p class=\"article-p\" data-section=\"detail-body\">Je\u017celi chodzi o nieruchomo\u015bci, to pretendentka do fotela przewodnicz\u0105cego Polski 2050 ujawnia\u0142a, \u017ce jest w\u0142a\u015bcicielk\u0105 domu o powierzchni 229 m kw. na dzia\u0142ce o powierzchni 210 m kw. Posiada tak\u017ce dwa mieszkania (61 m kw. oraz 47 m kw.), a tak\u017ce dzia\u0142k\u0119 o pow. 3100 m kw. Polityk wpisa\u0142a do o\u015bwiadczenia warto\u015bci wskazanych nieruchomo\u015bci.<\/p>\n<p class=\"article-p\" data-section=\"detail-body\">Wymieni\u0142a za to przychody, kt\u00f3re uzyska\u0142a w 2024 r. By\u0142o to 258,7 tys. z\u0142 z tytu\u0142u umowy o prac\u0119 w ministerstwie, 57,9 tys. z\u0142 z tytu\u0142u wynajmu mieszka\u0144, 9,6 tys. z\u0142 z tytu\u0142u 800 plus, a tak\u017ce 7,6 tys. z\u0142 z tytu\u0142u umowy z Fundacj\u0105 Polska od Nowa. W sumie by\u0142o to blisko 334 tys. z\u0142.<\/p>\n<p class=\"article-p\" data-section=\"detail-body\"><a href=\"https:\/\/www.fakt.pl\/polityka\/nawrocki-zawetowal-wazna-ustawe-ministra-mowi-sprawdzam\/999qw47\" id=\"c290a7c1-d04c-429c-8ed9-1a5251d8fb33\" rel=\"nofollow noopener\" target=\"_blank\">Nawrocki zawetowa\u0142 wa\u017cn\u0105 ustaw\u0119. Ministra m\u00f3wi: sprawdzam<\/a><\/p>\n<p>        Kolczyki z brylantem i por\u0119czenie partyjnego kredytu<\/p>\n<p class=\"article-p\" data-section=\"detail-body\">W rubryce &#8222;ruchomo\u015bci, kt\u00f3rych warto\u015b\u0107 przekracza 10 tys. z\u0142&#8221; ministerwpisa\u0142a kolczyki z brylantami oraz samoch\u00f3d Skoda Octavia z 2015 r.<\/p>\n<p class=\"article-p\" data-section=\"detail-body\">Polityk ujawni\u0142a te\u017c por\u0119czenie kredytu na kwot\u0119 54 tys. udzielonego przez Bank Sp\u00f3\u0142dzielczy na cele statutowe partii Polska 2050, jeszcze w okresie, gdy na czele ugrupowania sta\u0142 Szymon Ho\u0142ownia.<\/p>\n<p class=\"article-p\" data-section=\"detail-body\">Przypomnijmy, \u017ce o przyw\u00f3dztwo w partii po Szymonie Ho\u0142owni ubiega\u0142o si\u0119 pi\u0119cioro jej cz\u0142onk\u00f3w. Uprawnionych do g\u0142osowania by\u0142o ponad 800 delegat\u00f3w, a oddano 656 g\u0142os\u00f3w. Najwi\u0119ksze poparcie zdoby\u0142a minister funduszy i polityki regionalnej Katarzyna Pe\u0142czy\u0144ska-Na\u0142\u0119cz (277), na drugim miejscu znalaz\u0142a si\u0119 ministra klimatu i \u015brodowiska Paulina Hennig-Klosk\u0105 (131).<\/p>\n<p class=\"article-p\" data-section=\"detail-body\"><a href=\"https:\/\/www.fakt.pl\/polityka\/to-ma-czekac-polske-2050-najbardziej-mozliwy-scenariusz\/1y18n0h\" id=\"6d1fb5f3-49d1-4ddc-b191-b4a300f6ea4b\" rel=\"nofollow noopener\" target=\"_blank\">To ma czeka\u0107 parti\u0119 Ho\u0142owni. &#8222;Najbardziej mo\u017cliwy scenariusz&#8221;<\/a><\/p>\n<p>        \/3<\/p>\n<p>                    <img decoding=\"async\" class=\"article-image-img\" loading=\"lazy\" alt=\"\" src=\"https:\/\/www.europesays.com\/pl\/wp-content\/uploads\/2026\/01\/50zk9kuTURBXy81YmM0ZGEzNC0xYWY0LTRjNDAtYjcyNy0zNTM0YzNhZGUzOGIuanBlZ5GTAs0DSM0Eq94AAqEwAaExAQ.jpeg\" width=\"840\" height=\"1195\"\/><\/p>\n<p>                  &#8211; \/ Materia\u0142y prasowe<\/p>\n<p class=\"article-gallery-p\">\n        O\u015bwiadczenie maj\u0105tkowe ministry Katarzyny Pe\u0142czy\u0144skiej-Na\u0142\u0119cz za 2024 r.\n    <\/p>\n<p>        \/3<\/p>\n<p>                    <img decoding=\"async\" class=\"article-image-img\" loading=\"lazy\" alt=\"\" src=\"https:\/\/www.europesays.com\/pl\/wp-content\/uploads\/2026\/01\/HdQk9kuTURBXy9lMTBkYmI3NS04MWQ1LTRhZGQtYjA2MS04NmViMjk2YTFjZGEuanBlZ5GTAs0DSM0Eq94AAqEwAaExAQ.jpeg\" width=\"840\" height=\"1195\"\/><\/p>\n<p>                  &#8211; \/ Materia\u0142y prasowe<\/p>\n<p class=\"article-gallery-p\">\n        O\u015bwiadczenie maj\u0105tkowe ministry Katarzyny Pe\u0142czy\u0144skiej-Na\u0142\u0119cz za 2024 r.\n    <\/p>\n","protected":false},"excerpt":{"rendered":"&#8222;Tak odbudujemy Polsk\u0119 2050 i z now\u0105, wi\u0119ksz\u0105 si\u0142\u0105 b\u0119dziemy dalej zmienia\u0107 Polsk\u0119&#8221; \u2014 napisa\u0142a Katarzyna Pe\u0142czy\u0144ska-Na\u0142\u0119cz w&hellip;\n","protected":false},"author":2,"featured_media":199426,"comment_status":"","ping_status":"","sticky":false,"template":"","format":"standard","meta":{"footnotes":""},"categories":[12],"tags":[32,33,36,37,27,34,35,28,31,25,42,38,40,39,41,29,30,26],"class_list":{"0":"post-199425","1":"post","2":"type-post","3":"status-publish","4":"format-standard","5":"has-post-thumbnail","7":"category-polska","8":"tag-breaking-news","9":"tag-breakingnews","10":"tag-featured-news","11":"tag-featurednews","12":"tag-headlines","13":"tag-latest-news","14":"tag-latestnews","15":"tag-naglowki","16":"tag-najwazniejsze-artykuly","17":"tag-news","18":"tag-pl","19":"tag-poland","20":"tag-polish","21":"tag-polska","22":"tag-polski","23":"tag-top-stories","24":"tag-topstories","25":"tag-wiadomosci"},"share_on_mastodon":{"url":"https:\/\/pubeurope.com\/@pl\/115876744609990248","error":""},"_links":{"self":[{"href":"https:\/\/www.europesays.com\/pl\/wp-json\/wp\/v2\/posts\/199425","targetHints":{"allow":["GET"]}}],"collection":[{"href":"https:\/\/www.europesays.com\/pl\/wp-json\/wp\/v2\/posts"}],"about":[{"href":"https:\/\/www.europesays.com\/pl\/wp-json\/wp\/v2\/types\/post"}],"author":[{"embeddable":true,"href":"https:\/\/www.europesays.com\/pl\/wp-json\/wp\/v2\/users\/2"}],"replies":[{"embeddable":true,"href":"https:\/\/www.europesays.com\/pl\/wp-json\/wp\/v2\/comments?post=199425"}],"version-history":[{"count":0,"href":"https:\/\/www.europesays.com\/pl\/wp-json\/wp\/v2\/posts\/199425\/revisions"}],"wp:featuredmedia":[{"embeddable":true,"href":"https:\/\/www.europesays.com\/pl\/wp-json\/wp\/v2\/media\/199426"}],"wp:attachment":[{"href":"https:\/\/www.europesays.com\/pl\/wp-json\/wp\/v2\/media?parent=199425"}],"wp:term":[{"taxonomy":"category","embeddable":true,"href":"https:\/\/www.europesays.com\/pl\/wp-json\/wp\/v2\/categories?post=199425"},{"taxonomy":"post_tag","embeddable":true,"href":"https:\/\/www.europesays.com\/pl\/wp-json\/wp\/v2\/tags?post=199425"}],"curies":[{"name":"wp","href":"https:\/\/api.w.org\/{rel}","templated":true}]}}