{"id":199910,"date":"2026-01-11T19:29:09","date_gmt":"2026-01-11T19:29:09","guid":{"rendered":"https:\/\/www.europesays.com\/pl\/199910\/"},"modified":"2026-01-11T19:29:09","modified_gmt":"2026-01-11T19:29:09","slug":"nowosielec-tragiczny-wypadek-na-podkarpaciu-mezczyzna-potracil-dziecko-i-zmarl","status":"publish","type":"post","link":"https:\/\/www.europesays.com\/pl\/199910\/","title":{"rendered":"Nowosielec. Tragiczny wypadek na Podkarpaciu. M\u0119\u017cczyzna potr\u0105ci\u0142 dziecko i zmar\u0142"},"content":{"rendered":"<p>Tragiczny wypadek o poranku\u00a0<\/p>\n<p class=\"art_paragraph\">Do wypadku\u00a0ko\u0142o ko\u015bcio\u0142a\u00a0przy\u00a0drodze w Nowosielcu w powiecie ni\u017ca\u0144skim\u00a0dosz\u0142o w niedziel\u0119 11 stycznia oko\u0142o godziny 9:00. Ze wst\u0119pnych ustale\u0144 policji wynika, \u017ce starszy, 82-letni m\u0119\u017cczyzna zas\u0142ab\u0142 za kierownic\u0105. Jego samoch\u00f3d nast\u0119pnie wjecha\u0142 w dziecko,\u00a0kt\u00f3re przebywa\u0142o z rodzin\u0105.\u00a0&#8211; Starszy m\u0119\u017cczyzna zas\u0142ab\u0142 za kierownic\u0105 i wjecha\u0142 w zaparkowane przy poboczu pojazdy. Do jednego z nich wsiada\u0142a rodzina z dzieckiem, kt\u00f3re zosta\u0142o poturbowane &#8211; potwierdzi\u0142 w rozmowie z tvn24.pl st. bryg. Ireneusz Szewczyk, oficer prasowy Komendy Powiatowej Pa\u0144stwowej Stra\u017cy Po\u017carnej w Nisku\u00a0<\/p>\n<p>Dziecko w ci\u0119\u017ckim stanie\u00a0<\/p>\n<p class=\"art_paragraph\">Z informacji podanych przez policjant\u00f3w z Niska wynika, \u017ce samoch\u00f3d przejecha\u0142 po ch\u0142opcu. &#8211; Dziecko w stanie ci\u0119\u017ckim zosta\u0142o przetransportowane do szpitala w Rzeszowie &#8211; powiedzia\u0142a portalowi nowiny24.pl\u00a0st. sier\u017c. Julia Madej-Sznajder, rzeczniczka prasowa Komendy Powiatowej Policji w Nisku.\u00a0<\/p>\n<p>        Zobacz wideo<\/p>\n<p>            Zaatakowa\u0142 seniork\u0119 w windzie i okrad\u0142 kolejn\u0105 na ulicy. 37-latek zatrzymany przez katowickich policjant\u00f3w\n    <\/p>\n<p>Starszy m\u0119\u017cczyzna zmar\u0142\u00a0<\/p>\n<p class=\"art_paragraph\">Dla 82-letniego kierowcy pojazdu, kt\u00f3ry potr\u0105ci\u0142 ch\u0142opca, wypadek ten sko\u0144czy\u0142 si\u0119 tragicznie. Jego \u017cycia, mimo\u00a0prowadzenia\u00a0reanimacji, niestety nie uda\u0142o si\u0119 uratowa\u0107.\u00a0Policjanci pracuj\u0105 na miejscu\u00a0wypadku i ustalaj\u0105 dok\u0142adne okoliczno\u015bci zdarzenia.\u00a0<\/p>\n<p class=\"art_paragraph\">Czytaj tak\u017ce: <a href=\"https:\/\/wiadomosci.gazeta.pl\/swiat\/7,198075,32520160,katastrofa-awionetki-nie-zyje-znany-muzyk.html\" class=\"art_link\" rel=\"dofollow noopener\" target=\"_blank\">Katastrofa awionetki. Nie \u017cyje znany muzyk<\/a><\/p>\n<p>\u0179r\u00f3d\u0142a: tvn24.pl, nowiny24.pl<\/p>\n","protected":false},"excerpt":{"rendered":"Tragiczny wypadek o poranku\u00a0 Do wypadku\u00a0ko\u0142o ko\u015bcio\u0142a\u00a0przy\u00a0drodze w Nowosielcu w powiecie ni\u017ca\u0144skim\u00a0dosz\u0142o w niedziel\u0119 11 stycznia oko\u0142o godziny&hellip;\n","protected":false},"author":2,"featured_media":199911,"comment_status":"","ping_status":"","sticky":false,"template":"","format":"standard","meta":{"footnotes":""},"categories":[12],"tags":[32,33,36,37,27,34,35,28,31,25,42,38,40,39,41,29,30,26],"class_list":{"0":"post-199910","1":"post","2":"type-post","3":"status-publish","4":"format-standard","5":"has-post-thumbnail","7":"category-polska","8":"tag-breaking-news","9":"tag-breakingnews","10":"tag-featured-news","11":"tag-featurednews","12":"tag-headlines","13":"tag-latest-news","14":"tag-latestnews","15":"tag-naglowki","16":"tag-najwazniejsze-artykuly","17":"tag-news","18":"tag-pl","19":"tag-poland","20":"tag-polish","21":"tag-polska","22":"tag-polski","23":"tag-top-stories","24":"tag-topstories","25":"tag-wiadomosci"},"share_on_mastodon":{"url":"https:\/\/pubeurope.com\/@pl\/115878125155490461","error":""},"_links":{"self":[{"href":"https:\/\/www.europesays.com\/pl\/wp-json\/wp\/v2\/posts\/199910","targetHints":{"allow":["GET"]}}],"collection":[{"href":"https:\/\/www.europesays.com\/pl\/wp-json\/wp\/v2\/posts"}],"about":[{"href":"https:\/\/www.europesays.com\/pl\/wp-json\/wp\/v2\/types\/post"}],"author":[{"embeddable":true,"href":"https:\/\/www.europesays.com\/pl\/wp-json\/wp\/v2\/users\/2"}],"replies":[{"embeddable":true,"href":"https:\/\/www.europesays.com\/pl\/wp-json\/wp\/v2\/comments?post=199910"}],"version-history":[{"count":0,"href":"https:\/\/www.europesays.com\/pl\/wp-json\/wp\/v2\/posts\/199910\/revisions"}],"wp:featuredmedia":[{"embeddable":true,"href":"https:\/\/www.europesays.com\/pl\/wp-json\/wp\/v2\/media\/199911"}],"wp:attachment":[{"href":"https:\/\/www.europesays.com\/pl\/wp-json\/wp\/v2\/media?parent=199910"}],"wp:term":[{"taxonomy":"category","embeddable":true,"href":"https:\/\/www.europesays.com\/pl\/wp-json\/wp\/v2\/categories?post=199910"},{"taxonomy":"post_tag","embeddable":true,"href":"https:\/\/www.europesays.com\/pl\/wp-json\/wp\/v2\/tags?post=199910"}],"curies":[{"name":"wp","href":"https:\/\/api.w.org\/{rel}","templated":true}]}}