{"id":199914,"date":"2026-01-11T19:31:09","date_gmt":"2026-01-11T19:31:09","guid":{"rendered":"https:\/\/www.europesays.com\/pl\/199914\/"},"modified":"2026-01-11T19:31:09","modified_gmt":"2026-01-11T19:31:09","slug":"to-tam-ma-trafic-sebastian-szymanski-11-mln-euro-na-stole-przeglad-sportowy-onet","status":"publish","type":"post","link":"https:\/\/www.europesays.com\/pl\/199914\/","title":{"rendered":"To tam ma trafi\u0107 Sebastian Szyma\u0144ski! 11 mln euro na stole &#8211; Przegl\u0105d Sportowy Onet"},"content":{"rendered":"<ol>\n<li><a href=\"https:\/\/news.google.com\/rss\/articles\/CBMiugFBVV95cUxNQWFXdzVGM2FJLVNQQWQzUXlLM3RuOVpCcGwwdDBqc0wwR2tXLTMtTDNzZ1RiRnZNZi1MQUh6ZGtsYllLdE1tejQ5MWR2ZFpxWUR2VGFNQldSNjZseU5aSnRheWNWYnVNSElqTUdkVWk2WE14Y0x5OEZWaGIwV3dzNGZtbTJPNDIzal82VWpaQjZScGVLRDc4dTVULVpYWm9jNkJzV0VQY0JQRHBxZ3hTVHh6VzJSTVZ6VFE?oc=5\" target=\"_blank\" rel=\"nofollow noopener\">To tam ma trafi\u0107 Sebastian Szyma\u0144ski! 11 mln euro na stole<\/a>&nbsp;&nbsp;Przegl\u0105d Sportowy Onet<\/li>\n<li><a href=\"https:\/\/news.google.com\/rss\/articles\/CBMi0gFBVV95cUxQbkVkZktTbUpxZWxIdzVTdmRaRW1Gb0Z3RHc3WXVQVnUzZnNVcEtyWWZuQmwxUS12V1Q0bXhuVUhMRnFKZ2g4RWdRWlM4VzBKZzIzaDkwWmtCNjBuQU53RFZnYzJtcHJMSW9TTEh3NHFBNG05WDRRdGVUTXk0NHJxNXdWNVVtMEZlNG1SU2Myc0F4WjNnRl9LMXdQTjd2dEMyT1hZX19peEtGNVpHbkVkUWs2TkpiX3ZNYXFscml0aWR6VWtjYjhtWkhHaVFlaE1ub0E?oc=5\" target=\"_blank\" rel=\"nofollow noopener\">Reprezentant Polski coraz bli\u017cej hitu, miliony za pi\u0142karza. S\u0142ynna liga stanie otworem<\/a>&nbsp;&nbsp;Sport w INTERIA.PL<\/li>\n<li><a href=\"https:\/\/news.google.com\/rss\/articles\/CBMiowFBVV95cUxPRE5LOWdZYW1qTVcwUUEzemJGcFFwNC15LUFhTHU0ak9FR3ZQU2pEd3RhVlZ2bU9GeWg4Q2FidndOLW1DYloyVnN4MFVvNjgwRzhuUEMwYnNpNHA4Z050dVJpYzV2dWJ6QkU1bmNseGtZY1ZCQ1Q4SGVfM2xTc1dRYmphUkVSMTIxekQ3dFlvOVY4WmRaRmNQNE5oa2ZURzJJUEdV?oc=5\" target=\"_blank\" rel=\"nofollow noopener\">Reprezentant Polski zmieni klub. Pad\u0142a konkretna kwota<\/a>&nbsp;&nbsp;SportoweFakty<\/li>\n<li><a href=\"https:\/\/news.google.com\/rss\/articles\/CBMiqgFBVV95cUxNeDNkajE0SC1zMkh2LWw3TTNOVENfb21RaTNSQ1Q1TVZNM0hyaWlHNVYxeUM5OVZMWWZibGNULWRsSTdPa08wVnBtSkw3aEptdUlzSzhkMkpzUWhhajVVSW1iQkc3NjhCTFJEQUVDQlFneUhmNGJvdzhiaXZiM0wwMWxvUkpKQTRaZDZjcHNVbWhab0J1SGNwemlTZkI0UVpaSlItQkJEUThlQQ?oc=5\" target=\"_blank\" rel=\"nofollow noopener\">Media: Szyma\u0144ski o krok od transferu do topowej ligi. Pad\u0142a kwota<\/a>&nbsp;&nbsp;Sport.pl<\/li>\n<li><a href=\"https:\/\/news.google.com\/rss\/articles\/CBMiggFBVV95cUxQaURvYUFUdWMtWHdnd3JKUVp4MjRFWjNlLWVDOTB5QnZ1bHlJZE52djd5bUY1MEd4ZVREWFNhVE1ySUxBVFRyV0JXck1mVHh0R0t4RXplUkp1NTlrSUhCa1p0UVIyVU81RU5lLUU1N0dIM1lHb0Zzb2tTOW9lcVc1UkR3?oc=5\" target=\"_blank\" rel=\"nofollow noopener\">Transfery &#8211; Relacja na \u017cywo [11\/01\/2026]<\/a>&nbsp;&nbsp;Transfery.info<\/li>\n<\/ol>\n","protected":false},"excerpt":{"rendered":"To tam ma trafi\u0107 Sebastian Szyma\u0144ski! 11 mln euro na stole&nbsp;&nbsp;Przegl\u0105d Sportowy Onet Reprezentant Polski coraz bli\u017cej hitu,&hellip;\n","protected":false},"author":2,"featured_media":199915,"comment_status":"","ping_status":"","sticky":false,"template":"","format":"standard","meta":{"footnotes":""},"categories":[24],"tags":[33192,67,3506,11744,948,42,38,40,39,41,136,128,47,13196,127,135,126,37552],"class_list":{"0":"post-199914","1":"post","2":"type-post","3":"status-publish","4":"format-standard","5":"has-post-thumbnail","7":"category-sport","8":"tag-fenerbahce_sk","9":"tag-intextvideo_splayer","10":"tag-ligue_1","11":"tag-ogor","12":"tag-pilka_nozna","13":"tag-pl","14":"tag-poland","15":"tag-polish","16":"tag-polska","17":"tag-polski","18":"tag-ps_detal_new","19":"tag-psv2","20":"tag-screening_general","21":"tag-sebastian_szymanski","22":"tag-sport","23":"tag-sport_sport","24":"tag-sports","25":"tag-stade_rennais"},"share_on_mastodon":{"url":"https:\/\/pubeurope.com\/@pl\/115878132669159550","error":""},"_links":{"self":[{"href":"https:\/\/www.europesays.com\/pl\/wp-json\/wp\/v2\/posts\/199914","targetHints":{"allow":["GET"]}}],"collection":[{"href":"https:\/\/www.europesays.com\/pl\/wp-json\/wp\/v2\/posts"}],"about":[{"href":"https:\/\/www.europesays.com\/pl\/wp-json\/wp\/v2\/types\/post"}],"author":[{"embeddable":true,"href":"https:\/\/www.europesays.com\/pl\/wp-json\/wp\/v2\/users\/2"}],"replies":[{"embeddable":true,"href":"https:\/\/www.europesays.com\/pl\/wp-json\/wp\/v2\/comments?post=199914"}],"version-history":[{"count":0,"href":"https:\/\/www.europesays.com\/pl\/wp-json\/wp\/v2\/posts\/199914\/revisions"}],"wp:featuredmedia":[{"embeddable":true,"href":"https:\/\/www.europesays.com\/pl\/wp-json\/wp\/v2\/media\/199915"}],"wp:attachment":[{"href":"https:\/\/www.europesays.com\/pl\/wp-json\/wp\/v2\/media?parent=199914"}],"wp:term":[{"taxonomy":"category","embeddable":true,"href":"https:\/\/www.europesays.com\/pl\/wp-json\/wp\/v2\/categories?post=199914"},{"taxonomy":"post_tag","embeddable":true,"href":"https:\/\/www.europesays.com\/pl\/wp-json\/wp\/v2\/tags?post=199914"}],"curies":[{"name":"wp","href":"https:\/\/api.w.org\/{rel}","templated":true}]}}