{"id":199916,"date":"2026-01-11T19:32:12","date_gmt":"2026-01-11T19:32:12","guid":{"rendered":"https:\/\/www.europesays.com\/pl\/199916\/"},"modified":"2026-01-11T19:32:12","modified_gmt":"2026-01-11T19:32:12","slug":"gwiazdy-na-paszportach-polityki-drzewiecka-kaminski-pudelek","status":"publish","type":"post","link":"https:\/\/www.europesays.com\/pl\/199916\/","title":{"rendered":"Gwiazdy na Paszportach Polityki: Drzewiecka, Kami\u0144ski&#8230; &#8211; Pudelek"},"content":{"rendered":"<ol>\n<li><a href=\"https:\/\/news.google.com\/rss\/articles\/CBMi5wFBVV95cUxOTmtNOTVhMTlhNm1jTl9zTW9vaVBSazBYRDV6LUhndlNKNXVMUlJYbXVqU1FFdld2LV9iRW9tQjM1cFFVV0FuMHdiSnpsaXAxUE5Oel9zTVhQR1J4WmJlZ1dGT0owS1dWcUNOVlU1bmtPdmo3N2JTaWRQd1RKRkJab2E3TUR1N19NTHNRZlZrYVU1QnZqRXE4MGJoenRsbVFvZXVKa2lIV0xHWXBLR3FmRDRKSjNMS00wQ1pPYkEwZW9Rb2VTSjFPSEM0QWh4dm5YLVlvSWgwb292MjBpZktNSGF2TXRvTlk?oc=5\" target=\"_blank\" rel=\"nofollow noopener\">Gwiazdy na Paszportach Polityki: Drzewiecka, Kami\u0144ski&#8230;<\/a>&nbsp;&nbsp;Pudelek<\/li>\n<li><a href=\"https:\/\/news.google.com\/rss\/articles\/CBMijAFBVV95cUxNMUVtbkZBZnhLZmFPNmhHWmlrT0tCTDBNWkE5N0VfNXdGWHhrUVNqaFFfNkYxT21lTUkxRnlzWllIQzB4clpzWkROYXduS2pXSjFUdFE3THV0bU9WUm94TjA1VGg1Tk5fdFF0SHdpNEw4Ry1zT0Nsd1E3dmUxZ1VKODkydzFNa1FObTJuUQ?oc=5\" target=\"_blank\" rel=\"nofollow noopener\">Paszporty Polityki 2025. Trwa gala wr\u0119czenia nagr\u00f3d<\/a>&nbsp;&nbsp;TOK FM<\/li>\n<li><a href=\"https:\/\/news.google.com\/rss\/articles\/CBMiwgFBVV95cUxNY3BSLS1zeU44cEFjNkMyVU1GcGo2S1BVUzFWeUt6VC1pQUQxZDdTQW1pZGV5M0c5ZFA1ZG1vYTJsNVBJTnBEUVViY3U4X05sbjN4SGNPbW9NeDdpYnZtTTdOaXBqa0MxVmowVkJveDRHZldPV2xOaFZhLTZkTEJ5cXZMYzVpVEc3Z2xKUzVvTUY2NWplNzJjQzJtaFpFbXVLZkc5RjF2RFZpWnRkN0s3ajM4cXB4cUJXYmphWTlFMEVqZw?oc=5\" target=\"_blank\" rel=\"nofollow noopener\">Stanis\u0142aw \u0141ubie\u0144ski z szans\u0105 na Paszport &#8222;Polityki&#8221;. Rozdanie nagr\u00f3d w niedziel\u0119<\/a>&nbsp;&nbsp;Tr\u00f3jka \u2013 Program Trzeci Polskiego Radia<\/li>\n<li><a href=\"https:\/\/news.google.com\/rss\/articles\/CBMi5wFBVV95cUxNVXBBeEdnWWJlNWRXekhqWjdmVGtaYVdmem51SHByN3FjWG9WcEJLelUwRlQzTTZOeDNmTUFDdHZmbkE3Z2tKakdnS3Z5V09zbHg1UW5VTkNWeTY5QzZ6V1BTRURZM0dIbjJwVnlTZUx6dWxPVXJNeEM0RVQ4NzNFT2R2Y3BuZ0RGbEh4eV9Qb2dJSHM1RkoxMUVzeWVFX2QzbVROUEgyM01vMkNEcnhvMndMU19PUWxCOVQ1NEVtYmhEWktMWV9KdUpfQVVuSExkSkRWSnd3UmhvZFZGSEV6V1JBc250WVk?oc=5\" target=\"_blank\" rel=\"nofollow noopener\">Paszporty POLITYKI: rozdanie ju\u017c za chwil\u0119! Ogl\u0105daj w social mediach i telewizji<\/a>&nbsp;&nbsp;Polityka<\/li>\n<li><a href=\"https:\/\/news.google.com\/rss\/articles\/CBMirgFBVV95cUxQeU5PWkVpSU9NODM3dkdBUmduWWJfSTNBa09xNmZ3VDdFYXhfNnZZUFdQMXNyX3BvOFlyN254WlZwaVQ0ZEJrMjFhWW42VVNnc196Yk1JV0J4TVZfUklQb3BWQUNSS245N1BLQkNhS2dXWG5aWG1WenlrQkY5RDJGQ3VGMk04NVBJY3BqR3oxeFBKa2VmTy0wS00yQzhXaS1ha0Zmc05BQVAyaVZ3Mmc?oc=5\" target=\"_blank\" rel=\"nofollow noopener\">Paszporty \u201ePolityki\u201d 2025 [NA \u017bYWO]. Transmisja uroczysto\u015bci w TVP<\/a>&nbsp;&nbsp;TVP<\/li>\n<\/ol>\n","protected":false},"excerpt":{"rendered":"Gwiazdy na Paszportach Polityki: Drzewiecka, Kami\u0144ski&#8230;&nbsp;&nbsp;Pudelek Paszporty Polityki 2025. Trwa gala wr\u0119czenia nagr\u00f3d&nbsp;&nbsp;TOK FM Stanis\u0142aw \u0141ubie\u0144ski z szans\u0105&hellip;\n","protected":false},"author":2,"featured_media":199917,"comment_status":"","ping_status":"","sticky":false,"template":"","format":"standard","meta":{"footnotes":""},"categories":[22],"tags":[122,42,38,40,39,41,123],"class_list":{"0":"post-199916","1":"post","2":"type-post","3":"status-publish","4":"format-standard","5":"has-post-thumbnail","7":"category-rozrywka","8":"tag-entertainment","9":"tag-pl","10":"tag-poland","11":"tag-polish","12":"tag-polska","13":"tag-polski","14":"tag-rozrywka"},"share_on_mastodon":{"url":"https:\/\/pubeurope.com\/@pl\/115878136563057675","error":""},"_links":{"self":[{"href":"https:\/\/www.europesays.com\/pl\/wp-json\/wp\/v2\/posts\/199916","targetHints":{"allow":["GET"]}}],"collection":[{"href":"https:\/\/www.europesays.com\/pl\/wp-json\/wp\/v2\/posts"}],"about":[{"href":"https:\/\/www.europesays.com\/pl\/wp-json\/wp\/v2\/types\/post"}],"author":[{"embeddable":true,"href":"https:\/\/www.europesays.com\/pl\/wp-json\/wp\/v2\/users\/2"}],"replies":[{"embeddable":true,"href":"https:\/\/www.europesays.com\/pl\/wp-json\/wp\/v2\/comments?post=199916"}],"version-history":[{"count":0,"href":"https:\/\/www.europesays.com\/pl\/wp-json\/wp\/v2\/posts\/199916\/revisions"}],"wp:featuredmedia":[{"embeddable":true,"href":"https:\/\/www.europesays.com\/pl\/wp-json\/wp\/v2\/media\/199917"}],"wp:attachment":[{"href":"https:\/\/www.europesays.com\/pl\/wp-json\/wp\/v2\/media?parent=199916"}],"wp:term":[{"taxonomy":"category","embeddable":true,"href":"https:\/\/www.europesays.com\/pl\/wp-json\/wp\/v2\/categories?post=199916"},{"taxonomy":"post_tag","embeddable":true,"href":"https:\/\/www.europesays.com\/pl\/wp-json\/wp\/v2\/tags?post=199916"}],"curies":[{"name":"wp","href":"https:\/\/api.w.org\/{rel}","templated":true}]}}