{"id":199943,"date":"2026-01-11T19:49:14","date_gmt":"2026-01-11T19:49:14","guid":{"rendered":"https:\/\/www.europesays.com\/pl\/199943\/"},"modified":"2026-01-11T19:49:14","modified_gmt":"2026-01-11T19:49:14","slug":"rosjanie-w-niewoli-poprzedni-rok-byl-rekordowy","status":"publish","type":"post","link":"https:\/\/www.europesays.com\/pl\/199943\/","title":{"rendered":"Rosjanie w niewoli. Poprzedni rok by\u0142 rekordowy"},"content":{"rendered":"\n<p>Do niedawna liczb\u0119 Rosjan, kt\u00f3rzy trafili do ukrai\u0144skiej niewoli, mo\u017cna by\u0142o cz\u0119\u015bciowo pozna\u0107 dzi\u0119ki <a href=\"https:\/\/wiadomosci.wp.pl\/rosjanie-uciekaja-z-armii-on-im-w-tym-pomaga-7208909171547104a\" rel=\"noopener noreferrer nofollow\" target=\"_blank\">rosyjskim organizacjom pozarz\u0105dowym, kt\u00f3re pomagaj\u0105 prawnie \u017co\u0142nierzom uznanym za dezerter\u00f3w.<\/a> Tak\u017ce tym, kt\u00f3rzy trafili do niewoli.<\/p>\n<p>Dziennikarze Mediazony poinformowali w\u00a02023 r., \u017ce toczy\u0142o si\u0119 4121 spraw przeciwko dezerterom. W\u00a0tym tak\u017ce przeciw tym, kt\u00f3rzy wr\u00f3cili do Rosji w\u00a0wyniku wymiany je\u0144c\u00f3w. Wyroki nie by\u0142y wysokie. Dlaczego? <\/p>\n<p>Nie zapakujesz kanapek ju\u017c w\u00a0nic innego. To\u00a0prawdziwy game-changer <\/p>\n<p><a href=\"https:\/\/wiadomosci.wp.pl\/tak-kreml-ratuje-sytuacje-rosyjscy-jency-wracaja-na-front-7237973690092512a\" rel=\"noopener noreferrer nofollow\" target=\"_blank\">Rosyjska armia woli wys\u0142a\u0107 dezertera z\u00a0powrotem na front, ni\u017c do kolonii karnej.<\/a> Kreml ponosi na wojnie tak du\u017ce straty, \u017ce nawet skaza\u0144cy s\u0105 niezwykle cenni. W\u0142a\u015bnie dlatego ponad 90 proc. wyrok\u00f3w jest wydawanych w\u00a0zawieszeniu i\u00a0nie przekracza pi\u0119ciu lat. A\u00a0warunkiem jest oczywi\u015bcie powr\u00f3t na front.<\/p>\n<p> <img role=\"presentation\" class=\"absolute left-1\/2 top-1\/2 max-h-[80%] max-w-[100px] -translate-x-1\/2 -translate-y-1\/2\" src=\"https:\/\/v.wpimg.pl\/ZXJfd3AudTkrBBIAbg54LGhcRlAxHQUrPgJGH2MAeGJoSQ1eIBI_K2UHAEVuBTY5KQMMXC0RPyoVERQdMgM9ejc\" loading=\"lazy\" decoding=\"async\"\/> <\/p>\n<p>W wielu przypadkach, wed\u0142ug relacji organizacji monitoruj\u0105cych losy je\u0144c\u00f3w, jak <a href=\"https:\/\/wiadomosci.wp.pl\/rosja-zaangazowala-w-wojne-cudzoziemcow-padla-konkretna-liczba-7223523247950336a\" rel=\"noopener noreferrer nofollow\" target=\"_blank\">&#8222;Chc\u0119 \u017cy\u0107&#8221;<\/a>, \u017co\u0142nierze wracaj\u0105cy do Rosji z\u00a0ukrai\u0144skiej niewoli zwykle nie trafiaj\u0105 do dom\u00f3w, lecz s\u0105 przewo\u017ceni do wojskowych o\u015brodk\u00f3w karnych czy jednostek FSB w\u00a0rejonie Moskwy. Przechodz\u0105 tam kilkugodzinne przes\u0142uchania, w\u00a0tym przy wykorzystaniu wykrywaczy k\u0142amstw. <a href=\"https:\/\/wiadomosci.wp.pl\/horror-jak-rosja-zmusza-dezerterow-do-powrotu-na-front-7055102021098016a\" rel=\"noopener noreferrer nofollow\" target=\"_blank\">Ca\u0142y czas traktowani s\u0105 jako osoby, kt\u00f3re &#8222;straci\u0142y zaufanie pa\u0144stwa&#8221; z\u00a0powodu faktu, \u017ce zosta\u0142y pojmane.<\/a><\/p>\n<p>Po przes\u0142uchaniach, praktycznie bez odpoczynku, s\u0105 odsy\u0142ani z\u00a0powrotem do jednostek bojowych, nawet je\u015bli sp\u0119dzili w\u00a0niewoli wiele miesi\u0119cy i\u00a0nie maj\u0105 szans na rehabilitacj\u0119 lub spotkanie z\u00a0rodzin\u0105. Czas sp\u0119dzony w\u00a0niewoli zwykle nie jest liczony jako s\u0142u\u017cba wojskowa, wi\u0119c wracaj\u0105cy \u017co\u0142nierze zazwyczaj maj\u0105 do odbycia sw\u00f3j zaleg\u0142y kontrakt. Najcz\u0119\u015bciej w\u00a0kompaniach karnych. Cz\u0119sto ponownie trafiaj\u0105 do niewoli. Jednak wtedy ju\u017c nie decyduj\u0105 si\u0119 na udzia\u0142 w\u00a0wymianie je\u0144c\u00f3w. Wiedz\u0105, co czeka\u0142oby ich w\u00a0Moskwie.<\/p>\n<p> <a href=\"https:\/\/wiadomosci.wp.pl\/wojna-w-imie-obrony-tradycyjnych-wartosci-bajka-putina-nadal-dziala-na-rosjan-7235165932448736a\" class=\"teaser-inline\" rel=\"nofollow noopener\" target=\"_blank\">  <img decoding=\"async\" src=\"https:\/\/www.europesays.com\/pl\/wp-content\/uploads\/2026\/01\/ZjJlZDZkdQsrDix3dRB4HmhWeC0zSXZIP05gZnVaaFJ6FHUiMwc_GC8cNWo9GS8aKxsqaioHdQs6BXUya0Q-AzkcNiUjRD8HKAk-.jpeg\" width=\"0\" height=\"0\" loading=\"lazy\" class=\"wp-media-image cropped\" alt=\"Wojna w imi\u0119 obrony &quot;tradycyjnych warto\u015bci&quot;. Bajka Putina nadal dzia\u0142a na Rosjan\"\/><\/p>\n<p>Wojna w imi\u0119 obrony &#8222;tradycyjnych warto\u015bci&#8221;. Bajka Putina nadal dzia\u0142a na Rosjan<\/p>\n<p><\/a> <img role=\"presentation\" class=\"absolute left-1\/2 top-1\/2 max-h-[80%] max-w-[100px] -translate-x-1\/2 -translate-y-1\/2\" src=\"https:\/\/v.wpimg.pl\/ZXJfd3AudTkrBBIAbg54LGhcRlAxHQUrPgJGH2MAeGJoSQ1eIBI_K2UHAEVuBTY5KQMMXC0RPyoVERQdMgM9ejc\" loading=\"lazy\" decoding=\"async\"\/><\/p>\n<p>Rekordowy rok <\/p>\n<p>Wed\u0142ug danych publikowanych przez ukrai\u0144skie instytucje zajmuj\u0105ce si\u0119 ewidencj\u0105 je\u0144c\u00f3w wojennych, od pocz\u0105tku pe\u0142noskalowej wojny do ko\u0144ca 2025 r. do niewoli trafi\u0142o \u0142\u0105cznie ponad 10 tys. \u017co\u0142nierzy Si\u0142 Zbrojnych Federacji Rosyjskiej.<\/p>\n<p><a href=\"https:\/\/wiadomosci.wp.pl\/skonczyla-nam-sie-cierpliwosc-zolnierze-z-odezwa-do-putina-7233892096244224a\" rel=\"noopener noreferrer nofollow\" target=\"_blank\">2025 r. przyni\u00f3s\u0142 bezprecedensowy wzrost liczby podda\u0144 i\u00a0je\u0144c\u00f3w.<\/a> Wed\u0142ug ukrai\u0144skich statystyk, przedstawionych przez Kwater\u0119 G\u0142\u00f3wn\u0105 Koordynacji Post\u0119powania z\u00a0Je\u0144cami Wojennymi i\u00a0program &#8222;Chc\u0119 \u017cy\u0107&#8221;, w\u00a0ostatnim roku do niewoli trafi\u0142o ponad 5\u00a0tys. rosyjskich \u017co\u0142nierzy. To liczba wy\u017csza ni\u017c \u0142\u0105czna suma je\u0144c\u00f3w z\u00a0lat 2022-2023.<\/p>\n<p>\u015arednia liczba podda\u0144 w\u00a0niekt\u00f3rych miesi\u0105cach wynosi\u0142a kilkudziesi\u0119ciu \u017co\u0142nierzy tygodniowo, a\u00a0w\u00a0okresach intensywnych walk liczby te by\u0142y jeszcze wy\u017csze. Si\u0119ga\u0142y nawet 90 os\u00f3b. To do\u015b\u0107 zaskakuj\u0105ce, bior\u0105c pod uwag\u0119, \u017ce Rosjanie s\u0105 w\u00a0ci\u0105g\u0142ym natarciu.<\/p>\n<p> <img role=\"presentation\" class=\"absolute left-1\/2 top-1\/2 max-h-[80%] max-w-[100px] -translate-x-1\/2 -translate-y-1\/2\" src=\"https:\/\/v.wpimg.pl\/ZXJfd3AudTkrBBIAbg54LGhcRlAxHQUrPgJGH2MAeGJoSQ1eIBI_K2UHAEVuBTY5KQMMXC0RPyoVERQdMgM9ejc\" loading=\"lazy\" decoding=\"async\"\/> <\/p>\n<p>Ukrai\u0144skie instytucje odnotowywa\u0142y jednak, \u017ce znaczna cz\u0119\u015b\u0107 tych podda\u0144 nast\u0119powa\u0142a bez bezpo\u015bredniego kontaktu bojowego, cz\u0119sto po nawi\u0105zaniu \u0142\u0105czno\u015bci z\u00a0ukrai\u0144skimi pozycjami lub za po\u015brednictwem specjalnych kana\u0142\u00f3w komunikacyjnych. Rosyjscy \u017co\u0142nierze wol\u0105 po prostu niewol\u0119 ni\u017c \u015bmier\u0107.<\/p>\n<p>Od momentu, gdy wojna na wi\u0119kszo\u015bci odcink\u00f3w frontu przybra\u0142a charakter okopowy, proporcje dotycz\u0105ce liczby je\u0144c\u00f3w zacz\u0119\u0142y si\u0119 wyra\u017anie zmienia\u0107. Wed\u0142ug dost\u0119pnych danych, od 2023 r. wi\u0119cej rosyjskich \u017co\u0142nierzy trafia\u0142o do ukrai\u0144skiej niewoli ni\u017c odwrotnie. Zjawisko to by\u0142o szczeg\u00f3lnie widoczne w\u00a0latach 2024-2025, kiedy r\u00f3\u017cnica utrzymywa\u0142a si\u0119 przez d\u0142ugie miesi\u0105ce.<\/p>\n<p> <a href=\"https:\/\/wiadomosci.wp.pl\/wodka-weterani-i-przestepczosc-rosnie-problem-o-ktorym-kreml-woli-nie-mowic-7234143888071648a\" class=\"teaser-inline\" rel=\"nofollow noopener\" target=\"_blank\">  <img decoding=\"async\" src=\"https:\/\/www.europesays.com\/pl\/wp-content\/uploads\/2026\/01\/NjZkNjhhYQs7CThZRxNsHnhRbAMBSmJIL0l0SEdZfFJqE2EMAQQrGD8bIUQPGjsaOxw-RBgEYQsqAmEcWUcqAykbIgsRRysHOA4q.jpeg\" width=\"0\" height=\"0\" loading=\"lazy\" class=\"wp-media-image cropped\" alt=\"W\u00f3dka, weterani i przest\u0119pczo\u015b\u0107. Ro\u015bnie problem, o kt\u00f3rym Kreml woli nie m\u00f3wi\u0107\"\/><\/p>\n<p>W\u00f3dka, weterani i przest\u0119pczo\u015b\u0107. Ro\u015bnie problem, o kt\u00f3rym Kreml woli nie m\u00f3wi\u0107<\/p>\n<p><\/a> <img role=\"presentation\" class=\"absolute left-1\/2 top-1\/2 max-h-[80%] max-w-[100px] -translate-x-1\/2 -translate-y-1\/2\" src=\"https:\/\/v.wpimg.pl\/ZXJfd3AudTkrBBIAbg54LGhcRlAxHQUrPgJGH2MAeGJoSQ1eIBI_K2UHAEVuBTY5KQMMXC0RPyoVERQdMgM9ejc\" loading=\"lazy\" decoding=\"async\"\/><\/p>\n<p>Pierwsze lata wojny <\/p>\n<p>W 2022 r., obejmuj\u0105cym okres od 24 lutego do ko\u0144ca grudnia, liczba rosyjskich \u017co\u0142nierzy wzi\u0119tych do niewoli by\u0142a relatywnie ograniczona w\u00a0por\u00f3wnaniu z\u00a0p\u00f3\u017aniejszymi latami. Walki mia\u0142y w\u00f3wczas charakter manewrowy, a\u00a0linia frontu ulega\u0142a dynamicznym zmianom. <\/p>\n<p>Wed\u0142ug szacunk\u00f3w opartych na komunikatach ukrai\u0144skiego Sztabu Generalnego oraz danych przekazywanych przy okazji pierwszych wymian je\u0144c\u00f3w, w\u00a02022 r. do ukrai\u0144skiej niewoli trafi\u0142o oko\u0142o 1,8-2 tys. rosyjskich \u017co\u0142nierzy. Wi\u0119kszo\u015b\u0107 z\u00a0nich zosta\u0142a pojmana w\u00a0trakcie walk o\u00a0p\u00f3\u0142nocn\u0105 Ukrain\u0119, obwody charkowski i\u00a0kijowski oraz podczas operacji prowadzonych na po\u0142udniu kraju, w\u00a0tym w\u00a0obwodzie cherso\u0144skim.<\/p>\n<p>2023 r. przyni\u00f3s\u0142 wyra\u017any wzrost liczby rosyjskich je\u0144c\u00f3w wojennych. Wed\u0142ug danych publikowanych przez stron\u0119 ukrai\u0144sk\u0105, w\u00a0tym okresie do niewoli trafi\u0142o oko\u0142o 2,5-3 tys. rosyjskich \u017co\u0142nierzy. By\u0142 to rok, w\u00a0kt\u00f3rym linia frontu zacz\u0119\u0142a si\u0119 stabilizowa\u0107, a\u00a0walki stopniowo przybiera\u0142y charakter pozycyjny. Coraz cz\u0119\u015bciej dochodzi\u0142o do sytuacji, w\u00a0kt\u00f3rych <a href=\"https:\/\/wiadomosci.wp.pl\/spektakularna-akcja-ukraincow-rosjanie-musieli-sie-poddac-6914435562351264a\" rel=\"noopener noreferrer nofollow\" target=\"_blank\">ca\u0142e pododdzia\u0142y rosyjskie znajdowa\u0142y si\u0119 w\u00a0okr\u0105\u017ceniu lub traci\u0142y zdolno\u015b\u0107 do dalszego prowadzenia walki.<\/a> <\/p>\n<p> <img role=\"presentation\" class=\"absolute left-1\/2 top-1\/2 max-h-[80%] max-w-[100px] -translate-x-1\/2 -translate-y-1\/2\" src=\"https:\/\/v.wpimg.pl\/ZXJfd3AudTkrBBIAbg54LGhcRlAxHQUrPgJGH2MAeGJoSQ1eIBI_K2UHAEVuBTY5KQMMXC0RPyoVERQdMgM9ejc\" loading=\"lazy\" decoding=\"async\"\/> <\/p>\n<p>Od drugiej po\u0142owy 2023 r. ukrai\u0144skie \u017ar\u00f3d\u0142a zacz\u0119\u0142y regularnie informowa\u0107, \u017ce liczba rosyjskich \u017co\u0142nierzy trafiaj\u0105cych do ukrai\u0144skiej niewoli przewy\u017csza liczb\u0119 ukrai\u0144skich \u017co\u0142nierzy pojmanych przez stron\u0119 rosyjsk\u0105.<\/p>\n<p>W 2024 r. trend ten si\u0119 utrzyma\u0142. Szacuje si\u0119, \u017ce w\u00a0ci\u0105gu 12 miesi\u0119cy tego roku do ukrai\u0144skiej niewoli trafi\u0142o oko\u0142o 2,5 tys. rosyjskich \u017co\u0142nierzy. By\u0142 to okres intensywnych walk pozycyjnych na wielu odcinkach frontu, w\u00a0szczeg\u00f3lno\u015bci w\u00a0Donbasie oraz na po\u0142udniu Ukrainy. Dane z\u00a0tego okresu wskazuj\u0105 na systematyczny nap\u0142yw je\u0144c\u00f3w, cz\u0119sto w\u00a0niewielkich grupach lub pojedynczo, co odr\u00f3\u017cnia\u0142o ten etap wojny od pierwszych miesi\u0119cy konfliktu, kiedy do niewoli na raz trafia\u0142y wi\u0119ksze pododdzia\u0142y.<\/p>\n<p> <a href=\"https:\/\/wiadomosci.wp.pl\/wielki-demograficzny-kryzys-w-rosji-siegna-po-totalitarne-metody-7230653386857408a\" class=\"teaser-inline\" rel=\"nofollow noopener\" target=\"_blank\">  <img decoding=\"async\" src=\"https:\/\/www.europesays.com\/pl\/wp-content\/uploads\/2025\/12\/ZWNmYjA0dTYvDy9Zbkt4I2xXewMoEnZ1O09jSG4BaG9-FXYMKFw_JSsdNkQmQi8nLxopRDFcdTY-BHYccB8-Pj0dNQs4Hz86LAg9.jpeg\" width=\"0\" height=\"0\" loading=\"lazy\" class=\"wp-media-image cropped\" alt=\"Wielki demograficzny kryzys w Rosji. Si\u0119gn\u0105 po totalitarne metody\"\/><\/p>\n<p>Wielki demograficzny kryzys w Rosji. Si\u0119gn\u0105 po totalitarne metody<\/p>\n<p><\/a> <img role=\"presentation\" class=\"absolute left-1\/2 top-1\/2 max-h-[80%] max-w-[100px] -translate-x-1\/2 -translate-y-1\/2\" src=\"https:\/\/v.wpimg.pl\/ZXJfd3AudTkrBBIAbg54LGhcRlAxHQUrPgJGH2MAeGJoSQ1eIBI_K2UHAEVuBTY5KQMMXC0RPyoVERQdMgM9ejc\" loading=\"lazy\" decoding=\"async\"\/><\/p>\n<p>Nie tylko dobrowolnie <\/p>\n<p>Przyczyny poddawania si\u0119 rosyjskich \u017co\u0142nierzy by\u0142y dokumentowane na podstawie relacji sk\u0142adanych po wzi\u0119ciu do niewoli. W\u015br\u00f3d najcz\u0119\u015bciej odnotowywanych powod\u00f3w znajdowa\u0142y si\u0119 utrata dowodzenia w\u00a0pododdzia\u0142ach, brak \u0142\u0105czno\u015bci z\u00a0wy\u017cszymi szczeblami dowodzenia, wyczerpanie zapas\u00f3w amunicji oraz \u017cywno\u015bci, a\u00a0tak\u017ce niemo\u017cno\u015b\u0107 ewakuacji rannych. Cz\u0119\u015b\u0107 je\u0144c\u00f3w wskazywa\u0142a r\u00f3wnie\u017c na fakt, \u017ce zostali wys\u0142ani na pozycje bez pe\u0142nej informacji o\u00a0sytuacji operacyjnej lub czasie trwania dzia\u0142a\u0144.<\/p>\n<p>W dokumentacji ukrai\u0144skiej pojawia\u0142y si\u0119 tak\u017ce informacje o\u00a0\u017co\u0142nierzach, kt\u00f3rzy trafili do niewoli po tym, jak ich pozycje zosta\u0142y odci\u0119te w\u00a0wyniku dzia\u0142a\u0144 artyleryjskich lub precyzyjnych uderze\u0144 na zaplecze logistyczne. W\u00a0takich przypadkach kapitulacja nast\u0119powa\u0142a po kilku lub kilkunastu godzinach izolacji od reszty si\u0142.<\/p>\n<p>Stosunkowo liczne by\u0142y jednak przypadki, w\u00a0kt\u00f3rych rosyjscy \u017co\u0142nierze decydowali si\u0119 na poddanie po wcze\u015bniejszym zapoznaniu si\u0119 z\u00a0informacjami o\u00a0warunkach traktowania je\u0144c\u00f3w, przekazywanymi za po\u015brednictwem ulotek, nagra\u0144 radiowych lub kana\u0142\u00f3w internetowych. I\u00a0z\u00a0ka\u017cdym rokiem ich liczba ro\u015bnie. Rosjanie stopniowo dochodz\u0105 do wniosku, \u017ce nie warto umiera\u0107 na tej wojnie.<\/p>\n<p>Dla Wirtualnej Polski S\u0142awek Zag\u00f3rski<\/p>\n","protected":false},"excerpt":{"rendered":"Do niedawna liczb\u0119 Rosjan, kt\u00f3rzy trafili do ukrai\u0144skiej niewoli, mo\u017cna by\u0142o cz\u0119\u015bciowo pozna\u0107 dzi\u0119ki rosyjskim organizacjom pozarz\u0105dowym, kt\u00f3re&hellip;\n","protected":false},"author":2,"featured_media":199944,"comment_status":"","ping_status":"","sticky":false,"template":"","format":"standard","meta":{"footnotes":""},"categories":[14],"tags":[32,33,27,34,35,28,31,25,40,41,80,29,30,26,82,83,84],"class_list":{"0":"post-199943","1":"post","2":"type-post","3":"status-publish","4":"format-standard","5":"has-post-thumbnail","7":"category-swiat","8":"tag-breaking-news","9":"tag-breakingnews","10":"tag-headlines","11":"tag-latest-news","12":"tag-latestnews","13":"tag-naglowki","14":"tag-najwazniejsze-artykuly","15":"tag-news","16":"tag-polish","17":"tag-polski","18":"tag-swiat","19":"tag-top-stories","20":"tag-topstories","21":"tag-wiadomosci","22":"tag-world","23":"tag-world-news","24":"tag-worldnews"},"share_on_mastodon":{"url":"https:\/\/pubeurope.com\/@pl\/115878203662979985","error":""},"_links":{"self":[{"href":"https:\/\/www.europesays.com\/pl\/wp-json\/wp\/v2\/posts\/199943","targetHints":{"allow":["GET"]}}],"collection":[{"href":"https:\/\/www.europesays.com\/pl\/wp-json\/wp\/v2\/posts"}],"about":[{"href":"https:\/\/www.europesays.com\/pl\/wp-json\/wp\/v2\/types\/post"}],"author":[{"embeddable":true,"href":"https:\/\/www.europesays.com\/pl\/wp-json\/wp\/v2\/users\/2"}],"replies":[{"embeddable":true,"href":"https:\/\/www.europesays.com\/pl\/wp-json\/wp\/v2\/comments?post=199943"}],"version-history":[{"count":0,"href":"https:\/\/www.europesays.com\/pl\/wp-json\/wp\/v2\/posts\/199943\/revisions"}],"wp:featuredmedia":[{"embeddable":true,"href":"https:\/\/www.europesays.com\/pl\/wp-json\/wp\/v2\/media\/199944"}],"wp:attachment":[{"href":"https:\/\/www.europesays.com\/pl\/wp-json\/wp\/v2\/media?parent=199943"}],"wp:term":[{"taxonomy":"category","embeddable":true,"href":"https:\/\/www.europesays.com\/pl\/wp-json\/wp\/v2\/categories?post=199943"},{"taxonomy":"post_tag","embeddable":true,"href":"https:\/\/www.europesays.com\/pl\/wp-json\/wp\/v2\/tags?post=199943"}],"curies":[{"name":"wp","href":"https:\/\/api.w.org\/{rel}","templated":true}]}}