{"id":199945,"date":"2026-01-11T19:50:29","date_gmt":"2026-01-11T19:50:29","guid":{"rendered":"https:\/\/www.europesays.com\/pl\/199945\/"},"modified":"2026-01-11T19:50:29","modified_gmt":"2026-01-11T19:50:29","slug":"kto-placi-na-pis-na-liscie-nie-brakuje-zaskoczen","status":"publish","type":"post","link":"https:\/\/www.europesays.com\/pl\/199945\/","title":{"rendered":"Kto p\u0142aci na PiS? Na li\u015bcie nie brakuje zaskocze\u0144"},"content":{"rendered":"<p class=\"article-p\" data-section=\"detail-body\">Prawo i Sprawiedliwo\u015b\u0107 (PiS) straci\u0142o znaczn\u0105 cz\u0119\u015b\u0107 finansowania w sierpniu 2024 r. By\u0142o to nast\u0119pstwem odrzucenia przez Pa\u0144stwow\u0105 Komisj\u0119 Wyborcz\u0105 (PKW) sprawozdania komitetu wyborczego z wybor\u00f3w parlamentarnych w 2023 r. Chodzi\u0142o m.in. o wykorzystanie zasob\u00f3w Rz\u0105dowego Centrum Legislacji (RCL), pikniki wojskowe promuj\u0105ce kandydat\u00f3w, a tak\u017ce spoty promocyjne Ministerstwa Sprawiedliwo\u015bci. By ratowa\u0107 partyjny bud\u017cet, Jaros\u0142aw Kaczy\u0144ski wprowadzi\u0142 obowi\u0105zkowe daniny. Pos\u0142owie i senatorowie zostali zobowi\u0105zani do wp\u0142acania minimum 1 tys. z\u0142 miesi\u0119cznie, natomiast europos\u0142owie, ze wzgl\u0119du na wy\u017csze zarobki \u2014 5 tys. z\u0142 miesi\u0119cznie.<\/p>\n<p class=\"article-p\" data-section=\"detail-body\"><a href=\"https:\/\/www.fakt.pl\/polityka\/szokujace-wpisy-w-sieci-tusk-wypalil-bez-ogrodek-nizej-upasc-nie-mozna\/rrdv08p\" id=\"b621376d-faef-4fbf-8920-e979a1d5c1c2\" rel=\"nofollow noopener\" target=\"_blank\">Szokuj\u0105ce wpisy w sieci. Tusk wypali\u0142 bez ogr\u00f3dek. &#8222;Ni\u017cej upa\u015b\u0107 nie mo\u017cna&#8221;<\/a><\/p>\n<p class=\"article-p\" data-section=\"detail-body\">Por\u00f3wnuj\u0105c rejestr wp\u0142at z ubieg\u0142ych lat wida\u0107, \u017ce obecnie jest ich znacznie mniej. W 2024 r. lista mia\u0142a 1431 pozycji, natomiast aktualna zawiera ich jedynie 209. W Biuletynie Informacji Publicznej nie znajdziemy pe\u0142nej listy przelew\u00f3w, bo odnotowywane s\u0105 tam tylko kwoty przekraczaj\u0105ce 10 tys. z\u0142otych (zgodnie z ustaw\u0105 o partiach politycznych art. 25 pkt 10). Jak t\u0142umaczy rzecznik partii, je\u017celi wp\u0142ynie kwota w wysoko\u015bci 11 tys., to w rejestrze widnieje tylko 1 tys. z\u0142.<\/p>\n<p>        &#8222;B\u0119dziemy mobilizowa\u0107. Maj\u0105 czas do stycznia&#8221;<\/p>\n<p class=\"article-p\" data-section=\"detail-body\">Skarbnik PiS m\u00f3wi &#8222;Faktowi&#8221;, \u017ce polecenie prezesa dalej obowi\u0105zuje. \u2014 Na pewno b\u0119dziemy mobilizowa\u0107 cz\u0142onk\u00f3w \u2014 zapewnia Henryk Kowalczyk.<\/p>\n<p class=\"article-p\" data-section=\"detail-body\">A jak wygl\u0105da partyjny bud\u017cet? \u2014 Jest stabilnie. Nie mamy ju\u017c kredytu, natomiast wci\u0105\u017c mamy obci\u0119t\u0105 subwencj\u0119. Nie mo\u017cemy spa\u0107 spokojnie, wi\u0119c trzeba ca\u0142y czas apelowa\u0107 o zbi\u00f3rki \u2014 dodaje. Czy Jaros\u0142aw Kaczy\u0144ski tak\u017ce wp\u0142aca na parti\u0119? Pytany o t\u0119 spraw\u0119 skarbnik m\u00f3wi nam, \u017ce prezes wp\u0142aci\u0142 ju\u017c wcze\u015bniej. \u2014 Wys\u0142a\u0142 z zapasem ok. 20 tys. z\u0142otych w 2024 r. \u2014 m\u00f3wi Kowalczyk.<\/p>\n<p class=\"article-p\" data-section=\"detail-body\">\u2014 Cz\u0119\u015b\u0107 wp\u0142aca bardzo regularnie, systematycznie, cz\u0119\u015b\u0107 ma jakie\u015b drobne op\u00f3\u017anienia. Um\u00f3wili\u015bmy si\u0119, \u017ce do ko\u0144ca stycznia b\u0119d\u0105 uzupe\u0142niane. Wtedy b\u0119dziemy si\u0119 zastanawia\u0107, co dalej, jakie sankcje. Ale na razie dajemy szans\u0119 bez \u017cadnego straszenia ani szanta\u017cu \u2014 podsumowuje Kowalczyk.<\/p>\n<p>        Zignorowali polecenie Kaczy\u0144skiego. Nie wszyscy p\u0142ac\u0105 na PiS<\/p>\n<p class=\"article-p\" data-section=\"detail-body\">Dane o darowiznach za miniony 2025 r. pokazuj\u0105, \u017ce ci\u0119\u017car utrzymania struktur spoczywa na barkach konkretnej grupy polityk\u00f3w \u2014 g\u0142\u00f3wnie tych zasiadaj\u0105cych w Parlamencie Europejskim.<\/p>\n<p class=\"article-p\" data-section=\"detail-body\">Bezsprzecznymi liderami zestawienia s\u0105 europos\u0142owie. To ich przelewy stanowi\u0105 najpowa\u017cniejsze zastrzyki got\u00f3wki dla partyjnej kasy. Patryk Jaki w trzech transzach przekaza\u0142 \u0142\u0105cznie nadwy\u017ck\u0119 w wysoko\u015bci 60 tys. z\u0142. Tu\u017c za nim znajduje si\u0119 Marlena Mal\u0105g z kwot\u0105 55 666 z\u0142 40 gr. Jej przypadek jest szczeg\u00f3lnie ciekawy ze wzgl\u0119du na niezwyk\u0142\u0105 systematyczno\u015b\u0107 \u2014 wp\u0142aty realizowa\u0142a niemal co miesi\u0105c, czasem dziel\u0105c je na mniejsze sumy (od 2,5 tys. do 5 tys. z\u0142 nadwy\u017cki ponad 10 tys. z\u0142).<\/p>\n<p>        Kto wp\u0142aca na PiS? Ci politycy wykazuj\u0105 si\u0119 systematyczno\u015bci\u0105<\/p>\n<p class=\"article-p\" data-section=\"detail-body\">Wysok\u0105 dyscyplin\u0105 wykazali si\u0119 r\u00f3wnie\u017c Tobiasz Boche\u0144ski oraz Jacek Ozdoba. Ka\u017cdy z nich zasili\u0142 konto PiS nadwy\u017ck\u0105 50 tys. z\u0142, wp\u0142acaj\u0105c regularnie co miesi\u0105c. Solidne wsparcie wykazali tak\u017ce Daniel Obajtek (nadwy\u017cka r\u00f3wna 45 tys. z\u0142) oraz Joachim Brudzi\u0144ski i Kosma Z\u0142otowski (po 30 tys. z\u0142 nadwy\u017cki).<\/p>\n<p class=\"article-p\" data-section=\"detail-body\">Z rejestru wynika, \u017ce regularne wp\u0142aty powy\u017cej 10 tys. z\u0142 wp\u0142acaj\u0105 wspomniani Boche\u0144ski i Ozdoba, ale tak\u017ce Anna Zalewska oraz pose\u0142 W\u0142odzimierz Tomaszewski.<\/p>\n<p class=\"article-p\" data-section=\"detail-body\">W zestawieniu, kt\u00f3re uwzgl\u0119dnia wp\u0142aty powy\u017cej 10 tys. z\u0142, znale\u017ali si\u0119 te\u017c Andrzej Adamczyk, kt\u00f3ry pojawi\u0142 si\u0119 na li\u015bcie z jedn\u0105, ale znacz\u0105c\u0105 wp\u0142at\u0105 w grudniu. Henryk Kowalczyk widnieje w zestawieniu tak\u017ce jednorazowo z 4 tys. z\u0142 nadwy\u017cki.<\/p>\n<p>        &#8222;Nie zagl\u0105dam kolegom do kieszeni&#8221;<\/p>\n<p class=\"article-p\" data-section=\"detail-body\">Przemys\u0142aw Czarnek zapewnia w rozmowie z &#8222;Faktem&#8221;, \u017ce wp\u0142aca na partyjne konto regularnie, co miesi\u0105c. A co powiedzia\u0142by kole\u017cankom i kolegom, kt\u00f3rzy nie s\u0105 tak systematyczni? \u2014 Musz\u0105 jednak zacz\u0105\u0107 o to dba\u0107. Maj\u0105 czas do ko\u0144ca stycznia \u2014 dodaje.<\/p>\n<p class=\"article-p\" data-section=\"detail-body\">Zbigniew Ku\u017amiuk m\u00f3wi nam, \u017ce wp\u0142aci\u0142 ok. 9 tys. z\u0142otych. \u2014 Mia\u0142em przez par\u0119 miesi\u0119cy ulg\u0119 w zwi\u0105zku z karami na\u0142o\u017conymi przez marsza\u0142ka, ale ta ulga si\u0119 ju\u017c ko\u0144czy \u2014 zaznacza.<\/p>\n<p class=\"article-p\" data-section=\"detail-body\">\u2014 Nie zagl\u0105dam kolegom, innym pos\u0142om do kieszeni. R\u00f3\u017cne s\u0105 sytuacje \u017cyciowe, wi\u0119c to ju\u017c s\u0105 decyzje klubu. Ka\u017cdy przypadek jest analizowany indywidualnie, czy to niefortunna sytuacja \u017cyciowa, czy jest to takie po prostu zachowanie nie fair wobec koleg\u00f3w \u2014 m\u00f3wi Kacper P\u0142a\u017cy\u0144ski.<\/p>\n<p class=\"article-p\" data-section=\"detail-body\"><a href=\"https:\/\/www.fakt.pl\/polityka\/kaczynski-uderzyl-w-tuska-mocno-odpowiedzial-mu-kolega-ze-studiow\/f5qjy10\" id=\"63a95722-b583-45e7-9d40-18350f70fd14\" rel=\"nofollow noopener\" target=\"_blank\">Burza po s\u0142owach Jaros\u0142awa Kaczy\u0144skiego. Wo\u0142osza\u0144ski nie przebiera w s\u0142owach<\/a><\/p>\n","protected":false},"excerpt":{"rendered":"Prawo i Sprawiedliwo\u015b\u0107 (PiS) straci\u0142o znaczn\u0105 cz\u0119\u015b\u0107 finansowania w sierpniu 2024 r. By\u0142o to nast\u0119pstwem odrzucenia przez Pa\u0144stwow\u0105&hellip;\n","protected":false},"author":2,"featured_media":199946,"comment_status":"","ping_status":"","sticky":false,"template":"","format":"standard","meta":{"footnotes":""},"categories":[12],"tags":[32,33,36,37,27,34,35,28,31,25,42,38,40,39,41,29,30,26],"class_list":{"0":"post-199945","1":"post","2":"type-post","3":"status-publish","4":"format-standard","5":"has-post-thumbnail","7":"category-polska","8":"tag-breaking-news","9":"tag-breakingnews","10":"tag-featured-news","11":"tag-featurednews","12":"tag-headlines","13":"tag-latest-news","14":"tag-latestnews","15":"tag-naglowki","16":"tag-najwazniejsze-artykuly","17":"tag-news","18":"tag-pl","19":"tag-poland","20":"tag-polish","21":"tag-polska","22":"tag-polski","23":"tag-top-stories","24":"tag-topstories","25":"tag-wiadomosci"},"share_on_mastodon":{"url":"https:\/\/pubeurope.com\/@pl\/115878207507027523","error":""},"_links":{"self":[{"href":"https:\/\/www.europesays.com\/pl\/wp-json\/wp\/v2\/posts\/199945","targetHints":{"allow":["GET"]}}],"collection":[{"href":"https:\/\/www.europesays.com\/pl\/wp-json\/wp\/v2\/posts"}],"about":[{"href":"https:\/\/www.europesays.com\/pl\/wp-json\/wp\/v2\/types\/post"}],"author":[{"embeddable":true,"href":"https:\/\/www.europesays.com\/pl\/wp-json\/wp\/v2\/users\/2"}],"replies":[{"embeddable":true,"href":"https:\/\/www.europesays.com\/pl\/wp-json\/wp\/v2\/comments?post=199945"}],"version-history":[{"count":0,"href":"https:\/\/www.europesays.com\/pl\/wp-json\/wp\/v2\/posts\/199945\/revisions"}],"wp:featuredmedia":[{"embeddable":true,"href":"https:\/\/www.europesays.com\/pl\/wp-json\/wp\/v2\/media\/199946"}],"wp:attachment":[{"href":"https:\/\/www.europesays.com\/pl\/wp-json\/wp\/v2\/media?parent=199945"}],"wp:term":[{"taxonomy":"category","embeddable":true,"href":"https:\/\/www.europesays.com\/pl\/wp-json\/wp\/v2\/categories?post=199945"},{"taxonomy":"post_tag","embeddable":true,"href":"https:\/\/www.europesays.com\/pl\/wp-json\/wp\/v2\/tags?post=199945"}],"curies":[{"name":"wp","href":"https:\/\/api.w.org\/{rel}","templated":true}]}}