{"id":199949,"date":"2026-01-11T19:52:07","date_gmt":"2026-01-11T19:52:07","guid":{"rendered":"https:\/\/www.europesays.com\/pl\/199949\/"},"modified":"2026-01-11T19:52:07","modified_gmt":"2026-01-11T19:52:07","slug":"media-reprezentant-polski-wraca-do-ekstraklasy-po-10-latach-alez-hit-przeglad-sportowy-onet","status":"publish","type":"post","link":"https:\/\/www.europesays.com\/pl\/199949\/","title":{"rendered":"Media: reprezentant Polski wraca do Ekstraklasy po 10 latach! Ale\u017c hit &#8211; Przegl\u0105d Sportowy Onet"},"content":{"rendered":"<ol>\n<li><a href=\"https:\/\/news.google.com\/rss\/articles\/CBMizwFBVV95cUxQcHk4Rk8ySk1QYThHZnFrYXR4dWtDbVFTUHJyZ0swUnZtZlIxS3ZROFJLT2JPZ2tLa1VGS3pPYkV2TDl2M0hkSXlKZWZZZmhJR1VtYjNwTDNpNDVXc3p3M0VaZFc4eG1xb2xJb2UwN21qZDU1M3hPbnRnX1lxaVhqalZTTGVYcmdhaVE0eTg0V011ekVkdW85Z09nY2dXWUdHYVdrUUYwbWdxLUtMZWVWNGZieFFxdEk1X0ptWjZDanU3TDhud0JpdHc5ci1FZ3M?oc=5\" target=\"_blank\" rel=\"nofollow noopener\">Media: reprezentant Polski wraca do Ekstraklasy po 10 latach! Ale\u017c hit<\/a>&nbsp;&nbsp;Przegl\u0105d Sportowy Onet<\/li>\n<li><a href=\"https:\/\/news.google.com\/rss\/articles\/CBMi0gFBVV95cUxOcTJ3VG9POHlMbTRaR3YxQ3QxTmpTdkFBRXhrU3dncFEzYnNxTmtqWVcteFlTenBUN0RKMi1KUGNZQkM1WmJqSXlWTVJTekM3ZFAxU085VlN4LXA2SmhMc1ZmbXZpUVNMVnJyU244dXVNczRWUXJSWEFXMGVDMHVZRUxXZW5PYjZ5Vmtmay1DYmxjcUhmZEJseng4cmR1SVVSV3Q2aTV5cjFlSXdHRjItc3BuOFp2UWxKMDBELUM0ZkFYTjRIQVp1S3R6dnZfdEtzbGc?oc=5\" target=\"_blank\" rel=\"nofollow noopener\">Dr\u0105gowski wraca do Polski. Hit transferowy i gra o mundial w Widzewie<\/a>&nbsp;&nbsp;Sport w INTERIA.PL<\/li>\n<li><a href=\"https:\/\/news.google.com\/rss\/articles\/CBMimgFBVV95cUxNVVlfOGQ4TzlsRUVyaXZEM0dyM010N3RBNlFUbDZlb2VQZEthRmYwNkU4VDZqbkZtOVd1MHYyVDFaMjI1SUNQel9nOUVmdjFEM1lrWENrR2tYMHhTc0tacDFjY05xT1dYVkpvU01pNVE0NHh3VlphU2Z4dHpnVWxiMU9ybzFwV0NOZzl2U0UxSlZIRlJkMEJudGZR?oc=5\" target=\"_blank\" rel=\"nofollow noopener\">Tyle Widzew \u0141\u00f3d\u017a zap\u0142aci za Bart\u0142omieja Dr\u0105gowskiego<\/a>&nbsp;&nbsp;Transfery.info<\/li>\n<li><a href=\"https:\/\/news.google.com\/rss\/articles\/CBMiugFBVV95cUxPc0FhVmI1MHh6eExmTnFKN1JPTkV0d1dCbjFrdmlteDM2ckJIemd6amVPbS04MVdWaElxdkVmNXBXTU9iM1ZRc1otQTNfd1ZDT2ZKeDBXRlNRazdVRjVZM0JjNVVQX2VaTEZtanphQkY0Z1VtY3NsZi1vWGdEWU9LMmo4czk0aU14Ym5xTkV0WTNra0dtOWRNU0RiczhKMUtvSllKZnhPOTNnRjJPWFp3SnM5N0FIWTVxMGc?oc=5\" target=\"_blank\" rel=\"nofollow noopener\">Reprezentant Polski do\u0142\u0105cza do Widzewa. Znamy szczeg\u00f3\u0142y umowy [NASZ NEWS]<\/a>&nbsp;&nbsp;Meczyki.pl<\/li>\n<li><a href=\"https:\/\/news.google.com\/rss\/articles\/CBMimgFBVV95cUxPcGg0aGo4b0lYbGh4eDZiOHRTdXY1RmFJZWVqc3ZLM21xYVQ1MEkzNzhKdlZmR0xWc0NjZEFIQ2tKR0VuS3FnbVhYcWRlY0x6RE9yTE1DY3RnYmpBZmUxWm04NzlSQlFWVDBobVBBbUgyNGV0NUZPeFc0c2htRWxXOHY0LUxRWjB6Ymg5UjhxWExETVkzY1d0OWhB?oc=5\" target=\"_blank\" rel=\"nofollow noopener\">Dr\u0105gowski wraca do Ekstraklasy. Za granic\u0105 bi\u0142 rekordy i&#8230; traci\u0142 ca\u0142e sezony<\/a>&nbsp;&nbsp;weszlo.com<\/li>\n<\/ol>\n","protected":false},"excerpt":{"rendered":"Media: reprezentant Polski wraca do Ekstraklasy po 10 latach! Ale\u017c hit&nbsp;&nbsp;Przegl\u0105d Sportowy Onet Dr\u0105gowski wraca do Polski. Hit&hellip;\n","protected":false},"author":2,"featured_media":199950,"comment_status":"","ping_status":"","sticky":false,"template":"","format":"standard","meta":{"footnotes":""},"categories":[24],"tags":[11821,274,67,11744,2102,42,38,40,39,41,136,128,47,127,135,126,130,3469],"class_list":{"0":"post-199949","1":"post","2":"type-post","3":"status-publish","4":"format-standard","5":"has-post-thumbnail","7":"category-sport","8":"tag-bartlomiej_dragowski","9":"tag-ekstraklasa","10":"tag-intextvideo_splayer","11":"tag-ogor","12":"tag-panathinaikos","13":"tag-pl","14":"tag-poland","15":"tag-polish","16":"tag-polska","17":"tag-polski","18":"tag-ps_detal_new","19":"tag-psv2","20":"tag-screening_general","21":"tag-sport","22":"tag-sport_sport","23":"tag-sports","24":"tag-wiadomosci_sportowe","25":"tag-widzew_lodz"},"share_on_mastodon":{"url":"https:\/\/pubeurope.com\/@pl\/115878215299728891","error":""},"_links":{"self":[{"href":"https:\/\/www.europesays.com\/pl\/wp-json\/wp\/v2\/posts\/199949","targetHints":{"allow":["GET"]}}],"collection":[{"href":"https:\/\/www.europesays.com\/pl\/wp-json\/wp\/v2\/posts"}],"about":[{"href":"https:\/\/www.europesays.com\/pl\/wp-json\/wp\/v2\/types\/post"}],"author":[{"embeddable":true,"href":"https:\/\/www.europesays.com\/pl\/wp-json\/wp\/v2\/users\/2"}],"replies":[{"embeddable":true,"href":"https:\/\/www.europesays.com\/pl\/wp-json\/wp\/v2\/comments?post=199949"}],"version-history":[{"count":0,"href":"https:\/\/www.europesays.com\/pl\/wp-json\/wp\/v2\/posts\/199949\/revisions"}],"wp:featuredmedia":[{"embeddable":true,"href":"https:\/\/www.europesays.com\/pl\/wp-json\/wp\/v2\/media\/199950"}],"wp:attachment":[{"href":"https:\/\/www.europesays.com\/pl\/wp-json\/wp\/v2\/media?parent=199949"}],"wp:term":[{"taxonomy":"category","embeddable":true,"href":"https:\/\/www.europesays.com\/pl\/wp-json\/wp\/v2\/categories?post=199949"},{"taxonomy":"post_tag","embeddable":true,"href":"https:\/\/www.europesays.com\/pl\/wp-json\/wp\/v2\/tags?post=199949"}],"curies":[{"name":"wp","href":"https:\/\/api.w.org\/{rel}","templated":true}]}}