{"id":199957,"date":"2026-01-11T19:57:10","date_gmt":"2026-01-11T19:57:10","guid":{"rendered":"https:\/\/www.europesays.com\/pl\/199957\/"},"modified":"2026-01-11T19:57:10","modified_gmt":"2026-01-11T19:57:10","slug":"rekordowy-mroz-w-polsce-poznaj-najzimniejsze-miejsca-w-tatrach","status":"publish","type":"post","link":"https:\/\/www.europesays.com\/pl\/199957\/","title":{"rendered":"Rekordowy mr\u00f3z w Polsce. Poznaj najzimniejsze miejsca w Tatrach"},"content":{"rendered":"<p>    &#13;<br \/>\n        &#13;<br \/>\n        &#13;<\/p>\n<p>Pomiary temperatur w Polsce prowadzone s\u0105 od wielu lat &#8211; w niekt\u00f3rych miejscach odczytuje si\u0119 je codziennie od przesz\u0142o dw\u00f3ch wiek\u00f3w. Tak\u0105 miejscowo\u015bci\u0105 jest m.in. Wroc\u0142aw. Jednak gdzie jest najzimniej? Od dekad najni\u017csze wyniki nale\u017c\u0105 do Tatr. Nie zmieni\u0142o si\u0119 to r\u00f3wnie\u017c 17 lutego 2025 r., kiedy pad\u0142 kolejny rekord.<\/p>\n<p>Oficjalnie najni\u017csz\u0105 temperatur\u0119 w Polsce odnotowano 10 lutego 1929 r. w\u00a0\u017bywcu, wtedy te\u017c termometry pokaza\u0142y -40,6 st. C. Jest to wynik potwierdzony przez\u00a0Instytut Meteorologii i Gospodarki Wodnej. Jednak rekord ten zosta\u0142 pobity zaledwie rok temu.\u00a0<\/p>\n<p>Dr Bartosz Czernecki z Uniwersytetu im. Adama Mickiewicza w Poznaniu, kt\u00f3ry jest odpowiedzialny za nadzorowanie projektu &#8222;Mrozowiska.pl&#8221; (bada\u0144 temperatur w Tatrach), wskaza\u0142, i\u017c pad\u0142 rekord najni\u017cszej temperatury w Polsce. W Litworowym Kotle (1794 m n.p.m.)\u00a0odnotowano -41,1 st. C.\u00a0Niemniej s\u0105 to badania uniwersyteckie, a stacja nie nale\u017cy do Instytutu Meteorologii i Gospodarki Wodnej. Dlatego te\u017c rekord ten nie zosta\u0142 oficjalnie potwierdzony, aby tak si\u0119 sta\u0142o, dane musia\u0142yby by\u0107 zebrane przez IMGW.<\/p>\n<p>Sprawd\u017a tak\u017ce:\u00a0<a href=\"https:\/\/hub.pl\/nauka\/news-latwa-trasa-na-zimowa-wedrowke-w-karkonoszach-idealna-na-rod,nId,8052162\" rel=\"nofollow noopener\" target=\"_blank\">\u0141atwa trasa na zimow\u0105 w\u0119dr\u00f3wk\u0119 w Karkonoszach. Idealna na rodzinny wypad<\/a><\/p>\n<p>Na stronie wspomnianego projektu mo\u017cemy przeczyta\u0107, \u017ce temperatura w Litworowym Kotle mog\u0142a si\u0119ga\u0107 nawet -60 st. C w 1929 roku (kiedy odnotowano rekord potwierdzony przez IMGW). Niemniej nie prowadzono wtedy w tym miejscu pomiar\u00f3w, wi\u0119c jest to jedynie hipoteza.<\/p>\n<p>Dane s\u0105 zbierane dopiero od 2022 r., kiedy postawiono tam stacj\u0119 pomiarow\u0105 pod nadzorem Zak\u0142adu Meteorologii i Klimatologii Uniwersytetu im. Adama Mickiewicza w Poznaniu.\u00a0Co ciekawe, 18 lipca jeszcze tego samego roku zanotowano najni\u017csz\u0105 temperatur\u0119 dla tego miesi\u0105ca, a by\u0142o to -5,7 st. C. Ponadto by\u0142 to tak\u017ce rekord zimna w Polsce dla lipca.<\/p>\n<p>Przeczytaj te\u017c:\u00a0<a href=\"https:\/\/hub.pl\/nauka\/news-mirra-kadzidlo-i-zloto-czym-byly-dary-biblijnych-trzech-krol,nId,8051684\" rel=\"nofollow noopener\" target=\"_blank\">Mirra, kadzid\u0142o i z\u0142oto. Czym by\u0142y dary biblijnych Trzech Kr\u00f3li?<\/a><\/p>\n<p>Litworowy Kocio\u0142 ma spory potencja\u0142 na odnotowanie nowych rekord\u00f3w, gdy\u017c jest to cyrk lodowcowy (mrozowisko). Mo\u017cna powiedzie\u0107, \u017ce dzia\u0142a on jak miska gromadz\u0105ca zimno &#8211; ch\u0142odne powietrze sp\u0142ywa ze stok\u00f3w i tworzy mro\u017any obszar otoczony przez zbocza oraz rygiel skalny, co ogranicza mo\u017cliwo\u015b\u0107 &#8222;ucieczki&#8221; zimna. Do tego dochodzi brak bezpo\u015bredniego nas\u0142onecznienia, w szczeg\u00f3lno\u015bci podczas zimy, co sprawia, \u017ce temperatury s\u0105 jeszcze ni\u017csze.<\/p>\n<p>Dr Bartosz Czernecki na \u0142amach portalu naukawpolsce.pl podkre\u015bli\u0142, i\u017c mo\u017cliwe jest poprawienie rekordu w najbli\u017cszych sezonach. Czy to b\u0119dzie 2026 rok? Przekonamy si\u0119 o tym zapewne w lutym, kiedy najcz\u0119\u015bciej odnotowuje si\u0119 najni\u017csze temperatury w naszym kraju.<\/p>\n<p>\u0179r\u00f3d\u0142a:\u00a0naukawpolsce.pl,\u00a0mrozowiska.pl\u00a0<\/p>\n","protected":false},"excerpt":{"rendered":"&#13; &#13; &#13; Pomiary temperatur w Polsce prowadzone s\u0105 od wielu lat &#8211; w niekt\u00f3rych miejscach odczytuje si\u0119&hellip;\n","protected":false},"author":2,"featured_media":199958,"comment_status":"","ping_status":"","sticky":false,"template":"","format":"standard","meta":{"footnotes":""},"categories":[12],"tags":[32,33,36,37,27,34,35,28,31,25,42,38,40,39,41,29,30,26],"class_list":{"0":"post-199957","1":"post","2":"type-post","3":"status-publish","4":"format-standard","5":"has-post-thumbnail","7":"category-polska","8":"tag-breaking-news","9":"tag-breakingnews","10":"tag-featured-news","11":"tag-featurednews","12":"tag-headlines","13":"tag-latest-news","14":"tag-latestnews","15":"tag-naglowki","16":"tag-najwazniejsze-artykuly","17":"tag-news","18":"tag-pl","19":"tag-poland","20":"tag-polish","21":"tag-polska","22":"tag-polski","23":"tag-top-stories","24":"tag-topstories","25":"tag-wiadomosci"},"share_on_mastodon":{"url":"https:\/\/pubeurope.com\/@pl\/115878234946962967","error":""},"_links":{"self":[{"href":"https:\/\/www.europesays.com\/pl\/wp-json\/wp\/v2\/posts\/199957","targetHints":{"allow":["GET"]}}],"collection":[{"href":"https:\/\/www.europesays.com\/pl\/wp-json\/wp\/v2\/posts"}],"about":[{"href":"https:\/\/www.europesays.com\/pl\/wp-json\/wp\/v2\/types\/post"}],"author":[{"embeddable":true,"href":"https:\/\/www.europesays.com\/pl\/wp-json\/wp\/v2\/users\/2"}],"replies":[{"embeddable":true,"href":"https:\/\/www.europesays.com\/pl\/wp-json\/wp\/v2\/comments?post=199957"}],"version-history":[{"count":0,"href":"https:\/\/www.europesays.com\/pl\/wp-json\/wp\/v2\/posts\/199957\/revisions"}],"wp:featuredmedia":[{"embeddable":true,"href":"https:\/\/www.europesays.com\/pl\/wp-json\/wp\/v2\/media\/199958"}],"wp:attachment":[{"href":"https:\/\/www.europesays.com\/pl\/wp-json\/wp\/v2\/media?parent=199957"}],"wp:term":[{"taxonomy":"category","embeddable":true,"href":"https:\/\/www.europesays.com\/pl\/wp-json\/wp\/v2\/categories?post=199957"},{"taxonomy":"post_tag","embeddable":true,"href":"https:\/\/www.europesays.com\/pl\/wp-json\/wp\/v2\/tags?post=199957"}],"curies":[{"name":"wp","href":"https:\/\/api.w.org\/{rel}","templated":true}]}}