{"id":200123,"date":"2026-01-11T21:49:12","date_gmt":"2026-01-11T21:49:12","guid":{"rendered":"https:\/\/www.europesays.com\/pl\/200123\/"},"modified":"2026-01-11T21:49:12","modified_gmt":"2026-01-11T21:49:12","slug":"kierujaca-mercedesem-wjechala-pod-rozpedzony-pociag-smierc-na-miejscu-onet","status":"publish","type":"post","link":"https:\/\/www.europesays.com\/pl\/200123\/","title":{"rendered":"Kieruj\u0105ca mercedesem wjecha\u0142a pod rozp\u0119dzony poci\u0105g. \u015amier\u0107 na miejscu &#8211; Onet"},"content":{"rendered":"<ol>\n<li><a href=\"https:\/\/news.google.com\/rss\/articles\/CBMizwFBVV95cUxPR0xWTzZKb2FzLW1zN2QzOWMtalBXUE5JdUFKeDNRYWp3TXN3dzVFLVU4bElSWkR6Q2h3cjRub0VlTHZtVTVmQnBScC1XR2lMRXYzSmkxb0FMVlE4eU1wSzRSQTRHUExjZzc3WjBQamdUWnRvcnU5VzctbF9VcFRjT0Q1WGIxQWtHMWFIR0o0OVpKcTF5c3Z1a2Y4dWR5Ty15NURsMlZ0Z25IdUNsN2tMcHUxejFuTWgxMDZlWHFQa0hKRkNFeGtRSTlwa3ZTcTg?oc=5\" target=\"_blank\" rel=\"nofollow noopener\">Kieruj\u0105ca mercedesem wjecha\u0142a pod rozp\u0119dzony poci\u0105g. \u015amier\u0107 na miejscu<\/a>&nbsp;&nbsp;Onet<\/li>\n<li><a href=\"https:\/\/news.google.com\/rss\/articles\/CBMiyAFBVV95cUxQUkEybUlKR3Q2WU5pbFVWaFBub3ZqWUh2U2JfSkEzRFB6enZYdkhud2gyZGo3Wi1GZXQ5WUUwenlYVTZnSWUwbnJuTHQ1TDdaWmZwTDhaQXRsbm5zOU95cjVVNzlobGZSRTdVRGJWMk9xVzloZGtJTS03WTROakUyajhHOVVpNHZpUmI5dnNPcllXUUoxWEZJTkwyOG15MzlYb3hDbkxweDh2Y0tYc0haSEpTT1ZKbDItSV81WFA1eG0wNXJ1UEFOWg?oc=5\" target=\"_blank\" rel=\"nofollow noopener\">Wjecha\u0142a pod rozp\u0119dzony poci\u0105g. Nie \u017cyje<\/a>&nbsp;&nbsp;TVN24<\/li>\n<li><a href=\"https:\/\/news.google.com\/rss\/articles\/CBMitgFBVV95cUxNVGh3WGRnd2JyLUw4LUI3cTVOMlNzdlFwVVFYY0V5WjFnNS1nRjdsM2pxcDNXUVZ2WDNTUGl1SlQ4eFE1aXY2ZTVRc084bGlVWEdSbU1JMmdISjFzZTBrQXRfMUtSN0VuamJzNHlXVi1QZHIxZzYwMDlTclFZQk9uTm1XZS0zZkxBcFZ6dkpyQjBPa3JxdE85c0lwQ0c5RHp4VWZ2NkdHY2NJVzd3a04zMzJSUkpmZw?oc=5\" target=\"_blank\" rel=\"nofollow noopener\">Kierowca Mercedesa zderzy\u0142 si\u0119 z poci\u0105giem. Zgin\u0105\u0142 na miejscu<\/a>&nbsp;&nbsp;RMF24<\/li>\n<li><a href=\"https:\/\/news.google.com\/rss\/articles\/CBMiuwFBVV95cUxPenZRZTJtZUxmWHhfRmFabVk3a0w5cDJ2T3pjUTRaSmN1cXZFNl9rQkNLVG9RSkJCaVBSRWljd0FudWJKSDUtYm1xcDlFbTBDMHRqd01jSHVsUkhsUnNjTTdSZEZHWDJ3M1hQeXI1ekMyOFhZX05sOTd0OVF6NnQyVHJBUVVkWnJoajhWQmFhRXQwNkI3TEVzRC1hMG9UX3BwSG1JR1puRmF6LWdqYmJobVQ3NUdjN3p6WnVn?oc=5\" target=\"_blank\" rel=\"nofollow noopener\">Dwa kolejne wypadki na torach. Jeden z nich \u015bmiertelny. Czarna seria na kolei<\/a>&nbsp;&nbsp;Gazeta<\/li>\n<li><a href=\"https:\/\/news.google.com\/rss\/articles\/CBMiakFVX3lxTE11eUVWbXIyWl9XMHFXclZPR2toLS1LSGRDQ0NNSnB0Y0JjY0Nabk1WSE1lR09uRlNpYTBhQXdHcnlwdDFldVpQU1FvaTBaZHlCdmxwYndia3V0X1ItejRxdU56WV9kTkowcGc?oc=5\" target=\"_blank\" rel=\"nofollow noopener\">Niebezpieczny poranek na torach<\/a>&nbsp;&nbsp;Kolejowy Portal<\/li>\n<\/ol>\n","protected":false},"excerpt":{"rendered":"Kieruj\u0105ca mercedesem wjecha\u0142a pod rozp\u0119dzony poci\u0105g. \u015amier\u0107 na miejscu&nbsp;&nbsp;Onet Wjecha\u0142a pod rozp\u0119dzony poci\u0105g. Nie \u017cyje&nbsp;&nbsp;TVN24 Kierowca Mercedesa zderzy\u0142&hellip;\n","protected":false},"author":2,"featured_media":200124,"comment_status":"","ping_status":"","sticky":false,"template":"","format":"standard","meta":{"footnotes":""},"categories":[12],"tags":[32,33,36,37,27,67,353,34,35,24570,28,31,53,25,52,68,51,55,42,38,40,39,41,47,29,30,65,50,26,2588],"class_list":{"0":"post-200123","1":"post","2":"type-post","3":"status-publish","4":"format-standard","5":"has-post-thumbnail","7":"category-polska","8":"tag-breaking-news","9":"tag-breakingnews","10":"tag-featured-news","11":"tag-featurednews","12":"tag-headlines","13":"tag-intextvideo_splayer","14":"tag-kolej_koleje_pociag_pociagi_kolejnictwo","15":"tag-latest-news","16":"tag-latestnews","17":"tag-minsk_mazowiecki","18":"tag-naglowki","19":"tag-najwazniejsze-artykuly","20":"tag-new_header","21":"tag-news","22":"tag-onet3","23":"tag-onet3d","24":"tag-onet3d_2i","25":"tag-phx","26":"tag-pl","27":"tag-poland","28":"tag-polish","29":"tag-polska","30":"tag-polski","31":"tag-screening_general","32":"tag-top-stories","33":"tag-topstories","34":"tag-update_me","35":"tag-v2021","36":"tag-wiadomosci","37":"tag-wypadek"},"share_on_mastodon":{"url":"https:\/\/pubeurope.com\/@pl\/115878675218942341","error":""},"_links":{"self":[{"href":"https:\/\/www.europesays.com\/pl\/wp-json\/wp\/v2\/posts\/200123","targetHints":{"allow":["GET"]}}],"collection":[{"href":"https:\/\/www.europesays.com\/pl\/wp-json\/wp\/v2\/posts"}],"about":[{"href":"https:\/\/www.europesays.com\/pl\/wp-json\/wp\/v2\/types\/post"}],"author":[{"embeddable":true,"href":"https:\/\/www.europesays.com\/pl\/wp-json\/wp\/v2\/users\/2"}],"replies":[{"embeddable":true,"href":"https:\/\/www.europesays.com\/pl\/wp-json\/wp\/v2\/comments?post=200123"}],"version-history":[{"count":0,"href":"https:\/\/www.europesays.com\/pl\/wp-json\/wp\/v2\/posts\/200123\/revisions"}],"wp:featuredmedia":[{"embeddable":true,"href":"https:\/\/www.europesays.com\/pl\/wp-json\/wp\/v2\/media\/200124"}],"wp:attachment":[{"href":"https:\/\/www.europesays.com\/pl\/wp-json\/wp\/v2\/media?parent=200123"}],"wp:term":[{"taxonomy":"category","embeddable":true,"href":"https:\/\/www.europesays.com\/pl\/wp-json\/wp\/v2\/categories?post=200123"},{"taxonomy":"post_tag","embeddable":true,"href":"https:\/\/www.europesays.com\/pl\/wp-json\/wp\/v2\/tags?post=200123"}],"curies":[{"name":"wp","href":"https:\/\/api.w.org\/{rel}","templated":true}]}}