{"id":200125,"date":"2026-01-11T21:51:11","date_gmt":"2026-01-11T21:51:11","guid":{"rendered":"https:\/\/www.europesays.com\/pl\/200125\/"},"modified":"2026-01-11T21:51:11","modified_gmt":"2026-01-11T21:51:11","slug":"tenis-komunikat-wta-po-tytule-sabalenki-i-wpadce-swiatek","status":"publish","type":"post","link":"https:\/\/www.europesays.com\/pl\/200125\/","title":{"rendered":"Tenis. Komunikat WTA po tytule Sabalenki i wpadce \u015awi\u0105tek"},"content":{"rendered":"<p class=\"typography ids-typeset-body ids-typeset-body--preset-large link paragraph ids-paragraph ids-paragraph--default\">Takiego otwarcia sezonu chyba \u017caden z polskich kibic\u00f3w tenisa si\u0119 nie spodziewa\u0142. Tego, \u017ce Polska mo\u017ce zosta\u0107 mistrzem United Cup, ale bez punkt\u00f3w Igi \u015awi\u0105tek w dw\u00f3ch decyduj\u0105cych potyczkach. A tak si\u0119 w\u0142a\u015bnie sta\u0142o &#8211; Bia\u0142o-Czerwoni po raz pierwszy si\u0119gn\u0119li po to trofeum, a w sobot\u0119 i niedziel\u0119 punktowali tylko Huberta Hurkacz oraz para: Katarzyna Kawa\/Jan Zieli\u0144ski.<\/p>\n<p class=\"typography ids-typeset-body ids-typeset-body--preset-large link paragraph ids-paragraph ids-paragraph--default\">Te wszystkie rozstrzygni\u0119cia sprawi\u0142y, \u017ce w czo\u0142\u00f3wce rankingu WTA dosz\u0142o do kilku zmian. Jednej bardzo istotnej &#8211; z udzia\u0142em Madison Keys i Mirry Andriejewej. Dlaczego &#8211; o tym za chwil\u0119. I dosz\u0142o te\u017c do zmiany na podium, w tym wypadku &#8211; powrotnej.<\/p>\n<p>Ranking WTA. Aryna Sabalenka powi\u0119kszy\u0142a przewag\u0119 nad Ig\u0105 \u015awi\u0105tek. Bolesny spadek Madison Keys<\/p>\n<p class=\"typography ids-typeset-body ids-typeset-body--preset-large link paragraph ids-paragraph ids-paragraph--default\">Najlepiej punktuj\u0105cymi tenisistkami w pierwszym tygodniu okaza\u0142y si\u0119 Aryna Sabalenka i Belinda Bencic. Szwajcarka nie cieszy\u0142a si\u0119 z tytu\u0142u, ale wygra\u0142a wszystkie swoje spotkania &#8211; i za to otrzyma 500 punkt\u00f3w. <a href=\"https:\/\/sport.interia.pl\/tenis\/news-iga-swiatek-dala-polsce-prowadzenie-w-finale-united-cup-praw,nId,7254557\" target=\"_blank\" rel=\"nofollow noopener\">Podobn\u0105 sytuacj\u0119 dwa lata temu mia\u0142a \u015awi\u0105tek.<\/a> Z kolei Sabalenka za triumf, tak jak rok temu do\u0142o\u017cy\u0142a 500 punkt\u00f3w i powi\u0119kszy\u0142a przewag\u0119 nad \u015awi\u0105tek, patrz\u0105c w kontek\u015bcie sytuacji na starcie tego sezonu. Teraz to ju\u017c 2662 punkty.<\/p>\n<p><img decoding=\"async\" class=\"ids-image-holder__img\" loading=\"lazy\" alt=\"Zawodniczka tenisowa w bia\u0142ej koszulce i czapce sportowej wyra\u017ca silne emocje po zako\u0144czonej akcji na korcie tenisowym. W tle jasnoniebieska nawierzchnia kortu, widoczny fragment rakiety.\" title=\"Iga \u015awi\u0105tek, United Cup 2026\" width=\"4908\" height=\"3143\" src=\"https:\/\/www.europesays.com\/pl\/wp-content\/uploads\/2026\/01\/000M6JVWRQH7J40O-C323-F4.webp.webp\"\/><\/p>\n<p>Iga \u015awi\u0105tek, United Cup 2026IZHAR KHANAFP<\/p>\n<p class=\"typography ids-typeset-body ids-typeset-body--preset-large link paragraph ids-paragraph ids-paragraph--default\">A to dlatego, \u017ce rok temu Iga wygra\u0142a w United Cup a\u017c cztery mecze, przegra\u0142a tylko z Coco Gauff. I dosta\u0142a 325 punkt\u00f3w. W tym roku za trzy zwyci\u0119stwa otrzyma\u0142a 150, podobnie jak Gauff. Dla Amerykanki straty s\u0105 jednak wi\u0119ksze, rok do roku, bo 12 miesi\u0119cy temu mia\u0142a ich 500.<\/p>\n<p class=\"typography ids-typeset-body ids-typeset-body--preset-large link paragraph ids-paragraph ids-paragraph--default\">Po ostatniej aktualizacji rankingi Coco spad\u0142a z trzeciej pozycji na czwart\u0105, za swoj\u0105 rodaczk\u0119 Amand\u0119 Anisimov\u0105. To by\u0142o w\u0142a\u015bnie efektem odpisania 500 punkt\u00f3w. Teraz jednak dosz\u0142o do roszady powrotnej &#8211; zdobycz Gauff i tak by\u0142a wyra\u017anie lepsza od tej Anisimovej, kt\u00f3ra<a href=\"https:\/\/sport.interia.pl\/tenis\/news-sensacja-w-brisbane-trzecia-rakieta-swiata-za-burta-wielki-t,nId,22506373\" target=\"_blank\" rel=\"nofollow noopener\">\u00a0w Brisbane ju\u017c w 1\/8 fina\u0142u uleg\u0142a Kostiuk.<\/a><\/p>\n<p class=\"typography ids-typeset-body ids-typeset-body--preset-large link paragraph ids-paragraph ids-paragraph--default\">To nie ma jednak wi\u0119kszego znaczenia w kontek\u015bcie losowania drabinki Australian Open &#8211; ceremonia odb\u0119dzie si\u0119 w czwartek. Numery trzy i cztery s\u0105 w podobnej sytuacji: jedna z Amerykanek trafi do po\u0142\u00f3wki Sabalenki, druga &#8211; do \u015awi\u0105tek.<\/p>\n<p class=\"typography ids-typeset-body ids-typeset-body--preset-large link paragraph ids-paragraph ids-paragraph--default\">Inaczej wygl\u0105da sytuacja z Madison Keys. Ona teraz straci\u0142a teraz punkty za zesz\u0142oroczny triumf w Adelajdzie &#8211; i spad\u0142a z si\u00f3dmego miejsca na dziewi\u0105te.\u00a0Nie uda\u0142o si\u0119 nadrobi\u0107 tych strat do Jasmine Paolini i Mirry Andriejewej, na przeszkodzie <a href=\"https:\/\/sport.interia.pl\/tenis\/news-dwusetowy-mecz-sabalenki-o-polfinal-mistrzyni-australian-ope,nId,22506627\" target=\"_blank\" rel=\"nofollow noopener\">stan\u0119\u0142a w 1\/4 fina\u0142u Sabalenka<\/a>. Co to oznacza? Obro\u0144czyni tytu\u0142u w Melbourne b\u0119dzie losowana z 9. miejsca &#8211; i na cztery najlepsze zawodniczki mo\u017ce wpa\u015b\u0107 ju\u017c w czwartej rundzie.<\/p>\n<p class=\"typography ids-typeset-body ids-typeset-body--preset-large link paragraph ids-paragraph ids-paragraph--default\">Do TOP 10 awansowa\u0142a za\u015b Belinda Bencic, wypchn\u0119\u0142a z tego grona Jekaterin\u0119 Aleksandrow\u0105. Szwajcarka dokona\u0142a tego po raz pierwszy od 2 kwietnia 2023 roku.<\/p>\n<p>Ranking WTA datowany na 12 stycznia 2026:<\/p>\n<ul class=\"typography ids-typeset-body ids-typeset-body--preset-large list ids-list ids-list--unordered ids-list--size-large \" datatype=\"disc\">\n<li class=\"ids-list-item\">\n<p>1. Aryna Sabalenka &#8211; 10990 pkt<\/p>\n<\/li>\n<li class=\"ids-list-item\">\n<p>2. Iga \u015awi\u0105tek &#8211; 8328 pkt<\/p>\n<\/li>\n<li class=\"ids-list-item\">\n<p>3. Coco Gauff &#8211; 6423 pkt (awans o 1 pozycj\u0119)<\/p>\n<\/li>\n<li class=\"ids-list-item\">\n<p>4. Amanda Anisimova &#8211; 6320 pkt (spadek o 1 pozycj\u0119)<\/p>\n<\/li>\n<li class=\"ids-list-item\">\n<p>5. Jelena Rybakina &#8211; 5850 pkt<\/p>\n<\/li>\n<li class=\"ids-list-item\">\n<p>6. Jessica Pegula &#8211; 5453 pkt<\/p>\n<\/li>\n<li class=\"ids-list-item\">\n<p>8. Jasmine Paolini &#8211; 4267 pkt (awans o 1 pozycj\u0119)<\/p>\n<\/li>\n<li class=\"ids-list-item\">\n<p>9. Mirra Andriejewa &#8211; 4232 pkt (awans o 1 pozycj\u0119)<\/p>\n<\/li>\n<li class=\"ids-list-item\">\n<p>7. Madison Keys &#8211; 4003 pkt (spadek o 2 pozycje)<\/p>\n<\/li>\n<li class=\"ids-list-item\">\n<p>10. Belinda Bencic &#8211; 3512 pkt (awans o 1 pozycj\u0119)<\/p>\n<\/li>\n<\/ul>\n<p class=\"typography ids-typeset-body ids-typeset-body--preset-large link paragraph ids-paragraph ids-paragraph--default\">Miejsca pozosta\u0142ych Polek w TOP 500:<\/p>\n<ul class=\"typography ids-typeset-body ids-typeset-body--preset-large list ids-list ids-list--unordered ids-list--size-large \" datatype=\"disc\">\n<li class=\"ids-list-item\">\n<p>53. Magda Linette &#8211; 1113 pkt (spadek o 1 pozycj\u0119)<\/p>\n<\/li>\n<li class=\"ids-list-item\">\n<p>57. Magdalena Fr\u0119ch &#8211; 1073 pkt (awans o 2 pozycje)<\/p>\n<\/li>\n<li class=\"ids-list-item\">\n<p>134. Linda Klimovicova &#8211; 538 pkt (spadek o 1 pozycj\u0119)<\/p>\n<\/li>\n<li class=\"ids-list-item\">\n<p>135. Katarzyna Kawa &#8211; 537 pkt (spadek o 1 pozycj\u0119)<\/p>\n<\/li>\n<li class=\"ids-list-item\">\n<p>144. Maja Chwali\u0144ska &#8211; 504 pkt (awans o 2 pozycje)<\/p>\n<\/li>\n<li class=\"ids-list-item\">\n<p>323. Martyna Kubka &#8211; 196 pkt<\/p>\n<\/li>\n<li class=\"ids-list-item\">\n<p>395. Weronika Ewald &#8211; 152 pkt<\/p>\n<\/li>\n<li class=\"ids-list-item\">\n<p>441. Zuzanna Pawlikowska &#8211; 129 pkt (awans o 20 pozycji)<\/p>\n<\/li>\n<li class=\"ids-list-item\">\n<p>447. Urszula Radwa\u0144ska &#8211; 125 pkt (spadek o 1 pozycj\u0119)<\/p>\n<\/li>\n<\/ul>\n<ul class=\"typography ids-typeset-body ids-typeset-body--preset-small list--article-list ids-list ids-list--unordered ids-list--size-small \" datatype=\"disc\">\n<li class=\"ids-list-item ids-list-item__content brief-list-item\"><a class=\"ids-undecorated-link link ids-link \" data-spons=\"false\" href=\"https:\/\/sport.interia.pl\/tenis\/news-tusk-byl-nagrywany-szesc-sekund-na-podlodze-w-sieci-lawina-k,nId,22507394\" rel=\"nofollow noopener\" target=\"_blank\">Tusk by\u0142 nagrywany. Sze\u015b\u0107 sekund na pod\u0142odze. W sieci lawina komentarzy<\/a><\/li>\n<li class=\"ids-list-item ids-list-item__content brief-list-item\"><a class=\"ids-undecorated-link link ids-link \" data-spons=\"false\" href=\"https:\/\/sport.interia.pl\/iga-swiatek\/news-polacy-swietuja-nagranie-hitem-sieci-to-sie-wydarzylo-tuz-po,nId,22507375\" rel=\"nofollow noopener\" target=\"_blank\">Polacy \u015bwi\u0119tuj\u0105, nagranie hitem sieci. To si\u0119 wydarzy\u0142o tu\u017c po finale United Cup<\/a><\/li>\n<\/ul>\n<p><img decoding=\"async\" class=\"ids-image-holder__img\" loading=\"lazy\" alt=\"Kobieta ubrana w r\u00f3\u017cow\u0105 bluz\u0119 z kapturem i czapk\u0119 w tym samym kolorze siedzi, gestykuluje d\u0142o\u0144mi i prowadzi rozmow\u0119, obok widoczny bia\u0142y r\u0119cznik.\" title=\"Iga \u015awi\u0105tek\" width=\"4950\" height=\"3214\" src=\"https:\/\/www.europesays.com\/pl\/wp-content\/uploads\/2025\/12\/000LD6V0JFH5A3HA-C323-F4.webp.webp\"\/><\/p>\n<p>Iga \u015awi\u0105tekAFP<\/p>\n<p><img decoding=\"async\" class=\"ids-image-holder__img\" loading=\"lazy\" alt=\"Belinda Bencic\" title=\"Belinda Bencic\" width=\"4144\" height=\"2762\" src=\"https:\/\/www.europesays.com\/pl\/wp-content\/uploads\/2025\/12\/000KS871E4BCRTSM-C323-F4.webp.webp\"\/><\/p>\n<p>Belinda BencicMATTHEW STOCKMAN\/Getty Images via AFPAFP<\/p>\n<p>Iga \u015awi\u0105tek \u2013 Belinda Bencic. Skr\u00f3t meczuPolsat Sport<\/p>\n<p><a class=\"ids-undecorated-link source ids-page-info--source__link\" href=\"https:\/\/www.interia.pl\" rel=\"nofollow noopener\" target=\"_blank\"><img decoding=\"async\" class=\"ids-image-holder__img\" loading=\"lazy\" alt=\"\" title=\"\" height=\"24px\" src=\"https:\/\/www.europesays.com\/pl\/wp-content\/uploads\/2026\/01\/1767782590_880_0009A60QQ5I2TYF7-C202-F4.webp.webp\"\/><\/a><\/p>\n<p>Masz sugestie, uwagi albo widzisz b\u0142\u0105d? Napisz do nas<\/p>\n","protected":false},"excerpt":{"rendered":"Takiego otwarcia sezonu chyba \u017caden z polskich kibic\u00f3w tenisa si\u0119 nie spodziewa\u0142. Tego, \u017ce Polska mo\u017ce zosta\u0107 mistrzem&hellip;\n","protected":false},"author":2,"featured_media":200126,"comment_status":"","ping_status":"","sticky":false,"template":"","format":"standard","meta":{"footnotes":""},"categories":[24],"tags":[42,38,40,39,41,127,126],"class_list":{"0":"post-200125","1":"post","2":"type-post","3":"status-publish","4":"format-standard","5":"has-post-thumbnail","7":"category-sport","8":"tag-pl","9":"tag-poland","10":"tag-polish","11":"tag-polska","12":"tag-polski","13":"tag-sport","14":"tag-sports"},"share_on_mastodon":{"url":"https:\/\/pubeurope.com\/@pl\/115878683378511440","error":""},"_links":{"self":[{"href":"https:\/\/www.europesays.com\/pl\/wp-json\/wp\/v2\/posts\/200125","targetHints":{"allow":["GET"]}}],"collection":[{"href":"https:\/\/www.europesays.com\/pl\/wp-json\/wp\/v2\/posts"}],"about":[{"href":"https:\/\/www.europesays.com\/pl\/wp-json\/wp\/v2\/types\/post"}],"author":[{"embeddable":true,"href":"https:\/\/www.europesays.com\/pl\/wp-json\/wp\/v2\/users\/2"}],"replies":[{"embeddable":true,"href":"https:\/\/www.europesays.com\/pl\/wp-json\/wp\/v2\/comments?post=200125"}],"version-history":[{"count":0,"href":"https:\/\/www.europesays.com\/pl\/wp-json\/wp\/v2\/posts\/200125\/revisions"}],"wp:featuredmedia":[{"embeddable":true,"href":"https:\/\/www.europesays.com\/pl\/wp-json\/wp\/v2\/media\/200126"}],"wp:attachment":[{"href":"https:\/\/www.europesays.com\/pl\/wp-json\/wp\/v2\/media?parent=200125"}],"wp:term":[{"taxonomy":"category","embeddable":true,"href":"https:\/\/www.europesays.com\/pl\/wp-json\/wp\/v2\/categories?post=200125"},{"taxonomy":"post_tag","embeddable":true,"href":"https:\/\/www.europesays.com\/pl\/wp-json\/wp\/v2\/tags?post=200125"}],"curies":[{"name":"wp","href":"https:\/\/api.w.org\/{rel}","templated":true}]}}