{"id":200390,"date":"2026-01-12T05:58:09","date_gmt":"2026-01-12T05:58:09","guid":{"rendered":"https:\/\/www.europesays.com\/pl\/200390\/"},"modified":"2026-01-12T05:58:09","modified_gmt":"2026-01-12T05:58:09","slug":"administracja-donalda-trumpa-wysyla-do-minneapolis-setki-dodatkowych-funkcjonariuszy","status":"publish","type":"post","link":"https:\/\/www.europesays.com\/pl\/200390\/","title":{"rendered":"Administracja Donalda Trumpa wysy\u0142a do Minneapolis setki dodatkowych funkcjonariuszy"},"content":{"rendered":"<p class=\"ods-c-paragraph \">Noem zapowiedzia\u0142a zwi\u0119kszenie obecno\u015bci federalnych s\u0142u\u017cb w Minneapolis podczas wywiad\u00f3w w telewizjach Fox Business i CNN. Przekonywa\u0142a, \u017ce jest to konieczne, by zapewni\u0107 bezpiecze\u0144stwo funkcjonariuszom Stra\u017cy Granicznej i S\u0142u\u017cby ds. Imigracji i Egzekwowania Ce\u0142 (ICE), kt\u00f3rych wys\u0142ano do Minnesoty w ramach &#8222;najwi\u0119kszej w historii&#8221; operacji przeciwko nielegalnym imigrantom.<\/p>\n<p class=\"ods-c-paragraph \">\u2014 Dzi\u015b i jutro wysy\u0142amy wi\u0119cej funkcjonariuszy; przyb\u0119d\u0105, b\u0119d\u0105 ich setki, aby umo\u017cliwi\u0107 naszym funkcjonariuszom ICE i Stra\u017cy Granicznej pracuj\u0105cym w Minneapolis bezpieczn\u0105 prac\u0119 \u2014 powiedzia\u0142a Noem w Fox Business.<\/p>\n<p>Dalszy ci\u0105g artyku\u0142u pod materia\u0142em wideo<\/p>\n<p> Ile funkcjonariuszy federalnych zostanie wys\u0142anych do Minneapolis? <\/p>\n<p> Jakie by\u0142y powody zwi\u0119kszenia obecno\u015bci s\u0142u\u017cb w Minneapolis? <\/p>\n<p> Co Kristi Noem powiedzia\u0142a o Renee Good? <\/p>\n<p> Jakie konsekwencje mia\u0142y protesty w Minneapolis? <\/p>\n<p class=\"ods-c-paragraph \">M\u00f3wi\u0105c o misji w Minneapolis, gdzie ju\u017c wys\u0142ano ponad 2 tys. funkcjonariuszy, uzasadnia\u0142a j\u0105 afer\u0105 wy\u0142udzania przez cz\u0142onk\u00f3w somalijskiej diaspory w tym stanie miliard\u00f3w dolar\u00f3w stanowych pieni\u0119dzy.<\/p>\n<p class=\"ods-c-paragraph \">\u2014 Chodzi o odkrycie tej prawdziwej korupcji i kradzie\u017cy, do kt\u00f3rej tam dosz\u0142o \u2014 podkre\u015bla\u0142a, dodaj\u0105c, \u017ce Minneapolis jest epicentrum tego procederu i oskar\u017caj\u0105c w\u0142adze stanu o &#8222;ochron\u0119 przest\u0119pc\u00f3w&#8221;.<\/p>\n<p>Kristi Noem broni swoich wypowiedzi o zabitej przez agenta ICE Renee Good<\/p>\n<p class=\"ods-c-paragraph \">W wywiadzie dla CNN Noem broni\u0142a tymczasem swoich wypowiedzi na temat zabicia przez funkcjonariusza ICE 37-letniej Renee Good, kt\u00f3ra bra\u0142a udzia\u0142 w protestach przeciwko dzia\u0142aniom tej s\u0142u\u017cby. Noem podtrzyma\u0142a swoje zdanie wyg\u0142oszone tu\u017c po tragedii, kiedy nazwa\u0142a ofiar\u0119 &#8222;terrorystk\u0105&#8221;.<\/p>\n<p class=\"ods-c-paragraph \">\u2014 Je\u015bli spojrze\u0107 na definicj\u0119 terroryzmu krajowego, idealnie pasuje ona do sytuacji na miejscu \u2014 stwierdzi\u0142a. \u2014 Ten funkcjonariusz zosta\u0142 potr\u0105cony przez pojazd, ona u\u017cy\u0142a go jako broni, a on broni\u0142 \u017cycia swojego, otaczaj\u0105cych go koleg\u00f3w i publiki \u2014 m\u00f3wi\u0142a.<\/p>\n<p class=\"ods-c-paragraph \">W\u0142adze federalne, w tym Noem s\u0105 oskar\u017cane przez Demokrat\u00f3w i krytyk\u00f3w o k\u0142amstwa na temat tego zdarzenia i bezpodstawne oskar\u017canie ofiary o ch\u0119\u0107 ataku na funkcjonariusza. Kontrowersje wywo\u0142uje te\u017c decyzja FBI o odci\u0119ciu od \u015bledztwa w sprawie incydentu s\u0142u\u017cb stanowych. Senator z Minnesoty Tina Smith powiedzia\u0142a w niedziel\u0119 w wywiadzie dla telewizji ABC, \u017ce uwa\u017ca to za pr\u00f3b\u0119 tuszowania zbrodni.<\/p>\n<p class=\"ods-c-paragraph \">\u2014 My\u015bl\u0119, \u017ce to, co tu widzimy, to pr\u00f3ba rz\u0105du federalnego, Kristi Noem, wiceprezydenta Vance&#8217;a i Donalda Trumpa zatuszowania tego, co wydarzy\u0142o si\u0119 w Twin Cities (Minneapolis i St. Paul \u2014 PAP). I nie s\u0105dz\u0119, \u017ceby ludzie tutaj i w ca\u0142ym kraju w to wierzyli \u2014 powiedzia\u0142a Smith.<\/p>\n<p class=\"ods-c-paragraph \">W nast\u0119pstwie zdarzenia w mie\u015bcie codziennie odbywaj\u0105 si\u0119 demonstracje i dochodzi\u0142o do sporadycznych star\u0107 i przepychanek mi\u0119dzy protestuj\u0105cymi i funkcjonariuszami. Wed\u0142ug w\u0142adz Minneapolis, w weekend zatrzymano 30 os\u00f3b, a jeden policjant odni\u00f3s\u0142 niewielkie obra\u017cenia w wyniku uderzenia kawa\u0142kiem lodu.<\/p>\n","protected":false},"excerpt":{"rendered":"Noem zapowiedzia\u0142a zwi\u0119kszenie obecno\u015bci federalnych s\u0142u\u017cb w Minneapolis podczas wywiad\u00f3w w telewizjach Fox Business i CNN. Przekonywa\u0142a, \u017ce&hellip;\n","protected":false},"author":2,"featured_media":200391,"comment_status":"","ping_status":"","sticky":false,"template":"","format":"standard","meta":{"footnotes":""},"categories":[14],"tags":[32,33,5511,44,27,6956,38611,34,35,37515,27456,28,31,48,25,46,40,41,47,515,80,29,30,71,26,82,83,84],"class_list":{"0":"post-200390","1":"post","2":"type-post","3":"status-publish","4":"format-standard","5":"has-post-thumbnail","7":"category-swiat","8":"tag-breaking-news","9":"tag-breakingnews","10":"tag-cnn","11":"tag-donald_trump","12":"tag-headlines","13":"tag-ice","14":"tag-kristi_noem","15":"tag-latest-news","16":"tag-latestnews","17":"tag-minneapolis","18":"tag-minnesota","19":"tag-naglowki","20":"tag-najwazniejsze-artykuly","21":"tag-nat_styl","22":"tag-news","23":"tag-omp","24":"tag-polish","25":"tag-polski","26":"tag-screening_general","27":"tag-straz_graniczna","28":"tag-swiat","29":"tag-top-stories","30":"tag-topstories","31":"tag-usa","32":"tag-wiadomosci","33":"tag-world","34":"tag-world-news","35":"tag-worldnews"},"share_on_mastodon":{"url":"https:\/\/pubeurope.com\/@pl\/115880598060267159","error":""},"_links":{"self":[{"href":"https:\/\/www.europesays.com\/pl\/wp-json\/wp\/v2\/posts\/200390","targetHints":{"allow":["GET"]}}],"collection":[{"href":"https:\/\/www.europesays.com\/pl\/wp-json\/wp\/v2\/posts"}],"about":[{"href":"https:\/\/www.europesays.com\/pl\/wp-json\/wp\/v2\/types\/post"}],"author":[{"embeddable":true,"href":"https:\/\/www.europesays.com\/pl\/wp-json\/wp\/v2\/users\/2"}],"replies":[{"embeddable":true,"href":"https:\/\/www.europesays.com\/pl\/wp-json\/wp\/v2\/comments?post=200390"}],"version-history":[{"count":0,"href":"https:\/\/www.europesays.com\/pl\/wp-json\/wp\/v2\/posts\/200390\/revisions"}],"wp:featuredmedia":[{"embeddable":true,"href":"https:\/\/www.europesays.com\/pl\/wp-json\/wp\/v2\/media\/200391"}],"wp:attachment":[{"href":"https:\/\/www.europesays.com\/pl\/wp-json\/wp\/v2\/media?parent=200390"}],"wp:term":[{"taxonomy":"category","embeddable":true,"href":"https:\/\/www.europesays.com\/pl\/wp-json\/wp\/v2\/categories?post=200390"},{"taxonomy":"post_tag","embeddable":true,"href":"https:\/\/www.europesays.com\/pl\/wp-json\/wp\/v2\/tags?post=200390"}],"curies":[{"name":"wp","href":"https:\/\/api.w.org\/{rel}","templated":true}]}}