{"id":200422,"date":"2026-01-12T06:29:16","date_gmt":"2026-01-12T06:29:16","guid":{"rendered":"https:\/\/www.europesays.com\/pl\/200422\/"},"modified":"2026-01-12T06:29:16","modified_gmt":"2026-01-12T06:29:16","slug":"pzpn-zrywa-umowe-koniec-finansowego-eldorado-zwiazanego-z-pis-biznesmena","status":"publish","type":"post","link":"https:\/\/www.europesays.com\/pl\/200422\/","title":{"rendered":"PZPN zrywa umow\u0119. Koniec finansowego Eldorado zwi\u0105zanego z PiS biznesmena"},"content":{"rendered":"<p>Sp\u00f3\u0142ka Publicon Sport (PS) powsta\u0142a w pa\u017adzierniku 2021 r. i chocia\u017c nie mia\u0142a \u017cadnego do\u015bwiadczenia w marketingu sportowym, to w\u0142a\u015bnie j\u0105 na pocz\u0105tku 2023 r. najwi\u0119kszy polski zwi\u0105zek sportowy wybra\u0142 do obs\u0142ugi swoich sponsor\u00f3w, p\u0142ac\u0105c za to miliony z\u0142otych prowizji.<\/p>\n<p>Okoliczno\u015bci zawarcia umowy pomi\u0119dzy PZPN i PS do dzi\u015b budz\u0105 kontrowersje.<\/p>\n<p class=\"ods-c-paragraph \"><a href=\"https:\/\/wiadomosci.onet.pl\/tylko-w-onecie\/teczki-i-wielkie-obietnice-jak-spolka-radoslawa-tadajewskiego-opanowala-pzpn\/nslq83j\" id=\"f4b74472-3394-403a-a17c-7445b3726572\" rel=\"nofollow noopener\" target=\"_blank\">Cz\u0142onkowie zarz\u0105du nie mieli bowiem mo\u017cliwo\u015bci zapoznania si\u0119 z jej tre\u015bci\u0105, a do niedawna znana by\u0142a jedynie trzem osobom z w\u0142adz zwi\u0105zku: prezesowi Cezaremu Kuleszy, jego \u00f3wczesnemu zast\u0119pcy Henrykowi Kuli i sekretarzowi \u0141ukaszowi Wachowskiemu.<\/a><\/p>\n<p><img decoding=\"async\" src=\"https:\/\/www.europesays.com\/pl\/wp-content\/uploads\/2026\/01\/r5zk9lBaHR0cHM6Ly9vY2RuLmV1L3B1bHNjbXMvTURBXy9iYmMyMmVlZmEzYTYwNGNiOGY5ZWYwYzE1MjYxMmVkOC5qcGeRlQLNA.jpeg\" height=\"529\" width=\"940\" alt=\"Umowa o wsp\u00f3\u0142pracy pomi\u0119dzy PZPN i sp\u00f3\u0142k\u0105 Publicon Sport\" loading=\"lazy\" class=\"ods-c-image__img ods-c-image__img--vertical\"\/><\/p>\n<p>Umowa o wsp\u00f3\u0142pracy pomi\u0119dzy PZPN i sp\u00f3\u0142k\u0105 Publicon Sport\u017br\u00f3d\u0142o: Zdj\u0119cia w\u0142asne<\/p>\n<p class=\"ods-c-paragraph \">Jej szczeg\u00f3\u0142y ujawnili w listopadzie 2025 r. dziennikarze &#8222;Superwizjera&#8221; TVN. I jak wynika z ich materia\u0142u, s\u0105 one dla pi\u0142karskiej centrali skrajnie niekorzystne.<\/p>\n<p>Miliony nie tylko z prowizji od um\u00f3w<\/p>\n<p class=\"ods-c-paragraph \">Jak wynika z zawartej na 5 lat umowy, zwi\u0105zek p\u0142aci od tego czasu sp\u00f3\u0142ce nie tylko 13 proc. od warto\u015bci podpisanej umowy sponsorskiej, ale r\u00f3wnie\u017c ca\u0142\u0105 mas\u0119 dodatkowych \u015bwiadcze\u0144. Jak np. te wynikaj\u0105ce z zaanga\u017cowania PS w sprzeda\u017c tzw. nowych produkt\u00f3w, za kt\u00f3re sp\u00f3\u0142ka dostaje <a href=\"https:\/\/przegladsportowy.onet.pl\/pilka-nozna\/ogromna-awantura-w-pzpn-te-miliony-to-klopoty-cezarego-kuleszy\/y6dtld1\" id=\"92228798-19a2-42a2-b074-84af3456d720\" rel=\"nofollow noopener\" target=\"_blank\">rycza\u0142t w wysoko\u015bci 150 tys. z\u0142 miesi\u0119cznie, a do tego prowizj\u0119 (z zastrze\u017ceniem, \u017ce nie b\u0119dzie to mniej, ni\u017c 4,4 mln z\u0142 rocznie).<\/a> Gwarantuje to zupe\u0142nie odr\u0119bna umowa podpisana przez PZPN z Publicon Sport.<\/p>\n<p><img decoding=\"async\" src=\"https:\/\/www.europesays.com\/pl\/wp-content\/uploads\/2026\/01\/_3Lk9lBaHR0cHM6Ly9vY2RuLmV1L3B1bHNjbXMvTURBXy8xZDZlYjg5OTYwOWIyNzIyYmZhZTMxMjY1ZTc0ZmUyMS5qcGeRlQLNA.jpeg\" height=\"529\" width=\"940\" alt=\"Druga umowa o wsp\u00f3\u0142pracy PZPN z Publicon Sport, gwarantuj\u0105ca sp\u00f3\u0142ce dodatkowy przych\u00f3d w wysoko\u015bci 4,4 mln z\u0142 rocznie\" loading=\"lazy\" class=\"ods-c-image__img ods-c-image__img--vertical\"\/><\/p>\n<p>Druga umowa o wsp\u00f3\u0142pracy PZPN z Publicon Sport, gwarantuj\u0105ca sp\u00f3\u0142ce dodatkowy przych\u00f3d w wysoko\u015bci 4,4 mln z\u0142 rocznie\u017br\u00f3d\u0142o: Zdj\u0119cia w\u0142asne<\/p>\n<p class=\"ods-c-paragraph \">Wbrew zapisom umowy \u2014 kt\u00f3ra przewiduje tylko prowizje od sponsor\u00f3w, kt\u00f3rych sp\u00f3\u0142ka sprowadzi\u0142a do PZPN \u2014 Publicon inkasowa\u0142 tak\u017ce premie za te umowy sponsorskie, z kt\u00f3rymi nie mia\u0142 nic wsp\u00f3lnego.<\/p>\n<p class=\"ods-c-paragraph \">Tak dzia\u0142o si\u0119 z prowizjami sponsorskimi od Grupy Maspex, w\u0142a\u015bciciela &#8222;Biedronki&#8221; Jeronimo Martins, Fakro, Kompanii Piwowarskiej, firmy Tarczy\u0144ski i sieci market\u00f3w Leroy Merlin.<\/p>\n<p class=\"ods-c-paragraph \"><a href=\"https:\/\/przegladsportowy.onet.pl\/pilka-nozna\/pzpn-reaguje-na-powazne-zarzuty-jednoznacznie\/xc1c4dd\" id=\"e9741ff3-68d0-40f7-93af-93241fb14986\" rel=\"nofollow noopener\" target=\"_blank\">Wszystkie te firmy zaprzeczy\u0142y bowiem, by Publicon Sport mia\u0142 jakikolwiek zwi\u0105zek z podpisaniem przez nie um\u00f3w z pi\u0142karsk\u0105 central\u0105.<\/a><\/p>\n<p class=\"ods-c-paragraph \">A gdyby i tego by\u0142o ma\u0142o, to okaza\u0142o si\u0119, \u017ce PS wyp\u0142acona zosta\u0142a r\u00f3wnie\u017c prowizja od kontraktu z InPost, cho\u0107 podpisany zosta\u0142 on przed tym, jak Publicon rozpocz\u0105\u0142 wsp\u00f3\u0142prac\u0119 z PZPN. \u017beby zrozumie\u0107 jej pozycj\u0119 i wyb\u00f3r akurat tej sp\u00f3\u0142ki, nale\u017cy dok\u0142adnie przyjrze\u0107 si\u0119 tworz\u0105cym j\u0105 ludziom i historii jej ewolucji.<\/p>\n<p>Misiewicz i miliony dotacji z NCBiR<\/p>\n<p class=\"ods-c-paragraph \">W dniu rejestracji, 13 pa\u017adziernika 2021 r., w\u0142a\u015bcicielem 100 proc. udzia\u0142\u00f3w Publicon Sport zostaje sp\u00f3\u0142ka Publicon Services, powsta\u0142a dzi\u0119ki dofinansowaniu z funduszu venture capital Czysta3.<\/p>\n<p class=\"ods-c-paragraph \"><a href=\"https:\/\/www.onet.pl\/informacje\/onetwiadomosci\/ma-cba-na-karku-zarabia-na-rzadowej-kampanii-przeciwko-rosji\/7w4lmdq,79cfc278\" id=\"edfcf4e0-3a84-4d37-9a15-3bc06a996683\" rel=\"nofollow noopener\" target=\"_blank\">Jego w\u0142a\u015bcicielem i szefem jest Rados\u0142awa Tadajewski, pochodz\u0105cy z Wroc\u0142awia biznesmen gar\u015bciami czerpi\u0105cy w latach 2015-2023 ze \u015brodk\u00f3w sp\u00f3\u0142ek Skarbu Pa\u0144stwa i innych rz\u0105dowych instytucji.<\/a><\/p>\n<p class=\"ods-c-paragraph \">Do\u015b\u0107 powiedzie\u0107, \u017ce sama Czysta3 powsta\u0142a dzi\u0119ki 40-milionowej dotacji z NCBiR, w uzyskaniu kt\u00f3rej pomaga\u0142 Tadajewskiemu m.in. <a href=\"https:\/\/www.fakt.pl\/polityka\/proces-bartlomieja-m-rozpoczety-co-kryje-akt-oskarzenia\/qtszprv\" id=\"c2678213-5011-4e9e-add0-fe7e97700bba\" rel=\"nofollow noopener\" target=\"_blank\">s\u0142ynny wsp\u00f3\u0142pracownik Antoniego Macierewicza \u2014 Bart\u0142omiej Misiewicz<\/a>.<\/p>\n<p><img decoding=\"async\" src=\"https:\/\/www.europesays.com\/pl\/wp-content\/uploads\/2026\/01\/qBvk9lBaHR0cHM6Ly9vY2RuLmV1L3B1bHNjbXMvTURBXy9kODgwNzVmMjU1ZTJkZTg1MTJhMmExYzliNTNmMWNhOS5qcGeSlQMAA.jpeg\" height=\"788\" width=\"940\" alt=\"Biznesmen Rados\u0142aw Tadajewski i by\u0142y wsp\u00f3\u0142pracownik Antoniego Macierewicza -  Bart\u0142omiej Misiewicz\" loading=\"lazy\" class=\"ods-c-image__img ods-c-image__img--viewport-width\"\/><\/p>\n<p>Biznesmen Rados\u0142aw Tadajewski i by\u0142y wsp\u00f3\u0142pracownik Antoniego Macierewicza &#8211;  Bart\u0142omiej MisiewiczSzymon \u0141aszewski, Maciej Luczniewski\/Reporter \/ PAP\/East News<\/p>\n<p class=\"ods-c-paragraph \">Inne sp\u00f3\u0142ki zwi\u0105zane z Tadajewskim pracowa\u0142y za poprzedniego rz\u0105du m.in. dla Orlenu, Narodowego Banku Polskiego, Banku Gospodarstwa Krajowego. A jedna z nich w 2020 r. wydatnie przyczyni\u0142a si\u0119 do reelekcji prezydenta Andrzeja Dudy, zapewniaj\u0105c mu na ostatniej prostej kampanii wsparcie w kampanii internetowej.<\/p>\n<p class=\"ods-c-paragraph \"><a href=\"https:\/\/www.onet.pl\/informacje\/onetwiadomosci\/jak-agenci-sluzb-specjalnych-z-czasow-pis-pili-ze-swoimi-figurantami-ujawniamy-kulisy\/r1dmq1g,79cfc278\" id=\"fae4661e-5102-4117-8589-9af919807041\" rel=\"nofollow noopener\" target=\"_blank\">Tadajewski da\u0142 si\u0119 za\u015b ostatnio pozna\u0107, jako organizator tzw. patriotycznej dom\u00f3wki, na kt\u00f3rej wsp\u00f3lnie biesiadowali politycy PiS, biznesmeni, prawicowi publicy\u015bci oraz funkcjonariusze s\u0142u\u017cb specjalnych wysokiego szczebla.<\/a><\/p>\n<p><img decoding=\"async\" src=\"https:\/\/www.europesays.com\/pl\/wp-content\/uploads\/2025\/10\/ObRk9lBaHR0cHM6Ly9vY2RuLmV1L3B1bHNjbXMvTURBXy84NjRjNDRkNDA5ZmY5NWY0OWI2ZTIxZGE1MGM1MDJkOC5qcGeSlQMAA.jpeg\" height=\"597\" width=\"828\" alt=\"Rados\u0142aw Tadajewski (z prawej) przed wej\u015bciem do apartamentowca, w kt\u00f3rym odbywa\u0142a si\u0119 zorganizowana przez niego &quot;Patriotyczna dom\u00f3wka&quot; w towarzystwie p\u0142k. Lech Wojciechowski z ABW, \u017ar\u00f3d\u0142o: &quot;Fakt&quot;\" loading=\"lazy\" class=\"ods-c-image__img ods-c-image__img--viewport-width\"\/><\/p>\n<p>Rados\u0142aw Tadajewski (z prawej) przed wej\u015bciem do apartamentowca, w kt\u00f3rym odbywa\u0142a si\u0119 zorganizowana przez niego &#8222;Patriotyczna dom\u00f3wka&#8221; w towarzystwie p\u0142k. Lech Wojciechowski z ABW, \u017ar\u00f3d\u0142o: &#8222;Fakt&#8221;Fakt<\/p>\n<p class=\"ods-c-paragraph \">Publicon Sport nale\u017cy dzi\u015b ju\u017c do innej sp\u00f3\u0142ki \u2014 zarejestrowanej w czerwcu 2022 roku PSI przez Szymona Sikorskiego, kt\u00f3ry w po\u0142owie 2023 r. 75 proc. sprzeda\u0142 Rados\u0142awowi Tadajewskiemu. W roku 2023 przychody PS wynios\u0142y ponad 14 mln z\u0142.<\/p>\n<p>Pomogli Kuleszy wygra\u0107 wybory na szefa PZPN  <\/p>\n<p class=\"ods-c-paragraph \">Kontrakt z PZPN mia\u0142 by\u0107 swego rodzaju wyrazem wdzi\u0119czno\u015bci za pomoc, jakiej ludzie Publiconu udzielili Cezaremu Kuleszy w zwyci\u0119stwie w wyborach na prezesa PZPN w czasach rz\u0105d\u00f3w PiS. Firma obiecywa\u0142a te\u017c PZPN now\u0105, rekordow\u0105 umow\u0119 sponsorsk\u0105 z Orlenem, z kt\u00f3rego wiceprezesem ds. marketingu i sponsoringu by\u0142 w\u00f3wczas Adamem Burkiem przyja\u017ani\u0142 si\u0119 Rados\u0142aw Tadajewski.<\/p>\n<p><img decoding=\"async\" src=\"https:\/\/www.europesays.com\/pl\/wp-content\/uploads\/2026\/01\/8yDk9lBaHR0cHM6Ly9vY2RuLmV1L3B1bHNjbXMvTURBXy8wZjYxNDgzNTVjOTBlYzRlNjY3YmNkZjBjYjk5YWE1OC5qcGeRlQLNA.jpeg\" height=\"529\" width=\"940\" alt=\"Prezes Publiconu Sport Szymon Sikorski i jeden z dyrektor\u00f3w PZPN Piotr Zieli\u0144ski podczas Mundialu w Katarze\" loading=\"lazy\" class=\"ods-c-image__img ods-c-image__img--vertical\"\/><\/p>\n<p>Prezes Publiconu Sport Szymon Sikorski i jeden z dyrektor\u00f3w PZPN Piotr Zieli\u0144ski podczas Mundialu w KatarzeOnet<\/p>\n<p class=\"ods-c-paragraph \">\u2014 Kulesza powtarza\u0142, \u017ce dzi\u0119ki nim do zwi\u0105zku pop\u0142ynie rzeka pieni\u0119dzy, a nowa umowa ze sponsorem g\u0142\u00f3wnym b\u0119dzie du\u017co wy\u017csza od tej, kt\u00f3ra ko\u0144czy\u0142a si\u0119 w grudniu 2022 r. [chodzi o umow\u0119 z Lotosem]. Co najmniej kilka razy dochodzi\u0142o do towarzyskich imprez z lud\u017ami z Orlenu, w tym z Burakiem \u2014 opowiada nasz informator z centrali PZPN.<\/p>\n<p><img decoding=\"async\" src=\"https:\/\/www.europesays.com\/pl\/wp-content\/uploads\/2026\/01\/QQTk9lBaHR0cHM6Ly9vY2RuLmV1L3B1bHNjbXMvTURBXy9jNzYwYzMyMjYyNDAyZjNiZTVmNWE4MGNmMGMyNmI2Yi5wbmeRlQLNB.jpeg\" height=\"522\" width=\"940\" alt=\"Oferta sp\u00f3\u0142ki Publicon Sport dla PZPN \" loading=\"lazy\" class=\"ods-c-image__img ods-c-image__img--viewport-width\"\/><\/p>\n<p>Oferta sp\u00f3\u0142ki Publicon Sport dla PZPNOnet<\/p>\n<p> Cz\u0142onek zarz\u0105du PZPN: \u201eUmowa niekorzystna. Nie wyobra\u017camy sobie dalszej wsp\u00f3\u0142pracy\u201d<\/p>\n<p class=\"ods-c-paragraph \">Po emisji materia\u0142u &#8222;Superwizjera&#8221; w zwi\u0105zku zawrza\u0142o. Tym bardziej \u017ce okaza\u0142o si\u0119, \u017ce umowa jest praktycznie niewypowiadalna przez ca\u0142y okres swego obowi\u0105zywania. A na dodatek \u2014 je\u015bli PZPN na 18 miesi\u0119cy przed up\u0142ywem jej obowi\u0105zywania nie zg\u0142osi ch\u0119ci zako\u0144czenia wsp\u00f3\u0142pracy, automatycznie przed\u0142u\u017cy si\u0119 ona o kolejne pi\u0119\u0107 lat. Zn\u00f3w bez mo\u017cliwo\u015bci wypowiedzenia.<\/p>\n<p class=\"ods-c-paragraph \"><a href=\"https:\/\/wiadomosci.onet.pl\/kraj\/prezes-pzpn-bawil-sie-z-politykami-pis-redakcja-pokazala-dowod-nagranie\/l1hndem\" id=\"60138df6-23b4-4728-b1ac-f3e3bd6b978c\" rel=\"nofollow noopener\" target=\"_blank\">18 miesi\u0119cy do zako\u0144czenia obowi\u0105zywania umowy przypada na dzie\u0144 31 stycznia.<\/a><\/p>\n<p><img decoding=\"async\" src=\"https:\/\/www.europesays.com\/pl\/wp-content\/uploads\/2025\/12\/t2Bk9lBaHR0cHM6Ly9vY2RuLmV1L3B1bHNjbXMvTURBXy8yNjhiOWM4M2YxZGY5ZTY2NzgyZjNmZjQ3OTU1MTk1NS5wbmeRlQLNB.jpeg\" height=\"529\" width=\"940\" loading=\"lazy\" class=\"ods-c-image__img ods-c-image__img--viewport-width\"\/> <\/p>\n<p class=\"ods-c-paragraph \">\u2014 Nie wyobra\u017cam sobie, aby\u015bmy przed tym terminem nie poinformowali Publiconu Sport, \u017ce nie chcemy z nimi d\u0142u\u017cej wsp\u00f3\u0142pracowa\u0107 \u2014 m\u00f3wi Onetowi jeden z cz\u0142onk\u00f3w zarz\u0105du PZPN. \u2014 Ju\u017c dzisiaj mog\u0119 z ca\u0142\u0105 pewno\u015bci\u0105 powiedzie\u0107, \u017ce w zarz\u0105dzie jest wi\u0119kszo\u015b\u0107 gotowa przeg\u0142osowa\u0107 ewentualny wniosek o zako\u0144czenie tej wsp\u00f3\u0142pracy.<\/p>\n<p class=\"ods-c-paragraph \">Inny cz\u0142onek zarz\u0105du m\u00f3wi jeszcze dobitniej: \u2014 Ta umowa jest z punktu interes\u00f3w zwi\u0105zku skrajnie niekorzystna i pewnie dlatego tak d\u0142ugo utrzymywano j\u0105 w tajemnicy. Nie ma \u017cadnego powodu, by PZPN zleca\u0142 tego typu dzia\u0142ania komu\u015b z zewn\u0105trz. W ramach centrali powinna powsta\u0107 odpowiednia zajmuj\u0105ca si\u0119 tym kom\u00f3rka, co pozwoli\u0142oby zaoszcz\u0119dzi\u0107 miliony z\u0142otych, kt\u00f3re dzi\u015b p\u0142acimy w prowizjach.<\/p>\n<p>Umowa nie zostanie przed\u0142u\u017cona. Tadajewski dosta\u0142 w\u0142a\u015bnie pismo z PZPN<\/p>\n<p class=\"ods-c-paragraph \">Umow\u0119 wci\u0105\u017c analizuje trzyosobowa grupa cz\u0142onk\u00f3w komisji rewizyjnej PZPN, kt\u00f3ra w po\u0142owie stycznia przedstawi\u0107 ma raport ze swojej analizy dokumentu.<\/p>\n<p class=\"ods-c-paragraph \">Na 30 stycznia z kolei zaplanowano posiedzenie zarz\u0105du pi\u0142karskiej centrali.<\/p>\n<p class=\"ods-c-paragraph \"><a href=\"https:\/\/przegladsportowy.onet.pl\/pilka-nozna\/cezary-kulesza-obnazony-gigantyczna-burza-po-tym-co-stalo-sie-w-pzpn\/hcfg560\" id=\"836e308f-194f-4fd8-b373-4b99df440dac\" rel=\"nofollow noopener\" target=\"_blank\">Jak jednak wynika z nieoficjalnych ustale\u0144 Onetu wynikaj\u0105cych z rozm\u00f3w na najwy\u017cszym szczeblu PZPN, w\u0142adze zwi\u0105zku ju\u017c wys\u0142a\u0142y do Publiconu Sport odpowiednie pismo, w kt\u00f3rym o\u015bwiadcza, \u017ce nie zamierza przed\u0142u\u017ca\u0107 wsp\u00f3\u0142pracy.<\/a><\/p>\n<p><img decoding=\"async\" src=\"https:\/\/www.europesays.com\/pl\/wp-content\/uploads\/2026\/01\/SM1k9lBaHR0cHM6Ly9vY2RuLmV1L3B1bHNjbXMvTURBXy9jMGE5OWE5NGQwNDY4NjExYzM2MDcxYzM1YTliOTdkNS5qcGeRlQLNB.jpeg\" height=\"627\" width=\"940\" alt=\"\u0141ukasz Wachowski (z lewej) i Cezary Kulesza\" loading=\"lazy\" class=\"ods-c-image__img ods-c-image__img--viewport-width\"\/><\/p>\n<p>\u0141ukasz Wachowski (z lewej) i Cezary KuleszaPiotr Kucza \/ newspix.pl<\/p>\n<p class=\"ods-c-paragraph \">Decyzja taka, jak s\u0142yszymy, podj\u0119ta zosta\u0142a w tr\u00f3jk\u0105cie najwy\u017cszych w\u0142adz zwi\u0105zkowych: prezesa PZPN Cezarego Kuleszy, jego zast\u0119pcy ds. organizacyjno-finansowych Adama Ka\u017amierczaka i sekretarza generalnego \u0141ukasza Wachowskiego.<\/p>\n<p class=\"ods-c-paragraph \">\u2014 Uznano, \u017ce wok\u00f3\u0142 sp\u00f3\u0142ki Publicon Sport naros\u0142o zbyt wiele kontrowersji \u2014 s\u0142yszymy od jednego z naszych informator\u00f3w.<\/p>\n<p class=\"ods-c-paragraph \"><a href=\"https:\/\/wiadomosci.onet.pl\/tylko-w-onecie\/pol-miliona-rocznie-dla-spolki-kumpla-czlonka-zarzadu-orlenu\/4hjbzfj\" id=\"ec1121c2-09eb-465a-b49d-a0524d3c9b0b\" rel=\"nofollow noopener\" target=\"_blank\">Ale cho\u0107 umow\u0119 formalnie wypowiedziano i tam obowi\u0105zywa\u0107 b\u0119dzie jeszcze przez 18 miesi\u0119cy, do 31 lipca 2027 r. <\/a><\/p>\n<p class=\"ods-c-paragraph \">Zawarta zosta\u0142a bowiem w taki spos\u00f3b, \u017ce gdyby PZPN nie z\u0142o\u017cy\u0142 takiej deklaracji do dnia 31 stycznia 2026 r., umowa automatycznie zosta\u0142aby przed\u0142u\u017cona o kolejne 5 lat, czyli do 2032 roku.<\/p>\n<p><img decoding=\"async\" src=\"https:\/\/www.europesays.com\/pl\/wp-content\/uploads\/2026\/01\/9hEk9lBaHR0cHM6Ly9vY2RuLmV1L3B1bHNjbXMvTURBXy9iNzM0MjUxZmRmMzVhMWNhNmVjYjcwMTJlOTY4MzY1OS5qcGeRlQLNA.jpeg\" height=\"529\" width=\"940\" alt=\"Zapis umowy pomi\u0119dzy PZPN i Publicon Sport o automatycznym przed\u0142u\u017ceniu okresu jej obowi\u0105zywania w przypadku nie z\u0142o\u017cenia przez pikarski zwi\u0105zek deklaracji o zako\u0144czeniu wsp\u00f3\u0142pracy\" loading=\"lazy\" class=\"ods-c-image__img ods-c-image__img--vertical\"\/><\/p>\n<p>Zapis umowy pomi\u0119dzy PZPN i Publicon Sport o automatycznym przed\u0142u\u017ceniu okresu jej obowi\u0105zywania w przypadku nie z\u0142o\u017cenia przez pikarski zwi\u0105zek deklaracji o zako\u0144czeniu wsp\u00f3\u0142pracy\u017br\u00f3d\u0142o: Zdj\u0119cia w\u0142asne<\/p>\n<p class=\"ods-c-paragraph \">Po emisji reporta\u017cu &#8222;Superwizjera&#8221; do Prokuratury Okr\u0119gowej w Warszawie wp\u0142yn\u0119\u0142y dwa zawiadomienia o mo\u017cliwo\u015bci pope\u0142nienia przest\u0119pstwa przez w\u0142adze PZPN polegaj\u0105cego na dzia\u0142aniu na szkod\u0119 zwi\u0105zku. Zawiadamiaj\u0105cy podnosili w nich r\u00f3wnie\u017c spraw\u0119 wyp\u0142acania PS prowizji od um\u00f3w, w zawarciu kt\u00f3rych wroc\u0142awska sp\u00f3\u0142ka nie uczestniczy\u0142a.<\/p>\n<p class=\"ods-c-paragraph \"><a href=\"https:\/\/www.onet.pl\/informacje\/onetpoznan\/klopoty-pawla-wojtali-nowe-fakty-obciazaja-kandydata-na-prezesa-pzpn\/6qb478b,79cfc278\" id=\"b46ba15d-c8f4-478c-a660-b5693342e30b\" rel=\"nofollow noopener\" target=\"_blank\">S\u0142u\u017cby prasowe warszawskiej prokuratury nie potrafi\u0142y nam jednak odpowiedzie\u0107, czy kt\u00f3rekolwiek z nich zako\u0144czy\u0142o si\u0119 wszcz\u0119ciem oficjalnego post\u0119powania. <\/a>Pytania o prowizje wyp\u0142acane Publiconowi Sport \u2014 ich \u0142\u0105czn\u0105 warto\u015b\u0107 i te od sponsor\u00f3w, kt\u00f3rzy twierdz\u0105 dzi\u015b, \u017ce nie uczestniczy\u0142a ona w ich kontaktach z PZPN \u2014 wys\u0142ali\u015bmy do pi\u0142karskiej centrali tydzie\u0144 temu.<\/p>\n<p class=\"ods-c-paragraph \">Do momentu publikacji tego materia\u0142u odpowiedzi na nie jednak nie otrzymali\u015bmy.<\/p>\n","protected":false},"excerpt":{"rendered":"Sp\u00f3\u0142ka Publicon Sport (PS) powsta\u0142a w pa\u017adzierniku 2021 r. i chocia\u017c nie mia\u0142a \u017cadnego do\u015bwiadczenia w marketingu sportowym,&hellip;\n","protected":false},"author":2,"featured_media":200423,"comment_status":"","ping_status":"","sticky":false,"template":"","format":"standard","meta":{"footnotes":"","_share_on_mastodon":"0"},"categories":[24],"tags":[2159,56,11051,48,1633,46,774,12335,42,38,40,39,41,11817,38629,18123,47,38630,127,126,341],"class_list":["post-200422","post","type-post","status-publish","format-standard","has-post-thumbnail","category-sport","tag-andrzej_duda","tag-article_premium","tag-cezary_kulesza","tag-nat_styl","tag-ncbir","tag-omp","tag-orlen","tag-pilkarska_reprezentacja_polski","tag-pl","tag-poland","tag-polish","tag-polska","tag-polski","tag-polski_zwiazek_pilki_noznej","tag-publicon_sport","tag-radoslaw_tadajewski","tag-screening_general","tag-sponsoring","tag-sport","tag-sports","tag-tylko_w_onecie"],"share_on_mastodon":{"url":"https:\/\/pubeurope.com\/@pl\/115880720099279993","error":""},"_links":{"self":[{"href":"https:\/\/www.europesays.com\/pl\/wp-json\/wp\/v2\/posts\/200422","targetHints":{"allow":["GET"]}}],"collection":[{"href":"https:\/\/www.europesays.com\/pl\/wp-json\/wp\/v2\/posts"}],"about":[{"href":"https:\/\/www.europesays.com\/pl\/wp-json\/wp\/v2\/types\/post"}],"author":[{"embeddable":true,"href":"https:\/\/www.europesays.com\/pl\/wp-json\/wp\/v2\/users\/2"}],"replies":[{"embeddable":true,"href":"https:\/\/www.europesays.com\/pl\/wp-json\/wp\/v2\/comments?post=200422"}],"version-history":[{"count":0,"href":"https:\/\/www.europesays.com\/pl\/wp-json\/wp\/v2\/posts\/200422\/revisions"}],"wp:featuredmedia":[{"embeddable":true,"href":"https:\/\/www.europesays.com\/pl\/wp-json\/wp\/v2\/media\/200423"}],"wp:attachment":[{"href":"https:\/\/www.europesays.com\/pl\/wp-json\/wp\/v2\/media?parent=200422"}],"wp:term":[{"taxonomy":"category","embeddable":true,"href":"https:\/\/www.europesays.com\/pl\/wp-json\/wp\/v2\/categories?post=200422"},{"taxonomy":"post_tag","embeddable":true,"href":"https:\/\/www.europesays.com\/pl\/wp-json\/wp\/v2\/tags?post=200422"}],"curies":[{"name":"wp","href":"https:\/\/api.w.org\/{rel}","templated":true}]}}