{"id":200572,"date":"2026-01-12T08:13:08","date_gmt":"2026-01-12T08:13:08","guid":{"rendered":"https:\/\/www.europesays.com\/pl\/200572\/"},"modified":"2026-01-12T08:13:08","modified_gmt":"2026-01-12T08:13:08","slug":"europa-omawia-zwiekszenie-swojej-obecnosci-wojskowej-na-grenlandii","status":"publish","type":"post","link":"https:\/\/www.europesays.com\/pl\/200572\/","title":{"rendered":"Europa omawia zwi\u0119kszenie swojej obecno\u015bci wojskowej na Grenlandii"},"content":{"rendered":"<p>Grupa europejskich kraj\u00f3w, w\u00a0tym Wielka Brytania i\u00a0Niemcy, analizuje mo\u017cliwo\u015b\u0107 wzmocnienia wojskowej obecno\u015bci na Grenlandii. Celem tych dzia\u0142a\u0144 jest przekonanie USA, \u017ce Europa powa\u017cnie traktuje kwestie bezpiecze\u0144stwa w\u00a0arktycznym regionie.<\/p>\n<p>Anonimowe \u017ar\u00f3d\u0142a, na kt\u00f3re powo\u0142uje si\u0119 Bloomberg, wskazuj\u0105, \u017ce Niemcy planuj\u0105 zaproponowa\u0107 stworzenie wsp\u00f3lnej misji <a href=\"https:\/\/www.money.pl\/wiadomosci\/nato.html\" rel=\"noopener noreferrer nofollow\" target=\"_blank\">NATO <\/a>w celu monitorowania i\u00a0ochrony interes\u00f3w bezpiecze\u0144stwa w\u00a0Arktyce. Misja ta, znana jako &#8222;Arctic Sentry&#8221;, mia\u0142aby ochroni\u0107 tak\u017ce Grenlandi\u0119.<\/p>\n<p>&#8222;NATO si\u0119 nie rozpadnie&#8221;. Ekspert o\u00a0zakusach Trumpa ws. Grenlandii <\/p>\n<p>Model dla nowej misji m\u00f3g\u0142by stanowi\u0107 projekt &#8222;Baltic Sentry&#8221; (Ba\u0142tycka Stra\u017c), kt\u00f3ry rozpocz\u0119to przed rokiem w\u00a0celu ochrony infrastruktury krytycznej na Morzu Ba\u0142tyckim.<\/p>\n<p>Podczas pi\u0105tkowego spotkania w\u00a0Bia\u0142ym Domu, dotycz\u0105cego wenezuelskiego sektora naftowego, prezydent USA Donald Trump wyrazi\u0142 ch\u0119\u0107 zawarcia porozumienia z\u00a0Grenlandi\u0105, zauwa\u017caj\u0105c &#8222;je\u015bli nie po dobroci, to w\u00a0trudniejszy spos\u00f3b&#8221;. Podkre\u015bli\u0142 r\u00f3wnie\u017c, \u017ce je\u015bli USA tego nie zrobi\u0105, w\u00f3wczas mog\u0105 to uczyni\u0107 Rosja lub <a href=\"https:\/\/www.money.pl\/wiadomosci\/chiny.html\" rel=\"noopener noreferrer nofollow\" target=\"_blank\">Chiny.<\/a><\/p>\n<p>Premierka Danii Mette Frederiksen powiedzia\u0142a w\u00a0niedziel\u0119, \u017ce jej kraj znajduje si\u0119 w\u00a0&#8222;decyduj\u0105cym momencie&#8221; w\u00a0sprawie Grenlandii, autonomicznego terytorium, kt\u00f3remu <a href=\"https:\/\/www.money.pl\/gospodarka\/nawet-100-tys-dolarow-na-mieszkanca-usa-kusza-grenlandczykow-7241465357363712a.html\" rel=\"noopener noreferrer nofollow\" target=\"_blank\">prezydent USA Donald Trump grozi aneksj\u0105. <\/a><\/p>\n<p>Wsparcie dla Grenlandii w\u00a0niedziel\u0119 wyrazili szef MSZ Niemiec Johann Wadephul i\u00a0niemiecki minister finans\u00f3w Lars Klingbeil. &#8211;\u00a0Jest ca\u0142kiem oczywiste, \u017ce o\u00a0tym, co dzieje si\u0119 na Grenlandii, decyduj\u0105 Grenlandczycy. A\u00a0tak\u017ce Kr\u00f3lestwo Danii &#8211;\u00a0powiedzia\u0142 Wadephul przed odlotem do Waszyngtonu, gdzie w\u00a0poniedzia\u0142ek ma spotka\u0107 si\u0119 z\u00a0sekretarzem stanu USA Markiem Rubio.<\/p>\n","protected":false},"excerpt":{"rendered":"Grupa europejskich kraj\u00f3w, w\u00a0tym Wielka Brytania i\u00a0Niemcy, analizuje mo\u017cliwo\u015b\u0107 wzmocnienia wojskowej obecno\u015bci na Grenlandii. Celem tych dzia\u0142a\u0144 jest&hellip;\n","protected":false},"author":2,"featured_media":200573,"comment_status":"","ping_status":"","sticky":false,"template":"","format":"standard","meta":{"footnotes":""},"categories":[5],"tags":[32,33,36,37,27,34,35,28,31,25,42,38,40,39,41,29,30,26],"class_list":{"0":"post-200572","1":"post","2":"type-post","3":"status-publish","4":"format-standard","5":"has-post-thumbnail","7":"category-naglowki","8":"tag-breaking-news","9":"tag-breakingnews","10":"tag-featured-news","11":"tag-featurednews","12":"tag-headlines","13":"tag-latest-news","14":"tag-latestnews","15":"tag-naglowki","16":"tag-najwazniejsze-artykuly","17":"tag-news","18":"tag-pl","19":"tag-poland","20":"tag-polish","21":"tag-polska","22":"tag-polski","23":"tag-top-stories","24":"tag-topstories","25":"tag-wiadomosci"},"share_on_mastodon":{"url":"https:\/\/pubeurope.com\/@pl\/115881128995318755","error":""},"_links":{"self":[{"href":"https:\/\/www.europesays.com\/pl\/wp-json\/wp\/v2\/posts\/200572","targetHints":{"allow":["GET"]}}],"collection":[{"href":"https:\/\/www.europesays.com\/pl\/wp-json\/wp\/v2\/posts"}],"about":[{"href":"https:\/\/www.europesays.com\/pl\/wp-json\/wp\/v2\/types\/post"}],"author":[{"embeddable":true,"href":"https:\/\/www.europesays.com\/pl\/wp-json\/wp\/v2\/users\/2"}],"replies":[{"embeddable":true,"href":"https:\/\/www.europesays.com\/pl\/wp-json\/wp\/v2\/comments?post=200572"}],"version-history":[{"count":0,"href":"https:\/\/www.europesays.com\/pl\/wp-json\/wp\/v2\/posts\/200572\/revisions"}],"wp:featuredmedia":[{"embeddable":true,"href":"https:\/\/www.europesays.com\/pl\/wp-json\/wp\/v2\/media\/200573"}],"wp:attachment":[{"href":"https:\/\/www.europesays.com\/pl\/wp-json\/wp\/v2\/media?parent=200572"}],"wp:term":[{"taxonomy":"category","embeddable":true,"href":"https:\/\/www.europesays.com\/pl\/wp-json\/wp\/v2\/categories?post=200572"},{"taxonomy":"post_tag","embeddable":true,"href":"https:\/\/www.europesays.com\/pl\/wp-json\/wp\/v2\/tags?post=200572"}],"curies":[{"name":"wp","href":"https:\/\/api.w.org\/{rel}","templated":true}]}}