{"id":200578,"date":"2026-01-12T08:16:08","date_gmt":"2026-01-12T08:16:08","guid":{"rendered":"https:\/\/www.europesays.com\/pl\/200578\/"},"modified":"2026-01-12T08:16:08","modified_gmt":"2026-01-12T08:16:08","slug":"nowe-the-division-niespodzianka-ubisoftu-gracze-natrafili-na-baner","status":"publish","type":"post","link":"https:\/\/www.europesays.com\/pl\/200578\/","title":{"rendered":"Nowe The Division niespodziank\u0105 Ubisoftu? Gracze natrafili na baner"},"content":{"rendered":"<p>Ubisoft mo\u017ce ju\u017c wkr\u00f3tce zapowiedzie\u0107 i nawet wrzuci\u0107 na rynek ostateczne wydanie The Division. Trudno jednak powiedzie\u0107, co to dok\u0142adnie b\u0119dzie.<\/p>\n<p>W ostatnich dniach Ubisoft oficjalnie potwierdzi\u0142, \u017ce <a href=\"https:\/\/www.ppe.pl\/news\/395199\/jaraliscie-sie-nowym-jorkiem-w-the-division-szykujcie-sie-na-the-division-3-ktore-bedzie-potworem.html\" rel=\"nofollow noopener\" target=\"_blank\">zesp\u00f3\u0142 pracuje nad The Division 3<\/a>. Jednocze\u015bnie deweloperzy jasno zaznaczyli, \u017ce na now\u0105 ods\u0142on\u0119 serii przyjdzie nam jeszcze d\u0142ugo poczeka\u0107, bo projekt wci\u0105\u017c znajduje si\u0119 na wczesnym etapie rozwoju i potrzebuje sporo czasu.<\/p>\n<p>    Dalsza cz\u0119\u015b\u0107 tekstu pod wideo<\/p>\n<p>To jednak nie oznacza, \u017ce Ubisoft zamierza zostawi\u0107 mark\u0119 w ca\u0142kowitym u\u015bpieniu. Coraz wi\u0119cej wskazuje na to, \u017ce francuski wydawca mo\u017ce chcie\u0107 przypomnie\u0107 graczom o uniwersum The Division w inny spos\u00f3b &#8211; poprzez od\u015bwie\u017cone lub rozbudowane wydanie jednej z dotychczasowych gier.<\/p>\n<p>        <img loading=\"lazy\" decoding=\"async\" src=\"https:\/\/www.europesays.com\/pl\/wp-content\/uploads\/2026\/01\/1767809589_489_B32963402.414688363;dc_trk_aid=607216972;dc_trk_cid=228291445;ord=[timestamp];dc_lat=;dc_rdid=;tag_f.gif\" attributionsrc=\"\" border=\"0\" height=\"1\" width=\"1\" alt=\"Advertisement\"\/><\/p>\n<p>W trakcie wydarzenia FPSDay Japan, gdzie Ubisoft organizowa\u0142 turniej e-sportowy, gracze dostrzegli co\u015b bardzo intryguj\u0105cego. Na miejscu pojawi\u0142 si\u0119 baner z napisem The Division: Definitive Edition, kt\u00f3ry nie by\u0142 wcze\u015bniej zapowiadany ani szerzej komentowany przez wydawc\u0119.<\/p>\n<p>Spo\u0142eczno\u015b\u0107 natychmiast zacz\u0119\u0142a spekulowa\u0107, czym tak naprawd\u0119 mia\u0142oby by\u0107 to \u201eostateczne wydanie\u201d. W gr\u0119 wchodzi kilka scenariuszy: lekko od\u015bwie\u017cony The Division z now\u0105 zawarto\u015bci\u0105, zestaw \u0142\u0105cz\u0105cy The Division i The Division 2, a nawet wersja jednej z ods\u0142on przygotowana z my\u015bl\u0105 o Nintendo Switch 2. Na ten moment \u017cadna z tych opcji nie zosta\u0142a potwierdzona.<\/p>\n<p>Podczas FPSDay Japan Ubisoft faktycznie prezentowa\u0142 nowy tryb do The Division 2, co dodatkowo komplikuje ca\u0142\u0105 sytuacj\u0119. Trudno wi\u0119c jednoznacznie stwierdzi\u0107, dlaczego w przestrzeni publicznej pojawi\u0142 si\u0119 baner z napisem Definitive Edition \u2013 czy to przypadkowa grafika, czy te\u017c zapowied\u017a projektu, kt\u00f3ry wkr\u00f3tce zostanie oficjalnie ujawniony. Jedno jest pewne: co\u015b w temacie The Division ewidentnie si\u0119 dzieje.<\/p>\n","protected":false},"excerpt":{"rendered":"Ubisoft mo\u017ce ju\u017c wkr\u00f3tce zapowiedzie\u0107 i nawet wrzuci\u0107 na rynek ostateczne wydanie The Division. Trudno jednak powiedzie\u0107, co&hellip;\n","protected":false},"author":2,"featured_media":200579,"comment_status":"","ping_status":"","sticky":false,"template":"","format":"standard","meta":{"footnotes":""},"categories":[20],"tags":[120,118,119,42,38,40,39,41,116,114,115,121,117],"class_list":{"0":"post-200578","1":"post","2":"type-post","3":"status-publish","4":"format-standard","5":"has-post-thumbnail","7":"category-nauka-i-technika","8":"tag-nauka","9":"tag-nauka-i-technika","10":"tag-naukatechnika","11":"tag-pl","12":"tag-poland","13":"tag-polish","14":"tag-polska","15":"tag-polski","16":"tag-science","17":"tag-science-and-technology","18":"tag-sciencetechnology","19":"tag-technika","20":"tag-technology"},"share_on_mastodon":{"url":"https:\/\/pubeurope.com\/@pl\/115881140740265092","error":""},"_links":{"self":[{"href":"https:\/\/www.europesays.com\/pl\/wp-json\/wp\/v2\/posts\/200578","targetHints":{"allow":["GET"]}}],"collection":[{"href":"https:\/\/www.europesays.com\/pl\/wp-json\/wp\/v2\/posts"}],"about":[{"href":"https:\/\/www.europesays.com\/pl\/wp-json\/wp\/v2\/types\/post"}],"author":[{"embeddable":true,"href":"https:\/\/www.europesays.com\/pl\/wp-json\/wp\/v2\/users\/2"}],"replies":[{"embeddable":true,"href":"https:\/\/www.europesays.com\/pl\/wp-json\/wp\/v2\/comments?post=200578"}],"version-history":[{"count":0,"href":"https:\/\/www.europesays.com\/pl\/wp-json\/wp\/v2\/posts\/200578\/revisions"}],"wp:featuredmedia":[{"embeddable":true,"href":"https:\/\/www.europesays.com\/pl\/wp-json\/wp\/v2\/media\/200579"}],"wp:attachment":[{"href":"https:\/\/www.europesays.com\/pl\/wp-json\/wp\/v2\/media?parent=200578"}],"wp:term":[{"taxonomy":"category","embeddable":true,"href":"https:\/\/www.europesays.com\/pl\/wp-json\/wp\/v2\/categories?post=200578"},{"taxonomy":"post_tag","embeddable":true,"href":"https:\/\/www.europesays.com\/pl\/wp-json\/wp\/v2\/tags?post=200578"}],"curies":[{"name":"wp","href":"https:\/\/api.w.org\/{rel}","templated":true}]}}