{"id":200594,"date":"2026-01-12T08:25:04","date_gmt":"2026-01-12T08:25:04","guid":{"rendered":"https:\/\/www.europesays.com\/pl\/200594\/"},"modified":"2026-01-12T08:25:04","modified_gmt":"2026-01-12T08:25:04","slug":"36-letni-polak-zrobil-sobie-tatuaz-stracil-wlosy-i-zdolnosc-pocenia-sie","status":"publish","type":"post","link":"https:\/\/www.europesays.com\/pl\/200594\/","title":{"rendered":"36-letni Polak zrobi\u0142 sobie tatua\u017c. Straci\u0142 w\u0142osy i zdolno\u015b\u0107 pocenia si\u0119"},"content":{"rendered":"<p class=\"Paragraph_desktopParagraph__U31Gm\">Najbardziej niepokoj\u0105cym objawem okaza\u0142a si\u0119 jednak anhydroza, czyli ca\u0142kowita utrata zdolno\u015bci pocenia si\u0119. M\u0119\u017cczyzna nie m\u00f3g\u0142 ju\u017c bezpiecznie \u0107wiczy\u0107, pracowa\u0107 w wysokich temperaturach ani przebywa\u0107 w ciep\u0142ych pomieszczeniach. &#8222;U pacjenta rasy bia\u0142ej wyst\u0105pi\u0142y erytrodermia, \u0142ysienie, anhydroza oraz bielactwo jako powik\u0142ania tatua\u017cu wykonanego czerwonym tuszem, co stanowi rzadki i dot\u0105d nieopisywany przypadek tak rozleg\u0142ych reakcji&#8221; \u2013 podkre\u015blaj\u0105 autorzy badania, cytowani przez &#8222;New Scientist&#8221;.<\/p>\n<ul class=\"OchatFollowUps_wrapper__1ry7X\">\n<li class=\"OchatFollowUps_item__Dhyly OchatFollowUps_itemDesktop__R6aBv\">Jakie powik\u0142ania wyst\u0105pi\u0142y u 36-letniego m\u0119\u017cczyzny po zrobieniu tatua\u017cu?<\/li>\n<li class=\"OchatFollowUps_item__Dhyly OchatFollowUps_itemDesktop__R6aBv\">Co spowodowa\u0142o anhydroz\u0119 u pacjenta?<\/li>\n<li class=\"OchatFollowUps_item__Dhyly OchatFollowUps_itemDesktop__R6aBv\">Jakie leczenie zastosowano, aby poprawi\u0107 stan zdrowia m\u0119\u017cczyzny?<\/li>\n<li class=\"OchatFollowUps_item__Dhyly OchatFollowUps_itemDesktop__R6aBv\">Jakie zwi\u0105zki chemiczne mog\u0142y znajdowa\u0107 si\u0119 w czerwonym tuszu przed regulacjami unijnymi?<\/li>\n<\/ul>\n<p class=\"Paragraph_desktopParagraph__U31Gm\">Testy potwierdzi\u0142y siln\u0105 reakcj\u0119 immunologiczn\u0105, najprawdopodobniej wywo\u0142an\u0105 sk\u0142adnikami czerwonego tuszu. Pr\u00f3by leczenia sterydami nie przynios\u0142y efekt\u00f3w, a nawet chirurgiczne usuni\u0119cie fragment\u00f3w tatua\u017cu nie poprawi\u0142o stanu zdrowia pacjenta. Dopiero ca\u0142kowite usuni\u0119cie czerwonego tuszu z tej samej serii oraz zastosowanie lek\u00f3w immunosupresyjnych i immunomoduluj\u0105cych pozwoli\u0142y na cz\u0119\u015bciowy odrost w\u0142os\u00f3w i zatrzymanie post\u0119pu bielactwa. Anhydroza jednak pozosta\u0142a.<\/p>\n<p class=\"Paragraph_desktopParagraph__U31Gm\">&#8222;Ten przypadek pokazuje, jak trudne jest leczenie uog\u00f3lnionych reakcji na tusz do tatua\u017cu oraz jak wa\u017cna jest szczeg\u00f3\u0142owa diagnostyka i strategia leczenia&#8221; \u2013 informuj\u0105 naukowcy.<\/p>\n<p>Tatua\u017ce \u2013 moda z ryzykiem <\/p>\n<p class=\"Paragraph_desktopParagraph__U31Gm\">Tatua\u017ce sta\u0142y si\u0119 w ostatnich latach symbolem to\u017csamo\u015bci i ekspresji. Szacuje si\u0119, \u017ce co czwarta m\u0142oda osoba w USA i Europie ma przynajmniej jeden tatua\u017c. Wraz z rosn\u0105c\u0105 popularno\u015bci\u0105 ro\u015bnie jednak liczba powik\u0142a\u0144 \u2013 od \u0142agodnych podra\u017cnie\u0144 po ci\u0119\u017ckie reakcje alergiczne. Coraz cz\u0119\u015bciej pojawiaj\u0105 si\u0119 te\u017c obawy dotycz\u0105ce sk\u0142adu nowoczesnych tusz\u00f3w, w tym potencjalnego ryzyka rozwoju nowotwor\u00f3w sk\u00f3ry.<\/p>\n<p class=\"Paragraph_desktopParagraph__U31Gm\">Badania wskazuj\u0105, \u017ce najwi\u0119cej dzia\u0142a\u0144 niepo\u017c\u0105danych wywo\u0142uje czerwony tusz. Przewlek\u0142e reakcje alergiczne mog\u0105 pojawi\u0107 si\u0119 nawet po kilku miesi\u0105cach, a czasem latach od wykonania tatua\u017cu. Przed wprowadzeniem unijnych regulacji w 2022 r. czerwone tusze cz\u0119sto zawiera\u0142y toksyczne zwi\u0105zki, takie jak rt\u0119\u0107, kadm czy arsen. &#8222;Pacjent, o kt\u00f3rym mowa, wykona\u0142 tatua\u017c dwa lata przed wprowadzeniem tych regulacji&#8221; \u2013 przypominaj\u0105 badacze.<\/p>\n<p class=\"Paragraph_desktopParagraph__U31Gm\">Mechanizmy reakcji alergicznych wci\u0105\u017c nie s\u0105 do ko\u0144ca poznane. Dermatolodzy podejrzewaj\u0105, \u017ce niekt\u00f3re sk\u0142adniki tuszu mog\u0105 dzia\u0142a\u0107 jako antygeny przeciwko gruczo\u0142om potowym, wywo\u0142uj\u0105c nadmiern\u0105 reakcj\u0119 uk\u0142adu odporno\u015bciowego. Wcze\u015bniejsze badania wykaza\u0142y upo\u015bledzenie potliwo\u015bci w obszarze sk\u00f3ry pokrytym tatua\u017cem, co sugeruje zmiany czynno\u015bciowe struktur ekrynowych. &#8222;Dane te wspieraj\u0105 hipotez\u0119, \u017ce aktywacja immunologiczna zwi\u0105zana z tatua\u017cem mo\u017ce prowadzi\u0107 do uog\u00f3lnionej dysfunkcji organizmu&#8221; \u2013 podsumowuj\u0105 autorzy badania.<\/p>\n<p class=\"Paragraph_desktopParagraph__U31Gm\">Eksperci apeluj\u0105 o pilne wprowadzenie i egzekwowanie szczeg\u00f3\u0142owych regulacji dotycz\u0105cych sk\u0142adu tusz\u00f3w do tatua\u017cu. Jak pokazuje przypadek polskiego pacjenta, skutki uboczne mog\u0105 by\u0107 nie tylko nieprzewidywalne, ale i dramatyczne.<\/p>\n","protected":false},"excerpt":{"rendered":"Najbardziej niepokoj\u0105cym objawem okaza\u0142a si\u0119 jednak anhydroza, czyli ca\u0142kowita utrata zdolno\u015bci pocenia si\u0119. M\u0119\u017cczyzna nie m\u00f3g\u0142 ju\u017c bezpiecznie&hellip;\n","protected":false},"author":2,"featured_media":200595,"comment_status":"","ping_status":"","sticky":false,"template":"","format":"standard","meta":{"footnotes":""},"categories":[14],"tags":[22207,32,33,27,34,35,28,31,53,25,52,68,51,55,40,41,38646,47,29457,80,18986,29,30,50,26,82,83,84,253],"class_list":{"0":"post-200594","1":"post","2":"type-post","3":"status-publish","4":"format-standard","5":"has-post-thumbnail","7":"category-swiat","8":"tag-alergia_alergie_alergik_alergiczka_alergicy","9":"tag-breaking-news","10":"tag-breakingnews","11":"tag-headlines","12":"tag-latest-news","13":"tag-latestnews","14":"tag-naglowki","15":"tag-najwazniejsze-artykuly","16":"tag-new_header","17":"tag-news","18":"tag-onet3","19":"tag-onet3d","20":"tag-onet3d_2i","21":"tag-phx","22":"tag-polish","23":"tag-polski","24":"tag-pot","25":"tag-screening_general","26":"tag-skora","27":"tag-swiat","28":"tag-tatuaz_tatuaze_tatuowanie","29":"tag-top-stories","30":"tag-topstories","31":"tag-v2021","32":"tag-wiadomosci","33":"tag-world","34":"tag-world-news","35":"tag-worldnews","36":"tag-zdrowie"},"share_on_mastodon":{"url":"https:\/\/pubeurope.com\/@pl\/115881176350735355","error":""},"_links":{"self":[{"href":"https:\/\/www.europesays.com\/pl\/wp-json\/wp\/v2\/posts\/200594","targetHints":{"allow":["GET"]}}],"collection":[{"href":"https:\/\/www.europesays.com\/pl\/wp-json\/wp\/v2\/posts"}],"about":[{"href":"https:\/\/www.europesays.com\/pl\/wp-json\/wp\/v2\/types\/post"}],"author":[{"embeddable":true,"href":"https:\/\/www.europesays.com\/pl\/wp-json\/wp\/v2\/users\/2"}],"replies":[{"embeddable":true,"href":"https:\/\/www.europesays.com\/pl\/wp-json\/wp\/v2\/comments?post=200594"}],"version-history":[{"count":0,"href":"https:\/\/www.europesays.com\/pl\/wp-json\/wp\/v2\/posts\/200594\/revisions"}],"wp:featuredmedia":[{"embeddable":true,"href":"https:\/\/www.europesays.com\/pl\/wp-json\/wp\/v2\/media\/200595"}],"wp:attachment":[{"href":"https:\/\/www.europesays.com\/pl\/wp-json\/wp\/v2\/media?parent=200594"}],"wp:term":[{"taxonomy":"category","embeddable":true,"href":"https:\/\/www.europesays.com\/pl\/wp-json\/wp\/v2\/categories?post=200594"},{"taxonomy":"post_tag","embeddable":true,"href":"https:\/\/www.europesays.com\/pl\/wp-json\/wp\/v2\/tags?post=200594"}],"curies":[{"name":"wp","href":"https:\/\/api.w.org\/{rel}","templated":true}]}}