{"id":200695,"date":"2026-01-12T09:25:11","date_gmt":"2026-01-12T09:25:11","guid":{"rendered":"https:\/\/www.europesays.com\/pl\/200695\/"},"modified":"2026-01-12T09:25:11","modified_gmt":"2026-01-12T09:25:11","slug":"kylie-jenner-zachwycila-na-zlotych-globach-2026-chodzi-nie-tylko-o-suknie","status":"publish","type":"post","link":"https:\/\/www.europesays.com\/pl\/200695\/","title":{"rendered":"Kylie Jenner zachwyci\u0142a na Z\u0142otych Globach 2026. Chodzi nie tylko o sukni\u0119"},"content":{"rendered":"<p>L\u015bni\u0142a jak miliony monet. Kylie Jenner zachwyci\u0142a<\/p>\n<p class=\"typography ids-typeset-body ids-typeset-body--preset-large link paragraph ids-paragraph ids-paragraph--default\">Kylie Jenner mo\u017ce i omin\u0119\u0142a czerwony dywan podczas\u00a0Z\u0142otych Glob\u00f3w w 2026 roku, ale ju\u017c podczas samej ceremonii zachwyca\u0142a i wspiera\u0142a swojego partnera, Timoth\u00e9e Chalameta. To wtedy mieli\u015bmy okazj\u0119 zobaczy\u0107 jej cekinow\u0105 z\u0142ot\u0105 sukni\u0119.<\/p>\n<p class=\"typography ids-typeset-body ids-typeset-body--preset-large link paragraph ids-paragraph ids-paragraph--default\">Chalamet zosta\u0142 nominowany w kategorii &#8222;Najlepszy aktor w filmie fabularnym &#8211; musicalu lub komedii&#8221;. Zdecydowanie by\u0142 to pow\u00f3d, by Kylie by\u0142a dumna ze swojego ukochanego i nic dziwnego w tym, \u017ce chcia\u0142a tego wieczoru wygl\u0105da\u0107 wyj\u0105tkowo.<\/p>\n<p class=\"typography ids-typeset-body ids-typeset-body--preset-large link paragraph ids-paragraph ids-paragraph--default\">Wybra\u0142a sukni\u0119 od\u00a0Ashi Studio\u00a0z b\u0142yszcz\u0105cymi, koralikowymi rami\u0105czkami i dodatkami w postaci ponad 100-karatowej bi\u017cuterii Lorraine Schwarz. Oczywi\u015bcie, jej blask by\u0142 r\u00f3wnie imponuj\u0105cy, co ol\u015bniewaj\u0105cy koralowy r\u00f3\u017c i l\u015bni\u0105cy, br\u0105zowy makija\u017c oczu.<\/p>\n<p><img decoding=\"async\" class=\"ids-image-holder__img\" loading=\"lazy\" alt=\"Elegancko ubrana kobieta siedzi przy bogato zastawionym stole podczas oficjalnego wydarzenia, otoczona innymi go\u015b\u0107mi, przy dekoracyjnie nakrytym stole z kieliszkami i sztu\u0107cami.\" title=\"Kylie Jenner omin\u0119\u0142a czerwony dywan wydarzenia i nie chcia\u0142a pozowa\u0107 do zdj\u0119\u0107, ale bardzo wspiera\u0142a ukochanego ju\u017c podczas ceremonii\u00a0\" width=\"2400\" height=\"3000\" src=\"https:\/\/www.europesays.com\/pl\/wp-content\/uploads\/2026\/01\/000M6M27S2WD5OXM-C125-F4.webp.webp\"\/><\/p>\n<p>Kylie Jenner omin\u0119\u0142a czerwony dywan wydarzenia i nie chcia\u0142a pozowa\u0107 do zdj\u0119\u0107, ale bardzo wspiera\u0142a ukochanego ju\u017c podczas ceremonii\u00a0Christopher Polk\/2026GGGetty Images<\/p>\n<p class=\"typography ids-typeset-body ids-typeset-body--preset-large link paragraph ids-paragraph ids-paragraph--default\">Ca\u0142o\u015b\u0107 tworzy\u0142a czaruj\u0105c\u0105 ca\u0142o\u015b\u0107, kt\u00f3ra mieni\u0142a si\u0119 w blasku wieczornych reflektor\u00f3w. Kylie Jenner wie, jak zwr\u00f3ci\u0107 na siebie uwag\u0119, a tym razem zrobi\u0142a to mistrzowsko za pomoc\u0105 z\u0142otej, metaliczej sukienki w kszta\u0142cie klepsydry, kt\u00f3ra zosta\u0142a uszyta dla niej na zam\u00f3wienie.<\/p>\n<p class=\"typography ids-typeset-body ids-typeset-body--preset-large link paragraph ids-paragraph ids-paragraph--default\">Jej wygl\u0105d to jednak nie wszystko, co wzbudzi\u0142o emocje fan\u00f3w gwiazdy i aktora.<\/p>\n<p>Mi\u0142o\u015b\u0107 kwitnie, cho\u0107 wieszczono im rozstanie. Pad\u0142y wzruszaj\u0105ce s\u0142owa<\/p>\n<p><img decoding=\"async\" class=\"ids-image-holder__img\" loading=\"lazy\" alt=\"Para elegancko ubranych os\u00f3b zbli\u017caj\u0105cych si\u0119 do poca\u0142unku podczas uroczystego wydarzenia, kobieta ma b\u0142yszcz\u0105c\u0105 sukienk\u0119 i efektown\u0105 bi\u017cuteri\u0119, w tle widoczne s\u0105 nakryte sto\u0142y i dekoracje.\" title=\"Wyst\u0105pienie aktora podczas Z\u0142otych Glob\u00f3w utnie wszelkie spekulacje na temat rozpadu jego zwi\u0105zku z Kylie Jenner?\" width=\"1923\" height=\"1283\" src=\"https:\/\/www.europesays.com\/pl\/wp-content\/uploads\/2026\/01\/000M6M28T9VLFA61-C323-F4.webp.webp\"\/><\/p>\n<p>Wyst\u0105pienie aktora podczas Z\u0142otych Glob\u00f3w utnie wszelkie spekulacje na temat rozpadu jego zwi\u0105zku z Kylie Jenner?CBS Photo Archive Getty Images<\/p>\n<p class=\"typography ids-typeset-body ids-typeset-body--preset-large link paragraph ids-paragraph ids-paragraph--default\">Timoth\u00e9e Chalamet\u00a0zdoby\u0142 nagrod\u0119 dla najlepszego aktora za rol\u0119 w filmie &#8222;Marty Supreme&#8221;. Wchodz\u0105c na scen\u0119, wci\u0105\u017c oszo\u0142omiony tym wyr\u00f3\u017cnieniem, podzi\u0119kowa\u0142 wszystkim swoim wsp\u00f3\u0142pracownikom i bliskim, w tym Jenner.<\/p>\n<p class=\"typography ids-typeset-body ids-typeset-body--preset-large link paragraph ids-paragraph ids-paragraph--default\">&#8222;M\u00f3j tata zaszczepi\u0142 we mnie ducha wdzi\u0119czno\u015bci, gdy dorasta\u0142em: Zawsze b\u0105d\u017a wdzi\u0119czny za to, co masz. To nie pozwoli\u0142o mi opu\u015bci\u0107 ceremonii z pustymi r\u0119kami, z wysoko uniesion\u0105 g\u0142ow\u0105, wdzi\u0119czny za sam\u0105 mo\u017cliwo\u015b\u0107 bycia tutaj. Sk\u0142ama\u0142bym, gdybym powiedzia\u0142, \u017ce tamte momenty nie sprawi\u0142y, \u017ce ta chwila jest o wiele s\u0142odsza&#8221; &#8211; powiedzia\u0142 wyra\u017anie wzruszony aktor.<\/p>\n<p class=\"typography ids-typeset-body ids-typeset-body--preset-large link paragraph ids-paragraph ids-paragraph--default\">Jednak to kolejne zdania wywo\u0142a\u0142y niema\u0142e poruszenie. Unosz\u0105c z\u0142ot\u0105 statuetk\u0119, Chalamet podsumowa\u0142: &#8222;Kocham was, moi rodzice. Bardzo wam dzi\u0119kuj\u0119&#8221;, a nast\u0119pnie doda\u0142 &#8222;I na koniec, po prostu powiem dzi\u0119kuj\u0119 moj partnerce od trzech lat. Kocham ci\u0119, nie da\u0142bym rady bez ciebie. Dzi\u0119kuj\u0119 ci z ca\u0142ego serca&#8221;. To w tym momencie w oczach<a href=\"https:\/\/styl.interia.pl\/tagi-kylie-jenner,tId,206759\" target=\"_self\" rel=\"nofollow noopener\">\u00a0Kylie Jenner<\/a> pojawi\u0142y si\u0119 \u0142zy w oczach i szeroki u\u015bmiech. Kylie s\u0142ysz\u0105c te s\u0142owa bezg\u0142o\u015bnie powiedzia\u0142a &#8222;Kocham ci\u0119&#8221;\u00a0patrz\u0105c wci\u0105\u017c wzruszona na ukochanego.<\/p>\n<p class=\"typography ids-typeset-body ids-typeset-body--preset-large link paragraph ids-paragraph ids-paragraph--default\">Cho\u0107 do niedawna kr\u0105\u017cy\u0142y plotki o rozstaniu pary, to ta sytuacja zdecydowanie utnie wszelkie spekulacje na temat kryzysu w ich relacji. Wr\u0119cz mo\u017cna spodziewa\u0107 si\u0119 jej rozwoju.<\/p>\n<p class=\"typography ids-typeset-body ids-typeset-body--preset-large link paragraph ids-paragraph ids-paragraph--default\">Inspiracje, kt\u00f3re naprawd\u0119 chce si\u0119 nosi\u0107. Zajrzyj do \u015bwiata trend\u00f3w, gdzie elegancja spotyka wygod\u0119, a klasyka przeplata si\u0119 z nowoczesno\u015bci\u0105. Wi\u0119cej na\u00a0<a href=\"https:\/\/styl.interia.pl\/trendy\" target=\"_blank\" rel=\"nofollow noopener\">styl.interia.pl\/trendy\u00a0<\/a><\/p>\n<p><a href=\"https:\/\/styl.interia.pl\/trendy\" target=\"_blank\" rel=\"noreferrer nofollow noopener\"><img decoding=\"async\" class=\"ids-image-holder__img\" loading=\"lazy\" alt=\"Czerwone lakierowane buty na wysokim obcasie na nogach osoby w czarnych, szerokich spodniach, bia\u0142e t\u0142o, elementy graficzne z napisem 'interia STYL trendy'.\" title=\"Trendy zmieniaj\u0105 si\u0119 co chwil\u0119, ale to ty decydujesz, kt\u00f3re do ciebie pasuj\u0105\" width=\"851\" height=\"315\" src=\"https:\/\/www.europesays.com\/pl\/wp-content\/uploads\/2025\/12\/000LVD3S0M2IB5P7-C323-F4.webp.webp\"\/><\/a><\/p>\n<p>Trendy zmieniaj\u0105 si\u0119 co chwil\u0119, ale to ty decydujesz, kt\u00f3re do ciebie pasuj\u0105Canva ProINTERIA.PL<\/p>\n<p>Co zrobi\u0107 z niechcianymi prezentami \u015bwi\u0105tecznymi?Polsat News<\/p>\n<p><a class=\"ids-undecorated-link source ids-page-info--source__link\" href=\"http:\/\/www.styl.pl\" rel=\"nofollow noopener\" target=\"_blank\"><img decoding=\"async\" class=\"ids-image-holder__img\" loading=\"lazy\" alt=\"\" title=\"\" height=\"24px\" src=\"https:\/\/www.europesays.com\/pl\/wp-content\/uploads\/2025\/12\/0000OY1X95V3PDPI-C202-F4.webp.webp\"\/><\/a><\/p>\n<p>Masz sugestie, uwagi albo widzisz b\u0142\u0105d? Napisz do nas<\/p>\n","protected":false},"excerpt":{"rendered":"L\u015bni\u0142a jak miliony monet. Kylie Jenner zachwyci\u0142a Kylie Jenner mo\u017ce i omin\u0119\u0142a czerwony dywan podczas\u00a0Z\u0142otych Glob\u00f3w w 2026&hellip;\n","protected":false},"author":2,"featured_media":200696,"comment_status":"","ping_status":"","sticky":false,"template":"","format":"standard","meta":{"footnotes":""},"categories":[22],"tags":[122,42,38,40,39,41,123],"class_list":{"0":"post-200695","1":"post","2":"type-post","3":"status-publish","4":"format-standard","5":"has-post-thumbnail","7":"category-rozrywka","8":"tag-entertainment","9":"tag-pl","10":"tag-poland","11":"tag-polish","12":"tag-polska","13":"tag-polski","14":"tag-rozrywka"},"share_on_mastodon":{"url":"https:\/\/pubeurope.com\/@pl\/115881412064825724","error":""},"_links":{"self":[{"href":"https:\/\/www.europesays.com\/pl\/wp-json\/wp\/v2\/posts\/200695","targetHints":{"allow":["GET"]}}],"collection":[{"href":"https:\/\/www.europesays.com\/pl\/wp-json\/wp\/v2\/posts"}],"about":[{"href":"https:\/\/www.europesays.com\/pl\/wp-json\/wp\/v2\/types\/post"}],"author":[{"embeddable":true,"href":"https:\/\/www.europesays.com\/pl\/wp-json\/wp\/v2\/users\/2"}],"replies":[{"embeddable":true,"href":"https:\/\/www.europesays.com\/pl\/wp-json\/wp\/v2\/comments?post=200695"}],"version-history":[{"count":0,"href":"https:\/\/www.europesays.com\/pl\/wp-json\/wp\/v2\/posts\/200695\/revisions"}],"wp:featuredmedia":[{"embeddable":true,"href":"https:\/\/www.europesays.com\/pl\/wp-json\/wp\/v2\/media\/200696"}],"wp:attachment":[{"href":"https:\/\/www.europesays.com\/pl\/wp-json\/wp\/v2\/media?parent=200695"}],"wp:term":[{"taxonomy":"category","embeddable":true,"href":"https:\/\/www.europesays.com\/pl\/wp-json\/wp\/v2\/categories?post=200695"},{"taxonomy":"post_tag","embeddable":true,"href":"https:\/\/www.europesays.com\/pl\/wp-json\/wp\/v2\/tags?post=200695"}],"curies":[{"name":"wp","href":"https:\/\/api.w.org\/{rel}","templated":true}]}}