{"id":200806,"date":"2026-01-12T10:39:08","date_gmt":"2026-01-12T10:39:08","guid":{"rendered":"https:\/\/www.europesays.com\/pl\/200806\/"},"modified":"2026-01-12T10:39:08","modified_gmt":"2026-01-12T10:39:08","slug":"czeski-rzad-zdecydowal-zmienia-zdanie-jak-zaplaca-surowe-kary","status":"publish","type":"post","link":"https:\/\/www.europesays.com\/pl\/200806\/","title":{"rendered":"Czeski rz\u0105d zdecydowa\u0142. &#8222;Zmieni\u0105 zdanie, jak zap\u0142ac\u0105 surowe kary&#8221;"},"content":{"rendered":"<p>Czeski rz\u0105d premiera Andreja Babisza przyj\u0105\u0142 w grudniu uchwa\u0142y odrzucaj\u0105ce system handlu emisjami ETS2. &#8211; Czesi nie mog\u0105 odrzuci\u0107 ETS2. My\u015bl\u0119, \u017ce rz\u0105d zmieni zdanie, jak zap\u0142aci za to surowe kary &#8211; powiedzia\u0142a w Radiu Zet Paulina Hennig-Kloska, szefowa resortu klimatu. <\/p>\n<p><img decoding=\"async\" width=\"936\" height=\"527\" alt=\"ETS 2\" src=\"https:\/\/www.europesays.com\/pl\/wp-content\/uploads\/2026\/01\/ODBjOWExYCUjCDlkagNtMGBQbT4sWmNmN0h1dWpBfHI6X31gah4mKCcYKicqVig2NxouIDVWPyhtCz8-ag5-ayYDPCcpGTZrJwct.jpeg\" data-link=\"https:\/\/www.europesays.com\/pl\/wp-content\/uploads\/2026\/01\/ODBjOWExYCUjCDlkagNtMGBQbT4sWmNmN0h1dWpBfHI6X31gah4mKCcYKicqVig2NxouIDVWPyhtCz8-ag5-ayYDPCcpGTZrJwct.jpeg\" class=\"wp-media-image\" fetchpriority=\"high\"\/>Czeski rz\u0105d premiera Andreja Babisza przyj\u0105\u0142 uchwa\u0142y odrzucaj\u0105ce system handlu emisjami ETS2<\/p>\n<p>\u0179r\u00f3d\u0142o zdj\u0119\u0107: \u00a9 getty images<\/p>\n<p><img loading=\"lazy\" decoding=\"async\" src=\"https:\/\/www.europesays.com\/pl\/wp-content\/uploads\/2025\/10\/YWx1cy5qdjYZUxVKGgp7I1oLQRBcU3V1DRNZWxpFaS9MAUwdGwYpPhVWTQlZXmxmQQFSSgdDa3pVAFBJA0duY04EW1ZeEC02Cksa.jpeg\"  alt=\"Katarzyna Kalus\" height=\"40\" width=\"40\" class=\"rounded-full select-none text-[--color-neutral-650] bg-[--bg-content]\"\/>ZAPISZ ZAPISANO    UDOST\u0118PNIJ Udost\u0119pnij na X  Udost\u0119pnij na Facebooku7<\/p>\n<p>D\u017awi\u0119k zosta\u0142 wygenerowany automatycznie i mo\u017ce zawiera\u0107 b\u0142\u0119dy<\/p>\n","protected":false},"excerpt":{"rendered":"Czeski rz\u0105d premiera Andreja Babisza przyj\u0105\u0142 w grudniu uchwa\u0142y odrzucaj\u0105ce system handlu emisjami ETS2. &#8211; Czesi nie mog\u0105&hellip;\n","protected":false},"author":2,"featured_media":200807,"comment_status":"","ping_status":"","sticky":false,"template":"","format":"standard","meta":{"footnotes":""},"categories":[12],"tags":[32,33,36,37,27,34,35,28,31,25,42,38,40,39,41,29,30,26],"class_list":{"0":"post-200806","1":"post","2":"type-post","3":"status-publish","4":"format-standard","5":"has-post-thumbnail","7":"category-polska","8":"tag-breaking-news","9":"tag-breakingnews","10":"tag-featured-news","11":"tag-featurednews","12":"tag-headlines","13":"tag-latest-news","14":"tag-latestnews","15":"tag-naglowki","16":"tag-najwazniejsze-artykuly","17":"tag-news","18":"tag-pl","19":"tag-poland","20":"tag-polish","21":"tag-polska","22":"tag-polski","23":"tag-top-stories","24":"tag-topstories","25":"tag-wiadomosci"},"share_on_mastodon":{"url":"","error":""},"_links":{"self":[{"href":"https:\/\/www.europesays.com\/pl\/wp-json\/wp\/v2\/posts\/200806","targetHints":{"allow":["GET"]}}],"collection":[{"href":"https:\/\/www.europesays.com\/pl\/wp-json\/wp\/v2\/posts"}],"about":[{"href":"https:\/\/www.europesays.com\/pl\/wp-json\/wp\/v2\/types\/post"}],"author":[{"embeddable":true,"href":"https:\/\/www.europesays.com\/pl\/wp-json\/wp\/v2\/users\/2"}],"replies":[{"embeddable":true,"href":"https:\/\/www.europesays.com\/pl\/wp-json\/wp\/v2\/comments?post=200806"}],"version-history":[{"count":0,"href":"https:\/\/www.europesays.com\/pl\/wp-json\/wp\/v2\/posts\/200806\/revisions"}],"wp:featuredmedia":[{"embeddable":true,"href":"https:\/\/www.europesays.com\/pl\/wp-json\/wp\/v2\/media\/200807"}],"wp:attachment":[{"href":"https:\/\/www.europesays.com\/pl\/wp-json\/wp\/v2\/media?parent=200806"}],"wp:term":[{"taxonomy":"category","embeddable":true,"href":"https:\/\/www.europesays.com\/pl\/wp-json\/wp\/v2\/categories?post=200806"},{"taxonomy":"post_tag","embeddable":true,"href":"https:\/\/www.europesays.com\/pl\/wp-json\/wp\/v2\/tags?post=200806"}],"curies":[{"name":"wp","href":"https:\/\/api.w.org\/{rel}","templated":true}]}}