{"id":200935,"date":"2026-01-12T11:56:10","date_gmt":"2026-01-12T11:56:10","guid":{"rendered":"https:\/\/www.europesays.com\/pl\/200935\/"},"modified":"2026-01-12T11:56:10","modified_gmt":"2026-01-12T11:56:10","slug":"nieznany-tunel-poszukiwacz-od-zlotego-pociagu-o-wynikach-odwiertow","status":"publish","type":"post","link":"https:\/\/www.europesays.com\/pl\/200935\/","title":{"rendered":"Nieznany tunel? Poszukiwacz od Z\u0142otego Poci\u0105gu o wynikach odwiert\u00f3w"},"content":{"rendered":"<p class=\"Paragraph_desktopParagraph__U31Gm\">Zobacz wywiad z Piotrem Koprem, kt\u00f3ry twierdzi, \u017ce odkry\u0142 nieznany tunel:<\/p>\n<p>Powr\u00f3t po 10 latach <\/p>\n<p class=\"Paragraph_desktopParagraph__U31Gm\">Dok\u0142adnie 10 lat temu Piotr Koper i Andreas Richter stali si\u0119 bohaterami globalnych serwis\u00f3w informacyjnych. Ich zg\u0142oszenie o odnalezieniu pancernego sk\u0142adu na 65. kilometrze trasy Wroc\u0142aw-Wa\u0142brzych wywo\u0142a\u0142o gor\u0105czk\u0119, jakiej Dolny \u015al\u0105sk nie widzia\u0142 od zako\u0144czenia wojny. Cho\u0107 tamtejsze wykopaliska nie przynios\u0142y spektakularnego fina\u0142u, Koper si\u0119 nie podda\u0142. Dzi\u015b wraca w zupe\u0142nie inne miejsce \u2014 w rejon niedaleko Zamku Ksi\u0105\u017c w Wa\u0142brzychu. To tu, wed\u0142ug jego najnowszych bada\u0144, maj\u0105 znajdowa\u0107 si\u0119 nieznane podziemia.<\/p>\n<ul class=\"OchatFollowUps_wrapper__1ry7X\">\n<li class=\"OchatFollowUps_item__Dhyly OchatFollowUps_itemDesktop__R6aBv\">Jakie dowody na istnienie tunelu przedstawia Piotr Koper?<\/li>\n<li class=\"OchatFollowUps_item__Dhyly OchatFollowUps_itemDesktop__R6aBv\">Co uniemo\u017cliwia dalsze prace weryfikacyjne?<\/li>\n<li class=\"OchatFollowUps_item__Dhyly OchatFollowUps_itemDesktop__R6aBv\">Jak d\u0142ugo ma by\u0107 ten domniemany tunel?<\/li>\n<li class=\"OchatFollowUps_item__Dhyly OchatFollowUps_itemDesktop__R6aBv\">Czym by\u0142y poprzednie poszukiwania Piotra Kopra?<\/li>\n<\/ul>\n<p>&#8222;Geologicznie to niemo\u017cliwe&#8221; <\/p>\n<p class=\"Paragraph_desktopParagraph__U31Gm\">Dowodem na sensacyjne odkrycie maj\u0105 by\u0107 nie tylko wyniki nieinwazyjnych bada\u0144 geofizycznych \u2014 jak metoda elektrooporowa czy georadar \u2014 ale te\u017c wyniki z odwiert\u00f3w rdzeniowych wykonanych na zlecenie Kopra. W miejscu bada\u0144 wykonano dwa otwory w odleg\u0142o\u015bci zaledwie 2,5 m od siebie. Odwiert kontrolny wykaza\u0107 mia\u0142 jednolit\u0105, tward\u0105 ska\u0142\u0119 \u2014 zlepieniec gnejsowy \u2014 na ca\u0142ej g\u0142\u0119boko\u015bci. To nienaruszona przez cz\u0142owieka &#8222;calizna&#8221;. Drugi odwiert mia\u0142 przebi\u0107 si\u0119 przez ska\u0142\u0119 i natrafi\u0107, zamiast litego g\u00f3rotworu, na \u017cwir, glin\u0119 i rumosz skalny.<\/p>\n<p class=\"Paragraph_desktopParagraph__U31Gm\">\u2014 Jak on m\u00f3g\u0142 zwietrze\u0107 na g\u0142\u0119boko\u015bci 11 m? Jak mo\u017ce by\u0107 zwietrza\u0142y zlepieniec bezpo\u015brednio pod tward\u0105 ska\u0142\u0105? Geologicznie jest to niemo\u017cliwe \u2014 t\u0142umaczy Piotr Koper w rozmowie z History Hiking.<\/p>\n<p class=\"Paragraph_desktopParagraph__U31Gm\">Zdaniem odkrywcy obecno\u015b\u0107 tak lu\u017anego materia\u0142u pod grub\u0105 warstw\u0105 litej ska\u0142y jednoznacznie wskazuje na sztuczny zasyp. Przez 80 lat woda p\u0142yn\u0105ca podziemnym tunelem nanosi\u0142a glin\u0119, tworz\u0105c korek, kt\u00f3ry dzi\u015b blokuje wej\u015bcie do tajemniczej konstrukcji.<\/p>\n<p><img decoding=\"async\" class=\"Image_image__0tuHp Image_autoHeight__f2n87 \" height=\"528\" width=\"940\" src=\"https:\/\/www.europesays.com\/pl\/wp-content\/uploads\/2026\/01\/Yu6k9kpTURBXy82NzA3YTAwMTdkYTk5YmUzMTcwMDMzZTkxMjI4OGQwZC5qcGeSlQLNA6wAwsOVAgDNAkvCw94AA6EwAaExAaEzw.jpeg\" alt=\"Wynik badania elektrooporowego. To tu mia\u0142by si\u0119 znajdowa\u0107\u00a0domniemany tunel\" loading=\"lazy\" \/>Partner History Hiking<\/p>\n<p>Wynik badania elektrooporowego. To tu mia\u0142by si\u0119 znajdowa\u0107\u00a0domniemany tunel<\/p>\n<p>1200 m podziemnej prostej <\/p>\n<p class=\"Paragraph_desktopParagraph__U31Gm\">Zdaniem poszukiwacza potencjalne znalezisko mo\u017ce by\u0107 pot\u0119\u017cnym obiektem in\u017cynieryjnym. Dzi\u0119ki zastosowaniu metod geofizycznych uda\u0142o si\u0119 wytyczy\u0107 lini\u0119 przebiegu domniemanego tunelu. Ma to by\u0107 idealna prosta o d\u0142ugo\u015bci 1200 m. Mimo posiadania raport\u00f3w geofizycznych oraz wynik\u00f3w odwiert\u00f3w prace weryfikacyjne stan\u0119\u0142y w miejscu. Powodem jest biurokratyczny klincz. Aby dotrze\u0107 do tunelu, konieczne jest wykonanie wykopu, co wi\u0105\u017ce si\u0119 z wyci\u0119ciem czterech drzew.<\/p>\n<p class=\"Paragraph_desktopParagraph__U31Gm\">\u2014 Miliony drzew s\u0105 wycinane codziennie w Polsce. My musimy wyci\u0105\u0107 cztery i jest dramat \u2014 ironizuje Koper.<\/p>\n<p class=\"Paragraph_desktopParagraph__U31Gm\">Jak m\u00f3wi Koper, urz\u0119dnicy oczekuj\u0105 zmiany planu zagospodarowania przestrzennego dla dzia\u0142ki le\u015bnej, co w polskich realiach oznacza nawet kilka lat czekania i dziesi\u0105tki tysi\u0119cy z\u0142otych koszt\u00f3w.<\/p>\n<p><img decoding=\"async\" class=\"Image_image__0tuHp Image_autoHeight__f2n87 \" height=\"518\" width=\"940\" src=\"https:\/\/www.europesays.com\/pl\/wp-content\/uploads\/2026\/01\/81Tk9kpTURBXy8zYTljYzYzMTJiZDM0YmM1ZjQwNWQzOWI4ZDM3ZDJjYy5wbmeSlQLNA6wAwsOVAgDNAkvCw94AA6EwAaExAaEzw.jpeg\" alt=\"Piotr Koper prezentuje wyniki odwiert\u00f3w\" loading=\"lazy\" \/>\u0141ukasz Herod \/ History Hiking \/ Partner History Hiking<\/p>\n<p>Piotr Koper prezentuje wyniki odwiert\u00f3w<\/p>\n<p>Walka o wiarygodno\u015b\u0107 <\/p>\n<p class=\"Paragraph_desktopParagraph__U31Gm\">Dla Piotra Kopra te poszukiwania maj\u0105 wymiar osobisty. Rozpocz\u0119te 10 lat temu badania na 65. kilometrze nie zako\u0144czy\u0142y si\u0119 odkryciem poci\u0105gu, a na poszukiwaczy wyla\u0142a si\u0119 fala krytyki.<\/p>\n<p class=\"Paragraph_desktopParagraph__U31Gm\">\u2014 Moja wiarygodno\u015b\u0107 po tamtych wykopaliskach spad\u0142a bardzo mocno. Chcia\u0142bym teraz niekt\u00f3rym osobom mocno zamkn\u0105\u0107 rozgadane twarze i to b\u0119dzie dla mnie najwi\u0119ksza nagroda \u2014 przyznaje szczerze odkrywca.<\/p>\n<p class=\"Paragraph_desktopParagraph__U31Gm\">Koper podkre\u015bla, \u017ce od 15 lat wk\u0142ada w te badania ogromne \u015brodki prywatne i czas. Jak zapewnia, nie szuka rozg\u0142osu dla klikni\u0119\u0107 \u2014 wr\u0119cz przeciwnie, uwa\u017ca, \u017ce &#8222;takie rzeczy wol\u0105 cisz\u0119&#8221;.<\/p>\n","protected":false},"excerpt":{"rendered":"Zobacz wywiad z Piotrem Koprem, kt\u00f3ry twierdzi, \u017ce odkry\u0142 nieznany tunel: Powr\u00f3t po 10 latach Dok\u0142adnie 10 lat&hellip;\n","protected":false},"author":2,"featured_media":200936,"comment_status":"","ping_status":"","sticky":false,"template":"","format":"standard","meta":{"footnotes":""},"categories":[12],"tags":[32,33,36,37,27,29936,34,35,1816,28,31,53,25,52,68,51,55,42,38,40,39,41,47,29,30,50,26],"class_list":{"0":"post-200935","1":"post","2":"type-post","3":"status-publish","4":"format-standard","5":"has-post-thumbnail","7":"category-polska","8":"tag-breaking-news","9":"tag-breakingnews","10":"tag-featured-news","11":"tag-featurednews","12":"tag-headlines","13":"tag-history_hiking","14":"tag-latest-news","15":"tag-latestnews","16":"tag-mm","17":"tag-naglowki","18":"tag-najwazniejsze-artykuly","19":"tag-new_header","20":"tag-news","21":"tag-onet3","22":"tag-onet3d","23":"tag-onet3d_2i","24":"tag-phx","25":"tag-pl","26":"tag-poland","27":"tag-polish","28":"tag-polska","29":"tag-polski","30":"tag-screening_general","31":"tag-top-stories","32":"tag-topstories","33":"tag-v2021","34":"tag-wiadomosci"},"share_on_mastodon":{"url":"https:\/\/pubeurope.com\/@pl\/115882005919051039","error":""},"_links":{"self":[{"href":"https:\/\/www.europesays.com\/pl\/wp-json\/wp\/v2\/posts\/200935","targetHints":{"allow":["GET"]}}],"collection":[{"href":"https:\/\/www.europesays.com\/pl\/wp-json\/wp\/v2\/posts"}],"about":[{"href":"https:\/\/www.europesays.com\/pl\/wp-json\/wp\/v2\/types\/post"}],"author":[{"embeddable":true,"href":"https:\/\/www.europesays.com\/pl\/wp-json\/wp\/v2\/users\/2"}],"replies":[{"embeddable":true,"href":"https:\/\/www.europesays.com\/pl\/wp-json\/wp\/v2\/comments?post=200935"}],"version-history":[{"count":0,"href":"https:\/\/www.europesays.com\/pl\/wp-json\/wp\/v2\/posts\/200935\/revisions"}],"wp:featuredmedia":[{"embeddable":true,"href":"https:\/\/www.europesays.com\/pl\/wp-json\/wp\/v2\/media\/200936"}],"wp:attachment":[{"href":"https:\/\/www.europesays.com\/pl\/wp-json\/wp\/v2\/media?parent=200935"}],"wp:term":[{"taxonomy":"category","embeddable":true,"href":"https:\/\/www.europesays.com\/pl\/wp-json\/wp\/v2\/categories?post=200935"},{"taxonomy":"post_tag","embeddable":true,"href":"https:\/\/www.europesays.com\/pl\/wp-json\/wp\/v2\/tags?post=200935"}],"curies":[{"name":"wp","href":"https:\/\/api.w.org\/{rel}","templated":true}]}}