{"id":201026,"date":"2026-01-12T12:47:13","date_gmt":"2026-01-12T12:47:13","guid":{"rendered":"https:\/\/www.europesays.com\/pl\/201026\/"},"modified":"2026-01-12T12:47:13","modified_gmt":"2026-01-12T12:47:13","slug":"nawrocki-nagle-dopadl-do-stocha-w-zakopanem-oto-co-wydarzylo-sie-pozniej-2","status":"publish","type":"post","link":"https:\/\/www.europesays.com\/pl\/201026\/","title":{"rendered":"Nawrocki nagle dopad\u0142 do Stocha w Zakopanem. Oto co wydarzy\u0142o si\u0119 p\u00f3\u017aniej"},"content":{"rendered":"<p class=\"typography ids-typeset-body ids-typeset-body--preset-large link paragraph ids-paragraph ids-paragraph--default\">Pewien pi\u0119kny rozdzia\u0142 polskich skok\u00f3w narciarskich w\u0142a\u015bnie si\u0119 domyka. Ko\u0144cz\u0105cy karier\u0119 Kamil Stoch po\u017cegna\u0142 si\u0119 z kibicami w Zakopanem. Nie wszystko posz\u0142o po jego my\u015bli. Podczas niedzielnego konkursu Pucharu \u015awiata nie zakwalifikowa\u0142 si\u0119 do drugiej serii, wi\u0119c na Wielkiej Krokwi m\u00f3g\u0142 odda\u0107 tylko jeden skok.<\/p>\n<p class=\"typography ids-typeset-body ids-typeset-body--preset-large link paragraph ids-paragraph ids-paragraph--default\">&#8222;Na pewno b\u0119d\u0119 mia\u0142 wiele wspomnie\u0144 z tego dnia i ca\u0142ego weekendu. Sportowo by\u0142em d\u0119tka, co tu ukrywa\u0107. By\u0142em totalnie nieu\u017cyteczny. Ani technicznie, ani fizycznie nic nie dzia\u0142a\u0142o&#8221; &#8211; przyznawa\u0142 skoczek przed kamer\u0105 Eurosportu.<\/p>\n<blockquote role=\"blockquote\" class=\"quote ids-quote ids-quote--nosurface--short--medium\"><p>\u00a0Godz\u0119 si\u0119 z tym. Chyba chodzi\u0142o o to, bym po prostu dotrwa\u0142 do tego momentu, gdy na trybunach jest kilkadziesi\u0105t tysi\u0119cy ludzi, z kt\u00f3rymi mog\u0119 si\u0119 po\u017cegna\u0107- dodawa\u0142.<\/p><\/blockquote>\n<p class=\"typography ids-typeset-body ids-typeset-body--preset-large link paragraph ids-paragraph ids-paragraph--default\">Stoch \u017cegnany by\u0142 z honorami. Na jego ostatni wyst\u0119p w P\u015a w Zakopanem przybyli tak\u017ce by\u0142y i obecny prezydent Rzeczypospolitej Polskiej. Sam Kamil, pytany o komentarz do takiej delegacji na Wielkiej Krokwi, odpowiedzia\u0142 bardzo jasno.<\/p>\n<p>Prezydent wprost ws. Stocha. Tak go nazwa\u0142<\/p>\n<p class=\"typography ids-typeset-body ids-typeset-body--preset-large link paragraph ids-paragraph ids-paragraph--default\">Wizyta obu prezydent\u00f3w w Zakopanem <a href=\"https:\/\/sport.interia.pl\/skoki-narciarskie\/news-nawrocki-laczy-sily-z-duda-juz-oglosili-pierwszy-zakaz-polac,nId,22507037\" target=\"_self\" rel=\"nofollow noopener\">by\u0142a zapowiadana ju\u017c wcze\u015bniej<\/a>. Na kilka dni przed ich przyjazdem przy obiekcie pojawili si\u0119 funkcjonariusze S\u0142u\u017cby Ochrony Pa\u0144stwa. &#8222;Odbierali wszystkie pomieszczenia, kt\u00f3re musimy im udost\u0119pni\u0107&#8221; &#8211; zrelacjonowa\u0142 dla Sport.pl Rafa\u0142 Kot, wiceprezes TZN, organizatora imprezy.<\/p>\n<p class=\"typography ids-typeset-body ids-typeset-body--preset-large link paragraph ids-paragraph ids-paragraph--default\">A co dzia\u0142o si\u0119 ju\u017c w trakcie imprezy, w niedziel\u0119? Prezydent Karol Nawrocki pojawi\u0142 si\u0119 na trybunie VIP\u00a0z \u017con\u0105 i synem u boku. Wsp\u00f3lnie zagrzewali polskich skoczk\u00f3w do walki.<\/p>\n<p class=\"typography ids-typeset-body ids-typeset-body--preset-large link paragraph ids-paragraph ids-paragraph--default\">&#8222;Jest mi bardzo mi\u0142o, \u017ce najwa\u017cniejszy cz\u0142owiek w Polsce zaszczyci\u0142 nas swoj\u0105 obecno\u015bci\u0105 i nam kibicowa\u0142&#8221; &#8211; komentowa\u0142 obecno\u015b\u0107 Nawrockiego i Dudy bohater dnia, Kamil Stoch, podpytywany przez grup\u0119 dziennikarzy. Mia\u0142 zreszt\u0105 okazj\u0119 chwil\u0119 porozmawia\u0107 z urz\u0119duj\u0105cym prezydentem, kt\u00f3ry w pewnym momencie &#8211; ju\u017c po konkursie &#8211;\u00a0ruszy\u0142 do zawodnika, przebijaj\u0105c si\u0119 przez t\u0142um ludzi, by u\u015bcisn\u0105\u0107 mu d\u0142o\u0144 i z\u0142o\u017cy\u0107 podzi\u0119kowania. Potem razem z kibicami od\u015bpiewali &#8222;Mazurka D\u0105browskiego&#8221;.<\/p>\n<p class=\"typography ids-typeset-body ids-typeset-body--preset-large link paragraph ids-paragraph ids-paragraph--default\">Po wszystkim na oficjalnych kana\u0142ach spo\u0142eczno\u015bciowych prezydenta pojawi\u0142o si\u0119 podsumowanie tego, co dzia\u0142o si\u0119 w Zakopanem. &#8222;Prezydent RP Karol Nawrocki wraz z Pierwsz\u0105 Dam\u0105 kibicowali zawodnikom\u00a0uczestnicz\u0105cym w indywidualnym konkursie Pucharu \u015awiata w skokach narciarskich na Wielkiej Krokwi w Zakopanem&#8221; &#8211; potwierdzi\u0142a kancelaria prezydenta.<\/p>\n<blockquote role=\"blockquote\" class=\"quote ids-quote ids-quote--nosurface--short--medium\"><p>Po zako\u0144czeniu konkursu Prezydent RP wr\u0119czy\u0142 nagrod\u0119 zwyci\u0119zcy i pogratulowa\u0142 czo\u0142owej tr\u00f3jce. Nast\u0119pnie Karol Nawrocki wraz z publiczno\u015bci\u0105 w Zakopanem podzi\u0119kowali i po\u017cegnali Kamila Stocha, ko\u0144cz\u0105cego karier\u0119 po tym sezonie- dodano.<\/p><\/blockquote>\n<p class=\"typography ids-typeset-body ids-typeset-body--preset-large link paragraph ids-paragraph ids-paragraph--default\">Sam Karol Nawrocki ca\u0142e zdarzenie podsumowa\u0142 zdj\u0119ciem z Kamilem Stochem. Wspomnia\u0142 o fantastycznej atmosferze na Wielkiej Krokwi, nazywaj\u0105c skoczka &#8222;Legend\u0105&#8221;, a tak\u017ce o polskim sukcesie w United Cup. I nie tylko. &#8222;To by\u0142 dzie\u0144 pe\u0142en wielkich sportowych emocji. W Sydney Polska po raz pierwszy triumfuje w United Cup! Do trzech razy sztuka &#8211; i tym razem zwyci\u0119sko. Wielkie gratulacje! W halowym hokeju na trawie Polacy si\u0119gaj\u0105 po srebro mistrzostw Europy po niezwykle zaci\u0119tym finale z Austri\u0105. MVP turnieju Gracjan Jarzy\u0144ski, najlepszym bramkarzem Mateusz Popio\u0142kowski. Polska jest z Was dumna&#8221; &#8211; napisa\u0142.<\/p>\n<p>Kaja Ziomek-Nogal: Uczciwie powiem, \u017ce nie spodziewa\u0142am si\u0119 a\u017c tylu medali. WIDEOPolsat SportPolsat Sport<\/p>\n<p><img decoding=\"async\" class=\"ids-image-holder__img\" loading=\"lazy\" alt=\"T\u0142um ludzi zgromadzony na zewn\u0105trz podczas intensywnych opad\u00f3w \u015bniegu. Dw\u00f3ch m\u0119\u017cczyzn w centrum kadru u\u015bciskiem d\u0142oni wymienia pozdrowienia; jeden ubrany w czerwon\u0105 kurtk\u0119, drugi w czarn\u0105. W tle widoczne postacie w zimowych ubraniach oraz reporterska k...\" title=\"Kamil Stoch i Karol Nawrocki\" width=\"4283\" height=\"2856\" src=\"https:\/\/www.europesays.com\/pl\/wp-content\/uploads\/2026\/01\/000M6MD89TFO2CIK-C323-F4.webp.webp\"\/><\/p>\n<p>Kamil Stoch i Karol NawrockiKacper KirklewskiNewspix.pl<\/p>\n<p><img decoding=\"async\" class=\"ids-image-holder__img\" loading=\"lazy\" alt=\"M\u0119\u017cczyzna w czapce z daszkiem oraz bia\u0142o-czerwonym szaliku z god\u0142em Polski stoi w \u015bniegu w t\u0142umie ludzi ubran\u0105 w zimowe kurtki, wok\u00f3\u0142 niego widoczna padaj\u0105ca \u015bnie\u017cyca.\" title=\"Prezydent na konkursie P\u015a w Zakopanem\" width=\"4284\" height=\"2856\" src=\"https:\/\/www.europesays.com\/pl\/wp-content\/uploads\/2026\/01\/000M6MDZDHB3KK63-C323-F4.webp.webp\"\/><\/p>\n<p>Prezydent na konkursie P\u015a w ZakopanemKAI TALLERNewspix.pl<\/p>\n<p><a class=\"ids-undecorated-link source ids-page-info--source__link\" href=\"https:\/\/www.interia.pl\" rel=\"nofollow noopener\" target=\"_blank\"><img decoding=\"async\" class=\"ids-image-holder__img\" loading=\"lazy\" alt=\"\" title=\"\" height=\"24px\" src=\"https:\/\/www.europesays.com\/pl\/wp-content\/uploads\/2026\/01\/1767782590_880_0009A60QQ5I2TYF7-C202-F4.webp.webp\"\/><\/a><\/p>\n<p>Masz sugestie, uwagi albo widzisz b\u0142\u0105d? Napisz do nas<\/p>\n","protected":false},"excerpt":{"rendered":"Pewien pi\u0119kny rozdzia\u0142 polskich skok\u00f3w narciarskich w\u0142a\u015bnie si\u0119 domyka. Ko\u0144cz\u0105cy karier\u0119 Kamil Stoch po\u017cegna\u0142 si\u0119 z kibicami w&hellip;\n","protected":false},"author":2,"featured_media":200811,"comment_status":"","ping_status":"","sticky":false,"template":"","format":"standard","meta":{"footnotes":""},"categories":[24],"tags":[42,38,40,39,41,127,126],"class_list":{"0":"post-201026","1":"post","2":"type-post","3":"status-publish","4":"format-standard","5":"has-post-thumbnail","7":"category-sport","8":"tag-pl","9":"tag-poland","10":"tag-polish","11":"tag-polska","12":"tag-polski","13":"tag-sport","14":"tag-sports"},"share_on_mastodon":{"url":"https:\/\/pubeurope.com\/@pl\/115882206630629341","error":""},"_links":{"self":[{"href":"https:\/\/www.europesays.com\/pl\/wp-json\/wp\/v2\/posts\/201026","targetHints":{"allow":["GET"]}}],"collection":[{"href":"https:\/\/www.europesays.com\/pl\/wp-json\/wp\/v2\/posts"}],"about":[{"href":"https:\/\/www.europesays.com\/pl\/wp-json\/wp\/v2\/types\/post"}],"author":[{"embeddable":true,"href":"https:\/\/www.europesays.com\/pl\/wp-json\/wp\/v2\/users\/2"}],"replies":[{"embeddable":true,"href":"https:\/\/www.europesays.com\/pl\/wp-json\/wp\/v2\/comments?post=201026"}],"version-history":[{"count":0,"href":"https:\/\/www.europesays.com\/pl\/wp-json\/wp\/v2\/posts\/201026\/revisions"}],"wp:featuredmedia":[{"embeddable":true,"href":"https:\/\/www.europesays.com\/pl\/wp-json\/wp\/v2\/media\/200811"}],"wp:attachment":[{"href":"https:\/\/www.europesays.com\/pl\/wp-json\/wp\/v2\/media?parent=201026"}],"wp:term":[{"taxonomy":"category","embeddable":true,"href":"https:\/\/www.europesays.com\/pl\/wp-json\/wp\/v2\/categories?post=201026"},{"taxonomy":"post_tag","embeddable":true,"href":"https:\/\/www.europesays.com\/pl\/wp-json\/wp\/v2\/tags?post=201026"}],"curies":[{"name":"wp","href":"https:\/\/api.w.org\/{rel}","templated":true}]}}