{"id":201060,"date":"2026-01-12T13:06:07","date_gmt":"2026-01-12T13:06:07","guid":{"rendered":"https:\/\/www.europesays.com\/pl\/201060\/"},"modified":"2026-01-12T13:06:07","modified_gmt":"2026-01-12T13:06:07","slug":"domy-jednorodzinne-zamieniaja-w-hotele-robotnicze-rzad-chce-zaostrzyc-przepisy","status":"publish","type":"post","link":"https:\/\/www.europesays.com\/pl\/201060\/","title":{"rendered":"Domy jednorodzinne zamieniaj\u0105 w hotele robotnicze. Rz\u0105d chce zaostrzy\u0107 przepisy"},"content":{"rendered":"<p> Nielegalne obiekty zakwaterowania pracowniczego. Ministerstwo Rozwoju reaguje<\/p>\n<p class=\"art_paragraph\">&#8222;Obserwuje si\u0119 coraz cz\u0119stsze przypadki wykorzystywania budynk\u00f3w jednorodzinnych jako nielegalnych obiekt\u00f3w zakwaterowania pracowniczego, w kt\u00f3rych zamieszkuje od kilkunastu do kilkudziesi\u0119ciu os\u00f3b&#8221; &#8211; podkre\u015bla w\u00f3jt gminy Kobierzyce Piotr Kope\u0107 w pi\u015bmie do ministra finans\u00f3w <a href=\"https:\/\/wiadomosci.gazeta.pl\/wiadomosci\/7,114881,27996567,wielka-brytania-ksiaze-andrzej-stanie-przed-sadem-za-napasc.html#anchorLink\" rel=\"nofollow noopener\" target=\"_blank\">Andrzeja<\/a> Doma\u0144skiego, kt\u00f3rego cytuje &#8222;<a href=\"https:\/\/www.rp.pl\/nieruchomosci\/art43613111-dom-jednorodzinny-to-nie-hotel-pracowniczy\" class=\"art_link\" rel=\"nofollow noopener\" target=\"_blank\">Rzeczpospolita<\/a>&#8222;. Dodaje, \u017ce gmina nie ma \u017cadnych narz\u0119dzi do walki z <a href=\"https:\/\/next.gazeta.pl\/next\/7,151003,26826133,lista-najbogatszych-polakow-wlasciciel-dino-wiceliderem-tworca.html#anchorLink\" rel=\"nofollow noopener\" target=\"_blank\">w\u0142a\u015bcicielami<\/a> wykorzystuj\u0105cymi luk\u0119 w prawie, a pozosta\u0142e organy pa\u0144stwowe maj\u0105 ograniczone\u00a0mo\u017cliwo\u015bci. &#8222;Zjawisko to nasila si\u0119 z powodu niewystarczaj\u0105cych regulacji prawnych oraz braku skutecznych mechanizm\u00f3w egzekwowania istniej\u0105cych przepis\u00f3w&#8221; &#8211; podsumowa\u0142 Kope\u0107.<\/p>\n<p class=\"art_paragraph\">Z kolei G\u0142\u00f3wny Urz\u0105d Nadzoru Budowlanego napisa\u0142 w ocenie zjawiska, \u017ce nielegalna zmiana sposobu u\u017cytkowania jest trudna do uchwycenia niezale\u017cnie od posiadanych zasob\u00f3w i narz\u0119dzi prawnych. &#8222;Nadz\u00f3r budowlany mo\u017ce podj\u0105\u0107 dzia\u0142ania, gdy uzyska wiedz\u0119 o takiej praktyce. Przy czym ka\u017cdy taki przypadek powinien by\u0107 analizowany indywidualnie, poniewa\u017c samo u\u017cytkowanie budynku mieszkalnego przez inne osoby ni\u017c w\u0142a\u015bciciel nie przes\u0105dza o tym, \u017ce nast\u0105pi\u0142a zmiana sposobu jego u\u017cytkowania&#8221; &#8211; wskaza\u0142 urz\u0105d, cytowany przez dziennik.<\/p>\n<p>\n    Zobacz wideo Ludwik Sobolewski o tym jak zosta\u0107 prezesem gie\u0142dy: Najlepsze rzeczy przydarzy\u0142y mi si\u0119, gdy si\u0119 nie stara\u0142em\n  <\/p>\n<p class=\"art_paragraph\">Ministerstwo Rozwoju i Technologii przyznaje, \u017ce obecnie obowi\u0105zuj\u0105ce przepisy s\u0105 trudne do wyegzekwowania. Resort wskaza\u0142, \u017ce rozwi\u0105zaniem\u00a0 sytuacji mo\u017ce by\u0107 podniesienie wysoko\u015bci grzywny (obecnie jest to maksymalnie 5 tys. z\u0142) oraz wprowadzenie mo\u017cliwo\u015bci wielokrotnego nak\u0142adania kary, gdy w\u0142a\u015bciciel nie wykonuje s\u0105dowego orzeczenia, nakazuj\u0105cego przywr\u00f3cenie poprzedniego sposobu u\u017cytkowania. &#8222;Dodatkowo resort analizuje, czy pom\u00f3c mog\u0142aby zmiana definicji budynku zbiorowego&#8221; &#8211; pisze &#8222;<a href=\"https:\/\/wiadomosci.gazeta.pl\/rzeczpospolita#anchorLink\" rel=\"nofollow noopener\" target=\"_blank\">Rzeczpospolita<\/a>&#8222;.<\/p>\n<p> &#8222;Agencje pracy i po\u015brednicy masowo wynajmuj\u0105 domy jednorodzinne&#8221;<\/p>\n<p class=\"art_paragraph\">Autorzy petycji &#8222;STOP hotelom pracowniczym w domach jednorodzinnych&#8221; z gminy Kobierzyce pod <a href=\"https:\/\/next.gazeta.pl\/wroclaw#anchorLink\" rel=\"nofollow noopener\" target=\"_blank\">Wroc\u0142awiem<\/a> apelowali do w\u0142adz rz\u0105dowych, parlamentarnych oraz samorz\u0105dowych, aby pilnie podj\u0119to dzia\u0142ania, kt\u00f3re ureguluj\u0105 zjawisko niekontrolowanego przekszta\u0142cania dom\u00f3w jednorodzinnych w hotele pracownicze. &#8222;Na naszych osiedlach agencje <a href=\"https:\/\/next.gazeta.pl\/praca#anchorLink\" rel=\"nofollow noopener\" target=\"_blank\">pracy<\/a> i po\u015brednicy masowo wynajmuj\u0105 domy jednorodzinne, kt\u00f3re nast\u0119pnie s\u0142u\u017c\u0105 za zakwaterowanie dla 20, 30, a czasem nawet wi\u0119kszej liczby pracownik\u00f3w tymczasowych&#8221; &#8211; <a href=\"https:\/\/www.petycjeonline.com\/stop_hotelom_pracowniczym_w_domach_jednorodzinnych_dla_bezpieczestwa_i_spokoju_mieszkacow\" class=\"art_link\" rel=\"nofollow noopener\" target=\"_blank\">czytamy w petycji<\/a>.<\/p>\n<p class=\"art_paragraph\">Podkre\u015blono, \u017ce budynki nie spe\u0142niaj\u0105 wymaga\u0144 sanitarno-technicznych ani przeciwpo\u017carowych do tak intensywnego u\u017cytkowania. &#8222;Przekszta\u0142cenia odbywaj\u0105 si\u0119 poza jak\u0105kolwiek kontrol\u0105 planistyczn\u0105 i bez wymaganych zg\u00f3d. G\u0119sto\u015b\u0107 zaludnienia na osiedlach jednorodzinnych ro\u015bnie kilkukrotnie, co powoduje poczucie przeludnienia, utrat\u0119 bezpiecze\u0144stwa i prywatno\u015bci. Mieszka\u0144cy zg\u0142aszaj\u0105 obawy o ha\u0142as, zwi\u0119kszon\u0105 ilo\u015b\u0107 odpad\u00f3w, braki miejsc parkingowych i spadek jako\u015bci \u017cycia. S\u0142u\u017cby gminne i powiatowe nie maj\u0105 obecnie narz\u0119dzi prawnych, by temu przeciwdzia\u0142a\u0107. De facto powstaj\u0105 getta pracownicze w \u015brodku osiedli dom\u00f3w jednorodzinnych, co sprzyja napi\u0119ciom spo\u0142ecznym i dezintegracji&#8221; &#8211; napisano.<\/p>\n","protected":false},"excerpt":{"rendered":"Nielegalne obiekty zakwaterowania pracowniczego. Ministerstwo Rozwoju reaguje &#8222;Obserwuje si\u0119 coraz cz\u0119stsze przypadki wykorzystywania budynk\u00f3w jednorodzinnych jako nielegalnych obiekt\u00f3w&hellip;\n","protected":false},"author":2,"featured_media":201061,"comment_status":"","ping_status":"","sticky":false,"template":"","format":"standard","meta":{"footnotes":""},"categories":[12],"tags":[32,33,36,37,27,34,35,28,31,25,42,38,40,39,41,29,30,26],"class_list":{"0":"post-201060","1":"post","2":"type-post","3":"status-publish","4":"format-standard","5":"has-post-thumbnail","7":"category-polska","8":"tag-breaking-news","9":"tag-breakingnews","10":"tag-featured-news","11":"tag-featurednews","12":"tag-headlines","13":"tag-latest-news","14":"tag-latestnews","15":"tag-naglowki","16":"tag-najwazniejsze-artykuly","17":"tag-news","18":"tag-pl","19":"tag-poland","20":"tag-polish","21":"tag-polska","22":"tag-polski","23":"tag-top-stories","24":"tag-topstories","25":"tag-wiadomosci"},"share_on_mastodon":{"url":"https:\/\/pubeurope.com\/@pl\/115882281228120011","error":""},"_links":{"self":[{"href":"https:\/\/www.europesays.com\/pl\/wp-json\/wp\/v2\/posts\/201060","targetHints":{"allow":["GET"]}}],"collection":[{"href":"https:\/\/www.europesays.com\/pl\/wp-json\/wp\/v2\/posts"}],"about":[{"href":"https:\/\/www.europesays.com\/pl\/wp-json\/wp\/v2\/types\/post"}],"author":[{"embeddable":true,"href":"https:\/\/www.europesays.com\/pl\/wp-json\/wp\/v2\/users\/2"}],"replies":[{"embeddable":true,"href":"https:\/\/www.europesays.com\/pl\/wp-json\/wp\/v2\/comments?post=201060"}],"version-history":[{"count":0,"href":"https:\/\/www.europesays.com\/pl\/wp-json\/wp\/v2\/posts\/201060\/revisions"}],"wp:featuredmedia":[{"embeddable":true,"href":"https:\/\/www.europesays.com\/pl\/wp-json\/wp\/v2\/media\/201061"}],"wp:attachment":[{"href":"https:\/\/www.europesays.com\/pl\/wp-json\/wp\/v2\/media?parent=201060"}],"wp:term":[{"taxonomy":"category","embeddable":true,"href":"https:\/\/www.europesays.com\/pl\/wp-json\/wp\/v2\/categories?post=201060"},{"taxonomy":"post_tag","embeddable":true,"href":"https:\/\/www.europesays.com\/pl\/wp-json\/wp\/v2\/tags?post=201060"}],"curies":[{"name":"wp","href":"https:\/\/api.w.org\/{rel}","templated":true}]}}