{"id":201070,"date":"2026-01-12T13:12:10","date_gmt":"2026-01-12T13:12:10","guid":{"rendered":"https:\/\/www.europesays.com\/pl\/201070\/"},"modified":"2026-01-12T13:12:10","modified_gmt":"2026-01-12T13:12:10","slug":"pis-chce-odwolania-stefana-krajewskiego-chodzi-o-umowe-z-mercosurem","status":"publish","type":"post","link":"https:\/\/www.europesays.com\/pl\/201070\/","title":{"rendered":"PiS chce odwo\u0142ania Stefana Krajewskiego. Chodzi o umow\u0119 z Mercosurem"},"content":{"rendered":"<p data-section=\"detail-body\">W miniony pi\u0105tek pa\u0144stwa Unii Europejskiej, mimo sprzeciwu Polski i Francji, zgodzi\u0142y si\u0119 na zawarcie umowy z Mercosurem. Decyduj\u0105ce okaza\u0142o si\u0119 poparcie W\u0142och. Dokument ma zosta\u0107 podpisany 17 stycznia. Jednocze\u015bnie przyj\u0119to wzmocnion\u0105 klauzul\u0119 ochronn\u0105, kt\u00f3ra w razie spadku cen produkt\u00f3w wra\u017cliwych w UE lub nag\u0142ego nap\u0142ywu du\u017cej ilo\u015bci towar\u00f3w z Mercosuru pozwoli na czasowe wy\u0142\u0105czenie preferencji celnych dla tamtejszych producent\u00f3w.<\/p>\n<p class=\"article_p\" data-section=\"detail-body\">Dalsza cz\u0119\u015b\u0107 artyku\u0142u znajduje si\u0119 pod materia\u0142em video: <\/p>\n<p class=\"article_p\" data-section=\"detail-body\">Czytaj te\u017c: <a href=\"https:\/\/businessinsider.com.pl\/wiadomosci\/umowa-z-mercosurem-wywolala-burze-w-sieci-politycy-komentuja-ruch-krajow-ue\/zzly57m\" id=\"fd2d2485-0b98-4c15-b683-e6ecbd62f3da\" rel=\"nofollow noopener\" target=\"_blank\">Fala komentarzy po zawarciu umowy z Mercosurem. &#8222;To kuku\u0142cze jajo&#8221;<\/a><\/p>\n<p>        &#8222;Minister wykazuje si\u0119 arogancj\u0105&#8221;<\/p>\n<p class=\"article_p\" data-section=\"detail-body\">Porozumienie, kt\u00f3re budzi sprzeciw rolnik\u00f3w w Europie, przewiduje preferencje celne dla niekt\u00f3rych produkt\u00f3w rolnych, takich jak wo\u0142owina, dr\u00f3b, nabia\u0142, cukier i etanol. W zamian rynki Mercosuru maj\u0105 otworzy\u0107 si\u0119 na europejskie towary przemys\u0142owe, w tym samochody, maszyny i leki.<\/p>\n<p>            Czytaj tak\u017ce w BUSINESS INSIDER<\/p>\n<p class=\"article_p\" data-section=\"detail-body\">Mariusz B\u0142aszczak w swoim o\u015bwiadczeniu na platformie X zarzuci\u0142 Krajewskiemu brak stanowczo\u015bci w obronie interes\u00f3w polskich rolnik\u00f3w. &#8222;Zamiast stanowczo broni\u0107 interes\u00f3w polskiej wsi, minister Krajewski wykazuje si\u0119 arogancj\u0105 i lekcewa\u017ceniem g\u0142osu rolnik\u00f3w. Polska wie\u015b potrzebuje obrony, a nie bierno\u015bci&#8221; \u2014 napisa\u0142 polityk.<\/p>\n<p>        Gro\u017aby wobec ministra<\/p>\n<p class=\"article_p\" data-section=\"detail-body\">W pi\u0105tek w Warszawie odby\u0142y si\u0119 protesty rolnik\u00f3w przeciwko umowie UE-Mercosur. Ich zdaniem nap\u0142yw taniej \u017cywno\u015bci spoza Unii, produkowanej bez europejskich norm jako\u015bci, mo\u017ce zagrozi\u0107 przysz\u0142o\u015bci polskiego rolnictwa.<\/p>\n<p class=\"article_p\" data-section=\"detail-body\">Tego samego dnia wieczorem minister Stefan Krajewski poinformowa\u0142 w Polsat News o incydencie w pobli\u017cu swojej posesji w wojew\u00f3dztwie podlaskim. Jak relacjonowa\u0142, kto\u015b rozla\u0142 gnojowic\u0119, pr\u00f3bowa\u0142 uszkodzi\u0107 ogrodzenie i kierowa\u0142 wobec niego gro\u017aby. Policja zatrzyma\u0142a w tej sprawie 35-letniego mieszka\u0144ca wojew\u00f3dztwa lubelskiego. Prokuratura postawi\u0142a mu zarzuty, w tym gr\u00f3\u017ab bezprawnych i zniewa\u017cenia konstytucyjnego organu. Zatrzymany nie przyzna\u0142 si\u0119 do winy, a \u015bledczy z\u0142o\u017cyli wniosek o jego aresztowanie.<\/p>\n","protected":false},"excerpt":{"rendered":"W miniony pi\u0105tek pa\u0144stwa Unii Europejskiej, mimo sprzeciwu Polski i Francji, zgodzi\u0142y si\u0119 na zawarcie umowy z Mercosurem.&hellip;\n","protected":false},"author":2,"featured_media":201071,"comment_status":"","ping_status":"","sticky":false,"template":"","format":"standard","meta":{"footnotes":""},"categories":[14],"tags":[32,33,27,34,35,28,31,25,40,41,80,29,30,26,82,83,84],"class_list":{"0":"post-201070","1":"post","2":"type-post","3":"status-publish","4":"format-standard","5":"has-post-thumbnail","7":"category-swiat","8":"tag-breaking-news","9":"tag-breakingnews","10":"tag-headlines","11":"tag-latest-news","12":"tag-latestnews","13":"tag-naglowki","14":"tag-najwazniejsze-artykuly","15":"tag-news","16":"tag-polish","17":"tag-polski","18":"tag-swiat","19":"tag-top-stories","20":"tag-topstories","21":"tag-wiadomosci","22":"tag-world","23":"tag-world-news","24":"tag-worldnews"},"share_on_mastodon":{"url":"https:\/\/pubeurope.com\/@pl\/115882304813544175","error":""},"_links":{"self":[{"href":"https:\/\/www.europesays.com\/pl\/wp-json\/wp\/v2\/posts\/201070","targetHints":{"allow":["GET"]}}],"collection":[{"href":"https:\/\/www.europesays.com\/pl\/wp-json\/wp\/v2\/posts"}],"about":[{"href":"https:\/\/www.europesays.com\/pl\/wp-json\/wp\/v2\/types\/post"}],"author":[{"embeddable":true,"href":"https:\/\/www.europesays.com\/pl\/wp-json\/wp\/v2\/users\/2"}],"replies":[{"embeddable":true,"href":"https:\/\/www.europesays.com\/pl\/wp-json\/wp\/v2\/comments?post=201070"}],"version-history":[{"count":0,"href":"https:\/\/www.europesays.com\/pl\/wp-json\/wp\/v2\/posts\/201070\/revisions"}],"wp:featuredmedia":[{"embeddable":true,"href":"https:\/\/www.europesays.com\/pl\/wp-json\/wp\/v2\/media\/201071"}],"wp:attachment":[{"href":"https:\/\/www.europesays.com\/pl\/wp-json\/wp\/v2\/media?parent=201070"}],"wp:term":[{"taxonomy":"category","embeddable":true,"href":"https:\/\/www.europesays.com\/pl\/wp-json\/wp\/v2\/categories?post=201070"},{"taxonomy":"post_tag","embeddable":true,"href":"https:\/\/www.europesays.com\/pl\/wp-json\/wp\/v2\/tags?post=201070"}],"curies":[{"name":"wp","href":"https:\/\/api.w.org\/{rel}","templated":true}]}}