{"id":201101,"date":"2026-01-12T13:35:14","date_gmt":"2026-01-12T13:35:14","guid":{"rendered":"https:\/\/www.europesays.com\/pl\/201101\/"},"modified":"2026-01-12T13:35:14","modified_gmt":"2026-01-12T13:35:14","slug":"pelczynska-nalecz-czy-hennig-kloska-brutalna-walka-o-ocalenie-partii-holowni","status":"publish","type":"post","link":"https:\/\/www.europesays.com\/pl\/201101\/","title":{"rendered":"Pe\u0142czy\u0144ska-Na\u0142\u0119cz czy Hennig-Kloska? Brutalna walka o ocalenie partii Ho\u0142owni"},"content":{"rendered":"<p><img alt=\"\"   src=\"https:\/\/www.europesays.com\/pl\/wp-content\/uploads\/2026\/01\/SK240402_0385032.jpg\" decoding=\"async\" data-nimg=\"fill\" class=\"image\" style=\"position:absolute;top:0;left:0;bottom:0;right:0;box-sizing:border-box;padding:0;border:none;margin:auto;display:block;width:0;height:0;min-width:100%;max-width:100%;min-height:100%;max-height:100%;object-fit:cover\"\/><\/p>\n<p>Prawa autorskie: 02.04.2024 Warszawa , Aleje Ujazdowskie , Kancelaria Prezesa Rady Ministrow , ministra klimatu i srodowiska Paulina Hennig &#8211; Kloska (p) i ministra funduszy i polityki regionalnej Katarzyna Pelczynska &#8211; Nalecz (l) podczas posiedzenia rzadu . Fot. Slawomir Kaminski \/ Agencja Wyborcza.pl02.04.2024 Warszawa &#8230;<\/p>\n<p>Prawa autorskie: 02.04.2024 Warszawa , Aleje Ujazdowskie , Kancelaria Prezesa Rady Ministrow , ministra klimatu i srodowiska Paulina Hennig &#8211; Kloska (p) i ministra funduszy i polityki regionalnej Katarzyna Pelczynska &#8211; Nalecz (l) podczas posiedzenia rzadu . Fot. Slawomir Kaminski \/ Agencja Wyborcza.pl02.04.2024 Warszawa &#8230;<\/p>\n<p>Zaloguj si\u0119, aby zapisa\u0107 na p\u00f3\u017aniej<\/p>\n<p>12 stycznia 2026<\/p>\n<p><a target=\"_blank\" href=\"https:\/\/news.google.com\/publications\/CAAiEGYSkp3as7HPQ8kTGP1yxGQqFAgKIhBmEpKd2rOxz0PJExj9csRk?hl=pl&amp;gl=PL&amp;ceid=PL%3Apl\" rel=\"noreferrer nofollow noopener\">Google News<\/a>Udost\u0119pnij na FacebookuUdost\u0119pnij na TwitterzeUdost\u0119pnij w mailu<\/p>\n<p class=\"mt-3 font-serif font-semibold text-lg text-gray-900 lg:mt-5 lg:text-xl lg:leading-8 dark:text-gray-50 print:dark:text-black\">W poniedzia\u0142ek 12 stycznia 2026 odb\u0119dzie si\u0119 druga, rozstrzygaj\u0105ca tura wybor\u00f3w na osob\u0119, kt\u00f3ra b\u0119dzie przewodniczy\u0107 Polsce 2050. Pytanie, czy b\u0119dzie to osoba, kt\u00f3ra poprowadzi parti\u0119 dalej, czy mo\u017ce j\u0105 zlikwiduje?<\/p>\n<p><a target=\"_blank\" href=\"https:\/\/news.google.com\/publications\/CAAiEGYSkp3as7HPQ8kTGP1yxGQqFAgKIhBmEpKd2rOxz0PJExj9csRk?hl=pl&amp;gl=PL&amp;ceid=PL%3Apl\" rel=\"noreferrer nofollow noopener\">Google News<\/a>Udost\u0119pnij na FacebookuUdost\u0119pnij na TwitterzeUdost\u0119pnij w mailu<\/p>\n<p class=\"typography__paragraph my-5 font-serif font-normal text-xl leading-8 text-gray-900 dark:text-gray-50 print:dark:text-black break-words\">Po tym, jak Szymon Ho\u0142ownia og\u0142osi\u0142, \u017ce nie chce ju\u017c szefowa\u0107 partii, kt\u00f3r\u0105 sam za\u0142o\u017cy\u0142 i kt\u00f3ra wci\u0105\u017c nosi jego nazwisko, cz\u0142onkowie partii wybieraj\u0105 nowe w\u0142adze. <\/p>\n<p class=\"typography__paragraph my-5 font-serif font-normal text-xl leading-8 text-gray-900 dark:text-gray-50 print:dark:text-black break-words\">I chocia\u017c do drugiej tury wesz\u0142y faworytki, interesuj\u0105ce jest, \u017ce w odr\u00f3\u017cnieniu od wybor\u00f3w w innych partiach politycznych, wynik nie jest przes\u0105dzony. Nie da si\u0119 dzi\u015b stwierdzi\u0107 na 100 procent, czy szefow\u0105 zostanie Katarzyna Pe\u0142czy\u0144ska-Na\u0142\u0119cz, czy Paulina Hennig-Kloska. Pewne jest jednak, \u017ce b\u0119dzie to jedyna z g\u0142\u00f3wnych partii politycznych w Polsce, na czele kt\u00f3rych stanie kobieta. <\/p>\n<p class=\"typography__paragraph my-5 font-serif font-normal text-xl leading-8 text-gray-900 dark:text-gray-50 print:dark:text-black break-words\">Katarzyna Pe\u0142czy\u0144ska-Na\u0142\u0119cz \u2013 277,<br \/>\n Paulina Hennig-Kloska \u2013 131,<br \/>\n Joanna Mucha \u2013 119,<br \/>\n Ryszard Petru \u2013 95,<br \/>\n Rafa\u0142 Kasprzyk \u2013 34. <\/p>\n<p class=\"typography__paragraph my-5 font-serif font-normal text-xl leading-8 text-gray-900 dark:text-gray-50 print:dark:text-black break-words\">Decyzja, kt\u00f3r\u0105 w poniedzia\u0142ek podejm\u0105 cz\u0142onkowie i cz\u0142onkinie Polski 2050, jest wa\u017cna nie tylko dla samej partii, ale r\u00f3wnie\u017c dla ca\u0142ej koalicji rz\u0105dz\u0105cej. Wsp\u00f3\u0142tworz\u0105ca rz\u0105d Donalda Tuska Polska 2050 szuka bowiem nie tylko nowej liderki, ale te\u017c pomys\u0142u na odzyskanie zaufania kilku procent wyborc\u00f3w, kt\u00f3rzy w 2027 roku mog\u0105 zdecydowa\u0107 o wyniku wybor\u00f3w.<\/p>\n<p class=\"typography__paragraph my-5 font-serif font-normal text-xl leading-8 text-gray-900 dark:text-gray-50 print:dark:text-black break-words\">Post\u0119puj\u0105cy kryzys przyw\u00f3dztwa Szymona Ho\u0142owni sprawi\u0142, \u017ce wielu jego wyborc\u00f3w z 2020 i 2023 roku zwr\u00f3ci\u0142o si\u0119 ku Konfederacji lub przycupn\u0119\u0142o w politycznym niebycie, nie obdarzaj\u0105c sympati\u0105 \u017cadnej z dost\u0119pnych opcji parlamentarnych. Z ponad 14 proc. dla Trzeciej Drogi w 2023 roku poparcie zjecha\u0142o do <a rel=\"noindex nofollow noopener\" target=\"_blank\" href=\"https:\/\/ewybory.eu\/sondaze\/\" class=\"typography__anchor underline text-gray-900 decoration-red-700 cursor-pointer hover:text-red-700 dark:text-gray-50 dark:decoration-red-400 dark:hover:text-red-400 print:dark:text-black break-words\">sonda\u017cowych 2 proc. dla Polski 2050 2 proc. dla PSL.<\/a> To niezaprzeczalny k\u0142opot dla rz\u0105du Donalda Tuska. <\/p>\n<p class=\"typography__paragraph my-5 font-serif font-normal text-xl leading-8 text-gray-900 dark:text-gray-50 print:dark:text-black break-words\">Dalszy dryf Polski 2050 \u2013 bez pomys\u0142u, celu i ciesz\u0105cego si\u0119 zaufaniem przyw\u00f3dztwa \u2013 stwarza\u0142by niebezpiecze\u0144stwo rozpadu partii i pokus\u0119 rozbioru jej cz\u0142onk\u00f3w mi\u0119dzy inne podmioty polityczne. O konsekwencjach takiego scenariusza pisa\u0142 niedawno w \u201eTygodniku Powszechnym\u201d prof. Jaros\u0142aw Flis: <\/p>\n<p class=\"typography__paragraph my-5 font-serif font-normal text-xl leading-8 text-gray-900 dark:text-gray-50 print:dark:text-black break-words\">\u201eWszystkie dotychczasowe rz\u0105dy, kt\u00f3re zgubi\u0142y stabiln\u0105 wi\u0119kszo\u015b\u0107, a do ko\u0144ca kadencji \u00bbdoje\u017cd\u017ca\u0142y na planktonie\u00ab, czyli na dora\u017anych konfiguracjach indywidualnych pos\u0142\u00f3w-roz\u0142amowc\u00f3w, ko\u0144czy\u0142y tak samo \u2013 utrat\u0105 w\u0142adzy w kolejnych wyborach. <\/p>\n<p class=\"typography__paragraph my-5 font-serif font-normal text-xl leading-8 text-gray-900 dark:text-gray-50 print:dark:text-black break-words\">Najnowszy przyk\u0142ad, sprzed raptem dw\u00f3ch lat, powinien najsilniej przemawia\u0107 do wyobra\u017ani. Wypchni\u0119cie z obozu rz\u0105dz\u0105cego Jaros\u0142awa Gowina i rozbi\u00f3r jego partii nie wzmocni\u0142y PiS, tylko go pogr\u0105\u017cy\u0142y\u201d. <\/p>\n<p class=\"typography__paragraph my-5 font-serif font-normal text-xl leading-8 text-gray-900 dark:text-gray-50 print:dark:text-black break-words\">By\u0107 mo\u017ce ze wzgl\u0119du na t\u0119 polityczn\u0105 stawk\u0119 wybory w Polsce 2050 okaza\u0142y si\u0119 du\u017co ciekawsze i du\u017co bardziej brutalne ni\u017c pocz\u0105tkowo mo\u017cna si\u0119 by\u0142o spodziewa\u0107. I ni\u017c by sugerowa\u0142 wizerunek centrowej, chodz\u0105cej \u015brodkiem drogi partii. <\/p>\n<p class=\"typography__paragraph my-5 font-serif font-normal text-xl leading-8 text-gray-900 dark:text-gray-50 print:dark:text-black break-words\">Kto i dlaczego zrezygnowa\u0142 ze startu? A kto przegra\u0142?<\/p>\n<p class=\"typography__paragraph my-5 font-serif font-normal text-xl leading-8 text-gray-900 dark:text-gray-50 print:dark:text-black break-words\">Ostatecznie w wyborach na przewodnicz\u0105cego nie wzi\u0105\u0142 udzia\u0142u Micha\u0142 Kobosko, jedna z wa\u017cniejszych postaci Polski 2050, obecnie europose\u0142. <\/p>\n<p class=\"typography__paragraph my-5 font-serif font-normal text-xl leading-8 text-gray-900 dark:text-gray-50 print:dark:text-black break-words\">Kilka tygodni temu w li\u015bcie skierowanym do cz\u0142onk\u00f3w partii poinformowa\u0142 o swojej decyzji i wskaza\u0142, \u017ce zamierza poprze\u0107 tych kandydat\u00f3w, kt\u00f3rzy b\u0119d\u0105 d\u0105\u017cy\u0107 do \u201etransformacji ugrupowania\u201d. Wskaza\u0142, \u017ce szczeg\u00f3lnie trzyma kciuki za Paulin\u0119 Hennig-Klosk\u0119, Joann\u0119 Much\u0119 oraz Ryszarda Petru, wymieniaj\u0105c w\u0142a\u015bciwie wszystkich kandydat\u00f3w (Bartosz Romowicz ostatecznie wycofa\u0142 si\u0119 z wy\u015bcigu). Micha\u0142 Kobosko nie tylko nie wymieni\u0142 Katarzyny Pe\u0142czy\u0144skiej-Na\u0142\u0119cz jako osoby godnej jego g\u0142osu. Zaznaczy\u0142 wr\u0119cz, \u017ce od kiedy polityczka przej\u0119\u0142a po nim obowi\u0105zki I wiceprzewodnicz\u0105cej Polski 2050, to \u201ew\u0142adza w partii sta\u0142a si\u0119 praktycznie jednoosobowa\u201d. <\/p>\n<p class=\"typography__paragraph my-5 font-serif font-normal text-xl leading-8 text-gray-900 dark:text-gray-50 print:dark:text-black break-words\">W poniedzia\u0142ek Andrzej Stankiewicz opublikowa\u0142 w Onecie materia\u0142, w kt\u00f3rym zasugerowano, \u017ce Katarzyna Pe\u0142czy\u0144ska-Na\u0142\u0119cz, przygotowuj\u0105c si\u0119 do wewn\u0119trznych wybor\u00f3w zacz\u0119\u0142a rozdawa\u0107 dzia\u0142aczom Polski 2050 stanowiska w podleg\u0142ych sobie SIM-ach. Cz\u0119\u015b\u0107 polityk\u00f3w ugrupowania zacz\u0119\u0142a dementowa\u0107 twierdzenia zawarte w tek\u015bcie, wskazuj\u0105c, \u017ce przypadki tam opisane to na przyk\u0142ad dzia\u0142acze wskazywani do rad sp\u00f3\u0142ek przez samorz\u0105dy. A w dodatku wszyscy politycy maj\u0105cy piecz\u0119 nad instytucjami w ramach swoich ministerstw zatrudniaj\u0105 osoby zwi\u0105zane ze swoim macierzystym ugrupowaniem. I <a rel=\"noindex nofollow noopener\" target=\"_blank\" href=\"https:\/\/www.onet.pl\/informacje\/onetwiadomosci\/panstwowe-stanowiska-w-zamian-za-poparcie-wybory-lidera-polski-2050-coraz-bardziej\/gly6sk7,79cfc278\" class=\"typography__anchor underline text-gray-900 decoration-red-700 cursor-pointer hover:text-red-700 dark:text-gray-50 dark:decoration-red-400 dark:hover:text-red-400 print:dark:text-black break-words\">nie inaczej jest w przypadku Pauliny Hennig-Kloski<\/a> i podleg\u0142ych jej NFO\u015a i jego oddzia\u0142om. <\/p>\n<p class=\"typography__paragraph my-5 font-serif font-normal text-xl leading-8 text-gray-900 dark:text-gray-50 print:dark:text-black break-words\">Bartosz Romowicz, wyst\u0119puj\u0105c jeszcze jako kandydat na przewodnicz\u0105cego Polski 2050, <a rel=\"noindex nofollow noopener\" target=\"_blank\" href=\"https:\/\/www.youtube.com\/watch?v=ngVB1kEb2-4\" class=\"typography__anchor underline text-gray-900 decoration-red-700 cursor-pointer hover:text-red-700 dark:text-gray-50 dark:decoration-red-400 dark:hover:text-red-400 print:dark:text-black break-words\">zasugerowa\u0142 w rozmowie z Polskim Radiem 24<\/a>, \u017ce \u017ar\u00f3d\u0142em tekstu w Onecie jest \u201eten, kt\u00f3ry \u017cyczy \u017ale ca\u0142ej organizacji\u201d, \u017ce wyciek poszed\u0142 z wewn\u0105trz i pochodzi od \u201ekandydata w wyborach\u201d, kt\u00f3ry marzy o zostaniu wicepremierem. Z toku rozmowy jednoznacznie wynika, \u017ce mia\u0142 na my\u015bli Ryszarda Petru. <\/p>\n<p class=\"typography__paragraph my-5 font-serif font-normal text-xl leading-8 text-gray-900 dark:text-gray-50 print:dark:text-black break-words\">Ryszard Petru w orbit\u0119 Polski 2050 trafi\u0142 w czasie kampanii do Sejmu w 2023 roku, w kt\u00f3r\u0105 w\u0142\u0105czy\u0142 si\u0119 \u2013 z sukcesami \u2013 jako medialny adwersarz S\u0142awomira Mentzena. Trzeciej Drodze uda\u0142o si\u0119 wtedy skutecznie zagospodarowa\u0107 cz\u0119\u015b\u0107 elektoratu niech\u0119tnego partiom duopolu i o wolnorynkowych pogl\u0105dach. Du\u017ca cz\u0119\u015b\u0107 tych wyborc\u00f3w odp\u0142yn\u0119\u0142a p\u00f3\u017aniej do Konfederacji. <\/p>\n<p class=\"typography__paragraph my-5 font-serif font-normal text-xl leading-8 text-gray-900 dark:text-gray-50 print:dark:text-black break-words\">Og\u0142aszaj\u0105c jesieni\u0105 sw\u00f3j start w wyborach na przewodnicz\u0105cego, Petru odwo\u0142a\u0142 si\u0119 bezpo\u015brednio do tego faktu: <\/p>\n<p class=\"typography__paragraph my-5 font-serif font-normal text-xl leading-8 text-gray-900 dark:text-gray-50 print:dark:text-black break-words\">\u201ePodejmuj\u0119 to wyzwanie, wierz\u0105c, \u017ce jeste\u015bmy w stanie odzyska\u0107 wyborc\u00f3w, kt\u00f3rzy zaufali nam w 2023 roku \u2013 i wiem, jak to zrobi\u0107. Proponuj\u0119 powr\u00f3t do korzeni, czyli do tego, co sta\u0142o za sukcesem naszego ugrupowania i ca\u0142ej Trzeciej Drogi: do przedsi\u0119biorczo\u015bci, rozs\u0105dnej transformacji energetycznej, adresowanej polityki spo\u0142ecznej rozwi\u0105zuj\u0105cej problemy konkretnych ludzi\u201d \u2013 napisa\u0142 na Twitterze (X). <\/p>\n<p class=\"typography__paragraph my-5 font-serif font-normal text-xl leading-8 text-gray-900 dark:text-gray-50 print:dark:text-black break-words\">W tym samym wpisie za\u0142o\u017cyciel i by\u0142y lider partii Nowoczesna oraz wieloletni wsp\u00f3\u0142pracownik prof. Leszka Balcerowicza przypomnia\u0142, jak rozumie te has\u0142a. Pod \u201eprzedsi\u0119biorczo\u015bci\u0105\u201d kryje si\u0119 postulat \u201eobni\u017cki sk\u0142adki zdrowotnej do poziomu sprzed Polskiego \u0141adu\u201d. \u201eR\u00f3wnolegle zg\u0142aszam projekt ustawy gwarantuj\u0105cej, \u017ce sk\u0142adka zdrowotna w spos\u00f3b automatyczny nie wzro\u015bnie w przysz\u0142ym roku, jak m\u00f3wi obecnie ustawa. To minimum. Minimum, kt\u00f3rego Polacy od nas oczekuj\u0105\u201d \u2013 dodawa\u0142. <\/p>\n<p class=\"typography__paragraph my-5 font-serif font-normal text-xl leading-8 text-gray-900 dark:text-gray-50 print:dark:text-black break-words\">W rozmowach z mediami Petru wraca do hase\u0142 deregulacji i chwali prace zespo\u0142u Rafa\u0142a Brzoski, kt\u00f3re, jego zdaniem, spe\u0142z\u0142y na niczym, bo \u201etrafi\u0142y na du\u017cy op\u00f3r materii\u201d. <\/p>\n<p class=\"typography__paragraph my-5 font-serif font-normal text-xl leading-8 text-gray-900 dark:text-gray-50 print:dark:text-black break-words\">Ale deregulacja to w optyce Ryszarda Petru niejedyny klucz do sukcesu gospodarczego Polski. <\/p>\n<p class=\"typography__paragraph my-5 font-serif font-normal text-xl leading-8 text-gray-900 dark:text-gray-50 print:dark:text-black break-words\">\u201eZ zasady jestem przeciwko jakimkolwiek nowym podatkom i tak\u0105 propozycj\u0119 b\u0119d\u0119 sk\u0142ada\u0142 wyborcom. Takie has\u0142a mieli\u015bmy ju\u017c w 2023 roku, ja si\u0119 pod nimi podpisuj\u0119 (&#8230;) Jak kto\u015b nie ma pomys\u0142u, jak sfinansowa\u0107 wydatki, to wymy\u015bla nowy podatek. Zawsze co\u015b, co wydaje si\u0119, \u017ce dotknie kogo\u015b innego \u2013 drogich samochod\u00f3w, najbogatszych, bank\u00f3w. To jest my\u015blenie janosikowe\u201d \u2013 <a rel=\"noindex nofollow noopener\" target=\"_blank\" href=\"https:\/\/xyz.pl\/ryszard-petru-chce-wygrac-i-realnie-wplywac-na-polska-gospodarke\/\" class=\"typography__anchor underline text-gray-900 decoration-red-700 cursor-pointer hover:text-red-700 dark:text-gray-50 dark:decoration-red-400 dark:hover:text-red-400 print:dark:text-black break-words\">m\u00f3wi\u0142 w wywiadzie dla portalu xyz<\/a>, kt\u00f3rego inwestorem jest fundusz Rafa\u0142a Brzoski. <\/p>\n<p class=\"typography__paragraph my-5 font-serif font-normal text-xl leading-8 text-gray-900 dark:text-gray-50 print:dark:text-black break-words\">Ryszard Petru w swoim sprzeciwie jest konsekwentny i niejednokrotnie wyst\u0119puje przeciwko w\u0142asnemu \u015brodowisku politycznemu w imi\u0119 ochrony interes\u00f3w przedsi\u0119biorc\u00f3w. Oprotestowywa\u0142 projekt tzw. op\u0142aty reprograficznej (le\u017c\u0105cy w gestii ministry Polski 2050 Marty Cienkowskiej), gor\u0105co krytykowa\u0142 te\u017c reform\u0119 PIP (za kt\u00f3r\u0105 odpowiada\u0142o Ministerstwo Pracy nale\u017c\u0105ce do Nowej Lewicy, ale tak\u017ce Ministerstwo Funduszy rz\u0105dzone przez Katarzyn\u0119 Pe\u0142czy\u0144sk\u0105). <\/p>\n<p class=\"typography__paragraph my-5 font-serif font-normal text-xl leading-8 text-gray-900 dark:text-gray-50 print:dark:text-black break-words\">Sk\u0105d zatem bra\u0107 pieni\u0105dze na system ochrony zdrowia czy na zbrojenia? Ryszard Petru proponuje wielki przegl\u0105d wydatk\u00f3w pa\u0144stwa i oszcz\u0119dno\u015bci. <\/p>\n<p class=\"typography__paragraph my-5 font-serif font-normal text-xl leading-8 text-gray-900 dark:text-gray-50 print:dark:text-black break-words\">By\u0142y lider Nowoczesnej (nieistniej\u0105cej ju\u017c partii, nale\u017c\u0105cej obecnie do Koalicji Obywatelskiej) g\u0142o\u015bno krytykuje tak\u017ce Katarzyn\u0119 Pe\u0142czy\u0144sk\u0105-Na\u0142\u0119cz. \u201eNiekt\u00f3rzy moi kontrkandydaci maj\u0105 ewidentne trudno\u015bci w odnalezieniu si\u0119 w rzeczywisto\u015bci koalicyjnej i tworz\u0105 realne napi\u0119cia w rz\u0105dzie\u201d \u2013 stwierdzi\u0142 w jednym z wpis\u00f3w, odnosz\u0105c si\u0119 w\u0142a\u015bnie do szefowej resortu funduszy. <a rel=\"noindex nofollow noopener\" target=\"_blank\" href=\"https:\/\/www.youtube.com\/watch?v=-2GMOP7kG0U\" class=\"typography__anchor underline text-gray-900 decoration-red-700 cursor-pointer hover:text-red-700 dark:text-gray-50 dark:decoration-red-400 dark:hover:text-red-400 print:dark:text-black break-words\">W rozmowie z PolsatNews<\/a> stwierdzi\u0142, \u017ce jest \u201ezbyt konfrontacyjna\u201d i niepotrzebnie prowadzi z rz\u0105dem dialog przy pomocy medi\u00f3w, zamiast w zaciszu gabinetu. <\/p>\n<p class=\"typography__paragraph my-5 font-serif font-normal text-xl leading-8 text-gray-900 dark:text-gray-50 print:dark:text-black break-words\">Petru przekaza\u0142 poparcie Paulinie Hennig-Klosce. <\/p>\n<p class=\"typography__paragraph my-5 font-serif font-normal text-xl leading-8 text-gray-900 dark:text-gray-50 print:dark:text-black break-words\">Trzeci wynik nale\u017ca\u0142 jednak nie do Petru, lecz do Joanny Muchy. Zaledwie 12 g\u0142os\u00f3w dzieli\u0142o j\u0105 od pokonania Hennig-Kloski. Dawniej polityczka Platformy Obywatelskiej w Polsce 2050 widzia\u0142a odpowied\u017a na polaryzacj\u0119 polskiej sceny politycznej i toksyczny konflikt mi\u0119dzy PiS i PO. \u201eKiedy oni wzajemnie ok\u0142adaj\u0105 si\u0119 kijami, chc\u0119, \u017ceby\u015bmy byli parti\u0105, kt\u00f3ra patrzy w przysz\u0142o\u015b\u0107 i buduje wsp\u00f3lnot\u0119\u201d \u2013 m\u00f3wi\u0142a Mucha. <\/p>\n<p class=\"typography__paragraph my-5 font-serif font-normal text-xl leading-8 text-gray-900 dark:text-gray-50 print:dark:text-black break-words\">Podkre\u015bla swoje do\u015bwiadczenie, a zarazem deklarowa\u0142a \u201esto procent czasu naszej partii, \u017ceby j\u0105 odbudowa\u0107\u201d. Obiecywa\u0142a, \u017ce pod jej przyw\u00f3dztwem partia nie b\u0119dzie osi\u0105ga\u0107 \u201ehomeopatycznych\u201d wynik\u00f3w w sonda\u017cach (przypomnijmy: 2 proc.). <\/p>\n<p class=\"typography__paragraph my-5 font-serif font-normal text-xl leading-8 text-gray-900 dark:text-gray-50 print:dark:text-black break-words\">\u201eWi\u0119cej tego samego da dok\u0142adnie to samo: wi\u0119cej tego samego\u201d \u2013 ostrzega\u0142a Mucha w jednym z filmik\u00f3w wyborczych. Trudno nie odczytywa\u0107 tego jako wypowiedzi skierowanej przeciwko Pe\u0142czy\u0144skiej-Na\u0142\u0119cz. <\/p>\n<p class=\"typography__paragraph my-5 font-serif font-normal text-xl leading-8 text-gray-900 dark:text-gray-50 print:dark:text-black break-words\">Polska 2050 powinna wed\u0142ug niej skupi\u0107 si\u0119 na komunikacji \u2013 umiej\u0119tno\u015bci narzucania w\u0142asnej narracji, a nie odpowiadania na narracj\u0119 skrajnej prawicy. Przyznawa\u0142a, \u017ce ludzie nie wiedz\u0105, czym jest Polska 2050, bo jej politycy nie umieli opowiedzie\u0107, o co chodzi tej partii. <\/p>\n<p class=\"typography__paragraph my-5 font-serif font-normal text-xl leading-8 text-gray-900 dark:text-gray-50 print:dark:text-black break-words\">Obiecywa\u0142a g\u0142\u0119boki reset partii, odbudow\u0119 struktur. Jako jedyna w wewn\u0119trznej kampanii wiele uwagi po\u015bwi\u0119ca\u0142a wewn\u0119trznej strukturze partii. To, \u017ce Polska 2050 nie dzia\u0142a jako sprawna formacja polityczna wida\u0107 go\u0142ym okiem. Mucha obiecywa\u0142a na przyk\u0142ad upodmiotowienie szef\u00f3w region\u00f3w. <\/p>\n<p class=\"typography__paragraph my-5 font-serif font-normal text-xl leading-8 text-gray-900 dark:text-gray-50 print:dark:text-black break-words\">W jej opowie\u015bci Polska 2050 jest \u201eparti\u0105 odwa\u017cnej zmiany\u201d, kt\u00f3ra reprezentuje klas\u0119 \u015bredni\u0105 30, 40, 50-latk\u00f3w, wychowuj\u0105c\u0105 dzieci, p\u0142ac\u0105c\u0105 kredyty hipoteczne. <\/p>\n<p class=\"typography__paragraph my-5 font-serif font-normal text-xl leading-8 text-gray-900 dark:text-gray-50 print:dark:text-black break-words\">By\u0142a polityczka Nowoczesnej, a obecnie ministra klimatu nale\u017cy do liberalnego skrzyd\u0142a Polski 2050. Sama o sobie m\u00f3wi: \u201eJestem libera\u0142k\u0105\u201d. Obiecuje liberalizm z ludzk\u0105 twarz\u0105. \u201ePolska 2050 nie jest i nie b\u0119dzie o skrajno\u015bciach\u201d \u2013 deklaruje. <\/p>\n<p class=\"typography__paragraph my-5 font-serif font-normal text-xl leading-8 text-gray-900 dark:text-gray-50 print:dark:text-black break-words\">\u201eTo nie jest skrajne podej\u015bcie do gospodarki. Po\u0142\u0105czenie wra\u017cliwo\u015bci spo\u0142ecznej z rozs\u0105dkiem gospodarczym, szacunku ogromnego dla pracy, do\u0142o\u017cenie nogi zielonej, a nie schowanie g\u0142owy w piasek, m\u00f3wienie, \u017ce mamy kryzys klimatyczny, Europa jest najszybciej ocieplaj\u0105cym si\u0119 kontynentem\u201d \u2013 <a rel=\"noindex nofollow noopener\" target=\"_blank\" href=\"https:\/\/jedynka.polskieradio.pl\/artykul\/3631493,Walka-o-w%C5%82adz%C4%99-w-Polsce-2050-Hennig-Kloska-Ho%C5%82ownia-nie-powiedzia%C5%82-ostatniego-s%C5%82owa\" class=\"typography__anchor underline text-gray-900 decoration-red-700 cursor-pointer hover:text-red-700 dark:text-gray-50 dark:decoration-red-400 dark:hover:text-red-400 print:dark:text-black break-words\">opisywa\u0142a w rozmowie z Jedynk\u0105 Polskiego Radia<\/a>. <\/p>\n<p class=\"typography__paragraph my-5 font-serif font-normal text-xl leading-8 text-gray-900 dark:text-gray-50 print:dark:text-black break-words\">Jak wszyscy inni kandydaci, obiecuje powr\u00f3t do korzeni i warto\u015bci, kt\u00f3re leg\u0142y u powstania Polski 2050. <\/p>\n<p class=\"typography__paragraph my-5 font-serif font-normal text-xl leading-8 text-gray-900 dark:text-gray-50 print:dark:text-black break-words\">Podkre\u015bla, \u017ce Polska 2050 to partia ludzi aktywnych, wspieraj\u0105cych senior\u00f3w, osoby z niepe\u0142nosprawno\u015bciami. Obiecuje uporz\u0105dkowanie systemu podatkowego, w tym waloryzacj\u0119 drugiego progu podatkowego. <\/p>\n<p class=\"typography__paragraph my-5 font-serif font-normal text-xl leading-8 text-gray-900 dark:text-gray-50 print:dark:text-black break-words\">W por\u00f3wnaniu z Pe\u0142czy\u0144sk\u0105-Na\u0142\u0119cz prezentuje raczej lini\u0119 wsp\u00f3\u0142pracy z Donaldem Tuskiem. W szeregach partii wr\u0119cz s\u0142yszymy, \u017ce jej zwyci\u0119stwo b\u0119dzie oznacza\u0107 \u201ezapisanie\u201d Polski 2050 do Koalicji Obywatelskiej, czyli likwidacj\u0119 jej jako samodzielnego bytu. <\/p>\n<p class=\"typography__paragraph my-5 font-serif font-normal text-xl leading-8 text-gray-900 dark:text-gray-50 print:dark:text-black break-words\">Katarzyna Pe\u0142czy\u0144ska-Na\u0142\u0119cz. Teoretycznie to faworytka wy\u015bcigu \u2013 w Polsce 2050 od momentu powstania tego ugrupowania, wyznaczona na liderk\u0119 jeszcze przez samego Szymona Ho\u0142owni\u0119, kt\u00f3ry wspiera\u0142 j\u0105 w d\u0105\u017ceniach do zdobycia stanowiska wicepremiera rz\u0105du. O tym, \u017ce to w\u0142a\u015bnie Katarzyna Pe\u0142czy\u0144ska jest rozgrywaj\u0105c\u0105 w partii Szymona Ho\u0142owni, \u201eszar\u0105 eminencj\u0105\u201d, m\u00f3wiono jeszcze zanim by\u0142y dziennikarz og\u0142osi\u0142, \u017ce zamierza wycofa\u0107 si\u0119 z polityki. <\/p>\n<p class=\"typography__paragraph my-5 font-serif font-normal text-xl leading-8 text-gray-900 dark:text-gray-50 print:dark:text-black break-words\">Ministerstwo Funduszy, silnie stawia na rozw\u00f3j, spiritus movens <a rel=\"noindex nofollow noopener\" target=\"_blank\" href=\"https:\/\/www.gov.pl\/web\/fundusze-regiony\/strategia-rozwoju-polski-do-2035-r-\" class=\"typography__anchor underline text-gray-900 decoration-red-700 cursor-pointer hover:text-red-700 dark:text-gray-50 dark:decoration-red-400 dark:hover:text-red-400 print:dark:text-black break-words\">Strategii rozwoju do 2035<\/a>, kt\u00f3ra z jednej strony m\u00f3wi o tym, jak ma wzrosn\u0105\u0107 konkurencyjno\u015b\u0107 polskiego biznesu, z drugiej \u2013 jak odbudowywa\u0107 potencja\u0142 demograficzny, inwestowa\u0107 w us\u0142ugi publiczne, rozwija\u0107 miasta powiatowe, wzmacnia\u0107 odporno\u015b\u0107 spo\u0142eczn\u0105. <\/p>\n<p class=\"typography__paragraph my-5 font-serif font-normal text-xl leading-8 text-gray-900 dark:text-gray-50 print:dark:text-black break-words\">Jedna z najwyra\u017aniej socjaldemokratycznie zorientowanych polityczek. Jej narracje wok\u00f3\u0142 polityki mieszkaniowej trudno odr\u00f3\u017cni\u0107 od stanowiska Lewicy. Zreszt\u0105, w\u0142a\u015bnie ten sektor jest ko\u015bci\u0105 niezgody oraz czym\u015b w rodzaju sporu kompetencyjnego mi\u0119dzy resortem Katarzyny Pe\u0142czy\u0144skiej, pod kt\u00f3r\u0105 podlegaj\u0105 Krajowy Zasob\u00f3w Nieruchomo\u015bci oraz SIM-y, a Now\u0105 Lewic\u0105, z kt\u00f3rej wiceministrem ds. budownictwa i mieszka\u0144 socjalnych jest wiceminister rozwoju Tomasz Lewandowski. <\/p>\n<p class=\"typography__paragraph my-5 font-serif font-normal text-xl leading-8 text-gray-900 dark:text-gray-50 print:dark:text-black break-words\">Jawno\u015b\u0107 cen ofert mieszka\u0144, rozwijanie budownictwa czynszowego, blokowanie dop\u0142at do kredyt\u00f3w, blokowanie REIT-\u00f3w \u2013 to tylko niekt\u00f3re z postulat\u00f3w wcielanych w \u017cycie i podzielanych zar\u00f3wno przez resort KPN, jak i Now\u0105 Lewic\u0119. Polityczka Polski 2050 niejednokrotnie u\u017cywa te\u017c j\u0119zyka i antagonizuj\u0105cych figur (obywatele kontra chciwi deweloperzy), kt\u00f3re zdecydowanie bardziej kojarz\u0105 si\u0119 z wra\u017cliwo\u015bci\u0105 lewicow\u0105, a nie centrow\u0105, jak\u0105 zwyczajowo przypisuje si\u0119 ugrupowaniu Szymona Ho\u0142owni. <\/p>\n<p class=\"typography__paragraph my-5 font-serif font-normal text-xl leading-8 text-gray-900 dark:text-gray-50 print:dark:text-black break-words\">Tym, co jednak mo\u017ce najbardziej zawa\u017cy\u0107 na losie partii, je\u015bli zdecydowa\u0142aby si\u0119 wybra\u0107 na przewodnicz\u0105c\u0105 w\u0142a\u015bnie Katarzyn\u0119 Pe\u0142czy\u0144sk\u0105, to jej gotowo\u015b\u0107 do ostrych zwar\u0107 z premierem Donaldem Tuskiem. Te dyskusje wielokrotnie toczy\u0142a publicznie \u2013 i dotyczy\u0142y one zar\u00f3wno kwestii programowych i merytorycznych (publiczne spi\u0119cia w sprawie dop\u0142at do kredyt\u00f3w w 2024 roku), jak i personalnych (publiczne dyskusje w sprawie sto\u0142ka wicepremiera). <\/p>\n<p class=\"typography__paragraph my-5 font-serif font-normal text-xl leading-8 text-gray-900 dark:text-gray-50 print:dark:text-black break-words\">Powszechna jest opinia, \u017ce Katarzyna Pe\u0142czy\u0144ska-Na\u0142\u0119cz jest zwolenniczk\u0105 ostrzejszej gry wewn\u0105trz koalicji, dzi\u0119ki kt\u00f3rej Polska 2050 mia\u0142aby szans\u0119 realizowa\u0107 swoje postulaty oraz zachowa\u0107 polityczn\u0105 podmiotowo\u015b\u0107 wobec hegemonicznej KO. W mediach kr\u0105\u017cy\u0142y nawet pog\u0142oski, \u017ce Pe\u0142czy\u0144ska-Na\u0142\u0119cz by\u0142aby gotowa wyprowadzi\u0107 Polsk\u0119 2050 z rz\u0105dowej koalicji i warunkowo popiera\u0107 konkretne reformy i rozwi\u0105zania. Plotki te s\u0105 jednak najprawdopodobniej rozsiewane przez jej przeciwnik\u00f3w. Polityczka w ko\u0144cu od miesi\u0119cy skupia si\u0119 na walce o stanowisko wicepremiera.<\/p>\n<p class=\"typography__paragraph my-5 font-serif font-normal text-xl leading-8 text-gray-900 dark:text-gray-50 print:dark:text-black break-words\">Politycy Polski 2050 m\u00f3wi\u0105, \u017ce ju\u017c w listopadzie 2023 liderzy ustalili, \u017ce po utracie fotela marsza\u0142ka Polska 2050 zyska stanowisko wicepremiera i wicemarsza\u0142ka Sejmu. Takiego zapisu w umowie koalicyjnej jednak nie ma. Szymon Ho\u0142ownia nie wykaza\u0142 si\u0119 polityczn\u0105 trze\u017awo\u015bci\u0105 i nie dopilnowa\u0142, \u017ceby wpisa\u0107 to do umowy koalicyjnej. <\/p>\n<p class=\"typography__paragraph my-5 font-serif font-normal text-xl leading-8 text-gray-900 dark:text-gray-50 print:dark:text-black break-words\">Tak, <a rel=\"index follow nofollow noopener\" target=\"_blank\" href=\"https:\/\/oko.press\/po-oddaniu-marszalka-polska-2050-zostala-z-niczym-stanowisko-dla-pelczynskiej-nalecz-niepewne\" class=\"typography__anchor underline text-gray-900 decoration-red-700 cursor-pointer hover:text-red-700 dark:text-gray-50 dark:decoration-red-400 dark:hover:text-red-400 print:dark:text-black break-words\">jak pisali\u015bmy w OKO.press<\/a>, Donald Tusk czeka\u0142 z decyzj\u0105 do czasu, a\u017c sytuacja wewn\u0119trzna Polski 2050 si\u0119 wyklaruje. I je\u015bli Pe\u0142czy\u0144ska-Na\u0142\u0119cz nie wygra we w\u0142asnej partii, to nie awansuje jej na wicepremiera.<\/p>\n<p>;<a href=\"https:\/\/oko.press\/autor\/dominika_sitnicka\" class=\"w-20 h-20 relative xl:mt-0.5 shrink-0 rounded-full border-gray-300 dark:border-gray-600 grayscale\" rel=\"nofollow noopener\" target=\"_blank\"><img alt=\"Na zdj\u0119ciu Dominika Sitnicka\" src=\"data:image\/gif;base64,R0lGODlhAQABAIAAAAAAAP\/\/\/yH5BAEAAAAALAAAAAABAAEAAAIBRAA7\" decoding=\"async\" data-nimg=\"fill\" class=\"image\" style=\"position:absolute;top:0;left:0;bottom:0;right:0;box-sizing:border-box;padding:0;border:none;margin:auto;display:block;width:0;height:0;min-width:100%;max-width:100%;min-height:100%;max-height:100%;object-fit:cover\"\/><\/a><a href=\"https:\/\/oko.press\/autor\/dominika_sitnicka\" class=\"text-base font-medium print:dark:text-black\" rel=\"nofollow noopener\" target=\"_blank\">Dominika Sitnicka <\/a><\/p>\n<p class=\"hidden xl:block mt-2 text-xs print:dark:text-black\">Absolwentka Prawa i Filozofii Uniwersytetu Warszawskiego. Publikowa\u0142a m.in. w Dwutygodniku, Res Publice Nowej i Magazynie Kulturalnym. Pisze o praworz\u0105dno\u015bci, polityce i mediach.<\/p>\n<p class=\"block xl:hidden mt-2 text-xs print:dark:text-black\">Absolwentka Prawa i Filozofii Uniwersytetu Warszawskiego. Publikowa\u0142a m.in. w Dwutygodniku, Res Publice Nowej i Magazynie Kulturalnym. Pisze o praworz\u0105dno\u015bci, polityce i mediach.<\/p>\n<p><a href=\"https:\/\/oko.press\/autor\/agata_szczesniak\" class=\"w-20 h-20 relative xl:mt-0.5 shrink-0 rounded-full border-gray-300 dark:border-gray-600 grayscale\" rel=\"nofollow noopener\" target=\"_blank\"><img alt=\"Na zdj\u0119ciu Agata Szcz\u0119\u015bniak\" src=\"data:image\/gif;base64,R0lGODlhAQABAIAAAAAAAP\/\/\/yH5BAEAAAAALAAAAAABAAEAAAIBRAA7\" decoding=\"async\" data-nimg=\"fill\" class=\"image\" style=\"position:absolute;top:0;left:0;bottom:0;right:0;box-sizing:border-box;padding:0;border:none;margin:auto;display:block;width:0;height:0;min-width:100%;max-width:100%;min-height:100%;max-height:100%;object-fit:cover\"\/><\/a><a href=\"https:\/\/oko.press\/autor\/agata_szczesniak\" class=\"text-base font-medium print:dark:text-black\" rel=\"nofollow noopener\" target=\"_blank\">Agata Szcz\u0119\u015bniak <\/a><\/p>\n<p class=\"hidden xl:block mt-2 text-xs print:dark:text-black\">Dziennikarka polityczna OKO.press. Wsp\u00f3\u0142za\u0142o\u017cycielka i wieloletnia wicenaczelna Krytyki Politycznej. Pracowa\u0142a w \u201eGazecie Wyborczej\u201d. Socjolo\u017cka, studiowa\u0142a te\u017c filozofi\u0119 i stosunki mi\u0119dzynarodowe. W radiu TOK FM prowadzi audycj\u0119 \u201eJest temat!\u201c, a w OKO.press podcast \u201eProgram Polityczny\u201d.<\/p>\n<p class=\"block xl:hidden mt-2 text-xs print:dark:text-black\">Dziennikarka polityczna OKO.press. Wsp\u00f3\u0142za\u0142o\u017cycielka i wieloletnia wicenaczelna Krytyki Politycznej. Pracowa\u0142a w \u201eGazecie Wyborczej\u201d. Socjolo\u017cka, studiowa\u0142a te\u017c filozofi\u0119 i stosunki mi\u0119dzynarodowe. W radiu TOK FM prowadzi audycj\u0119 \u201eJest temat!\u201c, a w OKO.press podcast \u201eProgram Polityczny\u201d.<\/p>\n<p>Copyright \u00a9 2016 &#8211; 2026. Made with love by OKO.press team. All Rights Reserved.<\/p>\n","protected":false},"excerpt":{"rendered":"Prawa autorskie: 02.04.2024 Warszawa , Aleje Ujazdowskie , Kancelaria Prezesa Rady Ministrow , ministra klimatu i srodowiska Paulina&hellip;\n","protected":false},"author":2,"featured_media":201102,"comment_status":"","ping_status":"","sticky":false,"template":"","format":"standard","meta":{"footnotes":""},"categories":[5],"tags":[32,33,36,37,27,34,35,28,31,25,42,38,40,39,41,29,30,26],"class_list":{"0":"post-201101","1":"post","2":"type-post","3":"status-publish","4":"format-standard","5":"has-post-thumbnail","7":"category-naglowki","8":"tag-breaking-news","9":"tag-breakingnews","10":"tag-featured-news","11":"tag-featurednews","12":"tag-headlines","13":"tag-latest-news","14":"tag-latestnews","15":"tag-naglowki","16":"tag-najwazniejsze-artykuly","17":"tag-news","18":"tag-pl","19":"tag-poland","20":"tag-polish","21":"tag-polska","22":"tag-polski","23":"tag-top-stories","24":"tag-topstories","25":"tag-wiadomosci"},"share_on_mastodon":{"url":"https:\/\/pubeurope.com\/@pl\/115882395180321048","error":""},"_links":{"self":[{"href":"https:\/\/www.europesays.com\/pl\/wp-json\/wp\/v2\/posts\/201101","targetHints":{"allow":["GET"]}}],"collection":[{"href":"https:\/\/www.europesays.com\/pl\/wp-json\/wp\/v2\/posts"}],"about":[{"href":"https:\/\/www.europesays.com\/pl\/wp-json\/wp\/v2\/types\/post"}],"author":[{"embeddable":true,"href":"https:\/\/www.europesays.com\/pl\/wp-json\/wp\/v2\/users\/2"}],"replies":[{"embeddable":true,"href":"https:\/\/www.europesays.com\/pl\/wp-json\/wp\/v2\/comments?post=201101"}],"version-history":[{"count":0,"href":"https:\/\/www.europesays.com\/pl\/wp-json\/wp\/v2\/posts\/201101\/revisions"}],"wp:featuredmedia":[{"embeddable":true,"href":"https:\/\/www.europesays.com\/pl\/wp-json\/wp\/v2\/media\/201102"}],"wp:attachment":[{"href":"https:\/\/www.europesays.com\/pl\/wp-json\/wp\/v2\/media?parent=201101"}],"wp:term":[{"taxonomy":"category","embeddable":true,"href":"https:\/\/www.europesays.com\/pl\/wp-json\/wp\/v2\/categories?post=201101"},{"taxonomy":"post_tag","embeddable":true,"href":"https:\/\/www.europesays.com\/pl\/wp-json\/wp\/v2\/tags?post=201101"}],"curies":[{"name":"wp","href":"https:\/\/api.w.org\/{rel}","templated":true}]}}