{"id":201195,"date":"2026-01-12T14:33:12","date_gmt":"2026-01-12T14:33:12","guid":{"rendered":"https:\/\/www.europesays.com\/pl\/201195\/"},"modified":"2026-01-12T14:33:12","modified_gmt":"2026-01-12T14:33:12","slug":"selena-gomez-blyszczala-na-zlotych-globach-2026-alez-kreacja","status":"publish","type":"post","link":"https:\/\/www.europesays.com\/pl\/201195\/","title":{"rendered":"Selena Gomez B\u0141YSZCZA\u0141A na Z\u0142otych Globach 2026. Ale\u017c kreacja"},"content":{"rendered":"<p><a href=\"https:\/\/telewizja.jastrzabpost.pl\/jean-smart-nie-przebierala-w-slowach-na-zlotych-globach-ze-sceny-padly-wulgaryzmy,7242550243240448a\" rel=\"noopener noreferrer nofollow\" target=\"_blank\">Z\u0142ote Globy 2026<\/a> rozdane. W\u00a0niedzielny wiecz\u00f3r w\u00a0Beverly Hills nagrodzono najlepsze filmy i\u00a0seriale minionego roku. Przyznano blisko 30 nagr\u00f3d, a\u00a0t\u0119 g\u0142\u00f3wne zdoby\u0142y filmy &#8222;Hamnet&#8221; (w kategorii najlepszy film dramatyczny) oraz &#8222;Jedna bitwa po drugiej&#8221; (w kategorii najlepsza komedia\/musical). Na gali pojawi\u0142y si\u0119 oczywi\u015bcie najwi\u0119ksze gwiazdy Hollywood. W\u015br\u00f3d nich b\u0142yszcza\u0142a m.in. Selena Gomez, kt\u00f3ra kolejny raz zosta\u0142a nominowana za rol\u0119 w\u00a0serialu &#8222;Zbrodnie po s\u0105siedzku&#8221;.<\/p>\n<p>Ma\u0142gorzata Rozenek zapytana o\u00a0Dod\u0119. &#8222;Wol\u0119 te\u00a0pytania, ni\u017c pytania o\u00a0wygl\u0105d&#8221; <\/p>\n<p>Podczas rozdania Z\u0142otych Glob\u00f3w 2026 Selena Gomez ol\u015bni\u0142a w\u00a0stylizacji nawi\u0105zuj\u0105cej do z\u0142otej ery Hollywood, wybieraj\u0105c projekt custom made od Chanel. Czarna, aksamitna suknia o\u00a0kroju kolumny zosta\u0142a prze\u0142amana spektakularnym dekoltem off-shoulder, ozdobionym kompozycj\u0105 bia\u0142ych pi\u00f3r, jedwabnego szyfonu i\u00a0organzy, imituj\u0105c\u0105 kwiaty, kt\u00f3rej wykonanie zaj\u0119\u0142o atelier a\u017c 323 godziny r\u0119cznej pracy. <\/p>\n<p>Ca\u0142o\u015b\u0107 dope\u0142ni\u0142a diamentowa bi\u017cuteria Chanel High Jewelry oraz od\u015bwie\u017cona fryzura aktorki \u2013\u00a0kr\u00f3tki, falowany bob, kt\u00f3ry w\u00a0po\u0142\u0105czeniu z\u00a0ciemn\u0105 pomadk\u0105 nada\u0142 jej wizerunkowi wyrafinowanej, ponadczasowej elegancji. Na czerwonym dywanie <a href=\"https:\/\/jastrzabpost.pl\/selena-gomez-wziela-slub-gwiazda-pokazala-zdjecia-z-ceremonii,7205059768179488a\" rel=\"noopener noreferrer nofollow\" target=\"_blank\">towarzyszy\u0142 <\/a><a href=\"https:\/\/jastrzabpost.pl\/selena-gomez-wziela-slub-gwiazda-pokazala-zdjecia-z-ceremonii,7205059768179488a\" rel=\"noopener noreferrer nofollow\" target=\"_blank\">jej m\u0105\u017c, producent muzyczny Benny Blanco<\/a>, kt\u00f3ry b\u0142yszcza\u0142 diamentami w\u00a0czarnym garniturze.<\/p>\n<p>Nie jest tajemnic\u0105, \u017ce Selena Gomez cz\u0119sto wybiera Chanel na r\u00f3\u017cnorodne okazje. Wiemy, \u017ce nosi\u0142a ju\u017c tweedow\u0105 sp\u00f3dnic\u0119 tej marki podczas Academy Women\u2019s Luncheon w\u00a02024 r. oraz granatowy komplet na festiwalu filmowym w\u00a0Cannes w\u00a02019 r. Tym razem wybra\u0142a eleganck\u0105 kreacj\u0119, kt\u00f3ra przyci\u0105gn\u0119\u0142a uwag\u0119 wszystkich. Gwiazda co prawda nie otrzyma\u0142a nagrody za swoj\u0105 rol\u0119 w\u00a0serialu &#8222;Zbrodnie po s\u0105siedzku&#8221;, ale by\u0142a jedn\u0105 z\u00a0najlepiej ubranych na rozdaniu Z\u0142otych Glob\u00f3w 2026.<\/p>\n","protected":false},"excerpt":{"rendered":"Z\u0142ote Globy 2026 rozdane. W\u00a0niedzielny wiecz\u00f3r w\u00a0Beverly Hills nagrodzono najlepsze filmy i\u00a0seriale minionego roku. Przyznano blisko 30 nagr\u00f3d,&hellip;\n","protected":false},"author":2,"featured_media":201196,"comment_status":"","ping_status":"","sticky":false,"template":"","format":"standard","meta":{"footnotes":""},"categories":[22],"tags":[122,42,38,40,39,41,123],"class_list":{"0":"post-201195","1":"post","2":"type-post","3":"status-publish","4":"format-standard","5":"has-post-thumbnail","7":"category-rozrywka","8":"tag-entertainment","9":"tag-pl","10":"tag-poland","11":"tag-polish","12":"tag-polska","13":"tag-polski","14":"tag-rozrywka"},"share_on_mastodon":{"url":"https:\/\/pubeurope.com\/@pl\/115882623161131313","error":""},"_links":{"self":[{"href":"https:\/\/www.europesays.com\/pl\/wp-json\/wp\/v2\/posts\/201195","targetHints":{"allow":["GET"]}}],"collection":[{"href":"https:\/\/www.europesays.com\/pl\/wp-json\/wp\/v2\/posts"}],"about":[{"href":"https:\/\/www.europesays.com\/pl\/wp-json\/wp\/v2\/types\/post"}],"author":[{"embeddable":true,"href":"https:\/\/www.europesays.com\/pl\/wp-json\/wp\/v2\/users\/2"}],"replies":[{"embeddable":true,"href":"https:\/\/www.europesays.com\/pl\/wp-json\/wp\/v2\/comments?post=201195"}],"version-history":[{"count":0,"href":"https:\/\/www.europesays.com\/pl\/wp-json\/wp\/v2\/posts\/201195\/revisions"}],"wp:featuredmedia":[{"embeddable":true,"href":"https:\/\/www.europesays.com\/pl\/wp-json\/wp\/v2\/media\/201196"}],"wp:attachment":[{"href":"https:\/\/www.europesays.com\/pl\/wp-json\/wp\/v2\/media?parent=201195"}],"wp:term":[{"taxonomy":"category","embeddable":true,"href":"https:\/\/www.europesays.com\/pl\/wp-json\/wp\/v2\/categories?post=201195"},{"taxonomy":"post_tag","embeddable":true,"href":"https:\/\/www.europesays.com\/pl\/wp-json\/wp\/v2\/tags?post=201195"}],"curies":[{"name":"wp","href":"https:\/\/api.w.org\/{rel}","templated":true}]}}