{"id":201321,"date":"2026-01-12T16:17:09","date_gmt":"2026-01-12T16:17:09","guid":{"rendered":"https:\/\/www.europesays.com\/pl\/201321\/"},"modified":"2026-01-12T16:17:09","modified_gmt":"2026-01-12T16:17:09","slug":"yamal-przylapal-szczesnego-tego-nie-mozna-nagrywac","status":"publish","type":"post","link":"https:\/\/www.europesays.com\/pl\/201321\/","title":{"rendered":"Yamal przy\u0142apa\u0142 Szcz\u0119snego. &#8222;Tego nie mo\u017cna nagrywa\u0107&#8221;"},"content":{"rendered":"<p>Lamine Yamal przy\u0142apa\u0142 Wojciecha Szcz\u0119snego z &#8222;dymkiem&#8221;. Gdy si\u0119 zorientowa\u0142, by\u0142o ju\u017c za p\u00f3\u017ano.<\/p>\n<p>W niedziel\u0119 FC Barcelona pokona\u0142a Real Madryt w finale Superpucharu Hiszpanii. Rywalizacja zako\u0144czy\u0142a si\u0119 wynikiem 3:2.<\/p>\n<p>Dalsza cz\u0119\u015b\u0107 tekstu pod wideo<\/p>\n<p>W kadrze wygranej dru\u017cyny znalaz\u0142 si\u0119 Lamine Yamal. 18-latek rozegra\u0142 niemal pe\u0142ny wymiar minut i zebra\u0142 dobre noty za sw\u00f3j wyst\u0119p.<\/p>\n<p>Tu\u017c po ostatnim gwizdku pi\u0142karze &#8222;Dumy Katalonii&#8221; oddali si\u0119 celebracji. W\u015br\u00f3d \u015bwi\u0119tuj\u0105cych by\u0142 rzecz jasna m\u0142ody Hiszpan.<\/p>\n<p>Jeszcze w szatni Yamal poprowadzi\u0142 transmisj\u0119 na Instagramie. W jej trakcie przy\u0142apa\u0142 Wojciech Szcz\u0119snego z &#8222;dymkiem&#8221;.<\/p>\n<p>Po uchwyceniu Polaka skrzyd\u0142owy momentalnie skierowa\u0142 kamer\u0119 na inny obiekt. Doda\u0142 tak\u017ce, \u017ce &#8222;tego nie mo\u017cna nagrywa\u0107&#8221;.<\/p>\n","protected":false},"excerpt":{"rendered":"Lamine Yamal przy\u0142apa\u0142 Wojciecha Szcz\u0119snego z &#8222;dymkiem&#8221;. Gdy si\u0119 zorientowa\u0142, by\u0142o ju\u017c za p\u00f3\u017ano. W niedziel\u0119 FC Barcelona&hellip;\n","protected":false},"author":2,"featured_media":201322,"comment_status":"","ping_status":"","sticky":false,"template":"","format":"standard","meta":{"footnotes":""},"categories":[24],"tags":[42,38,40,39,41,127,126],"class_list":{"0":"post-201321","1":"post","2":"type-post","3":"status-publish","4":"format-standard","5":"has-post-thumbnail","7":"category-sport","8":"tag-pl","9":"tag-poland","10":"tag-polish","11":"tag-polska","12":"tag-polski","13":"tag-sport","14":"tag-sports"},"share_on_mastodon":{"url":"https:\/\/pubeurope.com\/@pl\/115883032180874535","error":""},"_links":{"self":[{"href":"https:\/\/www.europesays.com\/pl\/wp-json\/wp\/v2\/posts\/201321","targetHints":{"allow":["GET"]}}],"collection":[{"href":"https:\/\/www.europesays.com\/pl\/wp-json\/wp\/v2\/posts"}],"about":[{"href":"https:\/\/www.europesays.com\/pl\/wp-json\/wp\/v2\/types\/post"}],"author":[{"embeddable":true,"href":"https:\/\/www.europesays.com\/pl\/wp-json\/wp\/v2\/users\/2"}],"replies":[{"embeddable":true,"href":"https:\/\/www.europesays.com\/pl\/wp-json\/wp\/v2\/comments?post=201321"}],"version-history":[{"count":0,"href":"https:\/\/www.europesays.com\/pl\/wp-json\/wp\/v2\/posts\/201321\/revisions"}],"wp:featuredmedia":[{"embeddable":true,"href":"https:\/\/www.europesays.com\/pl\/wp-json\/wp\/v2\/media\/201322"}],"wp:attachment":[{"href":"https:\/\/www.europesays.com\/pl\/wp-json\/wp\/v2\/media?parent=201321"}],"wp:term":[{"taxonomy":"category","embeddable":true,"href":"https:\/\/www.europesays.com\/pl\/wp-json\/wp\/v2\/categories?post=201321"},{"taxonomy":"post_tag","embeddable":true,"href":"https:\/\/www.europesays.com\/pl\/wp-json\/wp\/v2\/tags?post=201321"}],"curies":[{"name":"wp","href":"https:\/\/api.w.org\/{rel}","templated":true}]}}