{"id":201367,"date":"2026-01-12T17:02:13","date_gmt":"2026-01-12T17:02:13","guid":{"rendered":"https:\/\/www.europesays.com\/pl\/201367\/"},"modified":"2026-01-12T17:02:13","modified_gmt":"2026-01-12T17:02:13","slug":"afera-ncbir-prokuratura-skierowala-akt-oskarzenia-2","status":"publish","type":"post","link":"https:\/\/www.europesays.com\/pl\/201367\/","title":{"rendered":"Afera NCBiR. Prokuratura skierowa\u0142a akt oskar\u017cenia"},"content":{"rendered":"<ul class=\"UnorderedList_container__nmfSl\">\n<li class=\"UnorderedList_listElement__Py7xi\" data-id=\"ai-summary-link\">Du\u017co czytania, a ma\u0142o czasu? Sprawd\u017a\u00a0skr\u00f3t\u00a0artyku\u0142u<\/li>\n<\/ul>\n<p class=\"Paragraph_desktopParagraph__U31Gm\">Wed\u0142ug informacji prokuratury, aktem oskar\u017cenia obj\u0119te zosta\u0142y 33 osoby, w tym przedsi\u0119biorcy oraz osoby pe\u0142ni\u0105ce rol\u0119 tzw. s\u0142up\u00f3w. Osobom tym \u015bledczy zarzucaj\u0105 udzia\u0142 w zorganizowanej grupie przest\u0119pczej, oszustwa na szkod\u0119 NCBiR, wystawianie fa\u0142szywych faktur VAT oraz tzw. pranie brudnych pieni\u0119dzy.<\/p>\n<p class=\"Paragraph_desktopParagraph__U31Gm\">Proceder ten mia\u0142 trwa\u0107 od czerwca 2022 r. do stycznia 2024 r. Celem oskar\u017conych by\u0142o wy\u0142udzenie pieni\u0119dzy pochodz\u0105cych z <a href=\"https:\/\/www.onet.pl\/informacje\/onetwiadomosci\/polska-straci-miliardy-z-unii-europejskiej-zostalo-niewiele-czasu\/zh4lltv,79cfc278\" id=\"14a72494-cf0b-4366-9c5b-5c7ba538d496\" rel=\"nofollow noopener\" target=\"_blank\">Europejskiego Funduszu Rozwoju Regionalnego<\/a>. Wed\u0142ug ustale\u0144 prokuratury, osoby te wy\u0142udzi\u0142y niemal 5 mln z\u0142. To jednak nie koniec, gdy\u017c pr\u00f3bowa\u0142y one pozyska\u0107 niemal 43 mln z\u0142otych.<\/p>\n<p class=\"VideoPlayerText_videoPlayerText__iDwyz\">Dalszy ci\u0105g materia\u0142u pod wideo<\/p>\n<ul class=\"OchatFollowUps_wrapper__1ry7X\">\n<li class=\"OchatFollowUps_item__Dhyly OchatFollowUps_itemDesktop__R6aBv\">Ilu oskar\u017conych jest w sprawie NCBiR?<\/li>\n<li class=\"OchatFollowUps_item__Dhyly OchatFollowUps_itemDesktop__R6aBv\">Jakie zarzuty ci\u0105\u017c\u0105 na oskar\u017conych?<\/li>\n<li class=\"OchatFollowUps_item__Dhyly OchatFollowUps_itemDesktop__R6aBv\">Ile pieni\u0119dzy zosta\u0142o wy\u0142udzonych w aferze?<\/li>\n<li class=\"OchatFollowUps_item__Dhyly OchatFollowUps_itemDesktop__R6aBv\">Kiedy trwa\u0142 proceder wy\u0142udzania funduszy?<\/li>\n<\/ul>\n<p class=\"Paragraph_desktopParagraph__U31Gm\">10 oskar\u017conych os\u00f3b przyzna\u0142o si\u0119 do winy \u2014 podaje warszawska prokuratura. \u015aledczy informuj\u0105, \u017ce wyst\u0105pili wobec nich do s\u0105du z wnioskiem o wydanie wobec oskar\u017conych wyroku skazuj\u0105cego. &#8222;Jednocze\u015bnie Prokuratura Regionalna w Warszawie kontynuuje post\u0119powanie wobec 28 podejrzanych, w tym Hanny S. \u2014 by\u0142ej Zast\u0119pcy Dyrektora NCBiR w latach 2022-2023&#8221; \u2014 dodaj\u0105 \u015bledczy, zapowiadaj\u0105c kolejne akty oskar\u017cenia w tej sprawie.<\/p>\n<p>Prokuratura wskaza\u0142a, na czym polega\u0142 proceder <\/p>\n<p class=\"Paragraph_desktopParagraph__U31Gm\">Prokuratura w wydanym w poniedzia\u0142ek komunikacie informuje te\u017c o szczeg\u00f3\u0142ach procederu. Wed\u0142ug \u015bledczych, grupa os\u00f3b &#8222;zawiera\u0142a umowy inwestycyjne i grantowe za po\u015brednictwem funduszy Scitech Fund, w ramach programu \u00bbInteligentny Rozw\u00f3j 2014\u20132020 \u2014 BRIDGE ALFA\u00ab i konkursu \u00bbSzybka \u015acie\u017cka \u2014 Innowacje Cyfrowe\u00ab&#8221;.<\/p>\n<p class=\"Paragraph_desktopParagraph__U31Gm\">&#8222;Wsp\u00f3\u0142pracowano ze sp\u00f3\u0142kami formalnie prowadzonymi przez tzw. s\u0142upy, kt\u00f3re w rzeczywisto\u015bci nie prowadzi\u0142y \u017cadnych prac badawczo-rozwojowych. Projekty by\u0142y tworzone wy\u0142\u0105cznie po to, aby uzyska\u0107 dofinansowanie&#8221; \u2014 przekazuj\u0105 dalej \u015bledczy.<\/p>\n<p class=\"Paragraph_desktopParagraph__U31Gm\">Po otrzymaniu \u015brodk\u00f3w, by\u0142y one przelewane na konta innych podmiot\u00f3w pod pozorem fikcyjnych transakcji, potwierdzonych przez fa\u0142szywe faktury VAT lub wyp\u0142aty wynagrodze\u0144. P\u00f3\u017aniej \u015brodki te by\u0142y wyp\u0142acane w got\u00f3wce, aby ukry\u0107 ich nielegalne pochodzenie.<\/p>\n<p class=\"Paragraph_desktopParagraph__U31Gm\">Do sprawy w mediach spo\u0142eczno\u015bciowych odni\u00f3s\u0142 si\u0119 rzecznik rz\u0105du Adam Sz\u0142apka. &#8222;33 osoby z aktem oskar\u017cenia w zwi\u0105zku z afer\u0105 NCBiR. Ukradli blisko 5 mln z\u0142, pr\u00f3bowali 43. Patologia systemu PiS trafia przed s\u0105d&#8221; \u2014 skomentowa\u0142 na portalu X.<\/p>\n","protected":false},"excerpt":{"rendered":"Du\u017co czytania, a ma\u0142o czasu? Sprawd\u017a\u00a0skr\u00f3t\u00a0artyku\u0142u Wed\u0142ug informacji prokuratury, aktem oskar\u017cenia obj\u0119te zosta\u0142y 33 osoby, w tym przedsi\u0119biorcy&hellip;\n","protected":false},"author":2,"featured_media":201254,"comment_status":"","ping_status":"","sticky":false,"template":"","format":"standard","meta":{"footnotes":"","_share_on_mastodon":"0"},"categories":[16],"tags":[113,112,67,1633,53,52,68,51,30846,55,42,38,40,39,41,349,47,65,50,26],"class_list":["post-201367","post","type-post","status-publish","format-standard","has-post-thumbnail","category-biznes","tag-biznes","tag-business","tag-intextvideo_splayer","tag-ncbir","tag-new_header","tag-onet3","tag-onet3d","tag-onet3d_2i","tag-oskarzenie","tag-phx","tag-pl","tag-poland","tag-polish","tag-polska","tag-polski","tag-prokuratura_prokurator_prokuratorzy","tag-screening_general","tag-update_me","tag-v2021","tag-wiadomosci"],"share_on_mastodon":{"url":"https:\/\/pubeurope.com\/@pl\/115883209269097315","error":""},"_links":{"self":[{"href":"https:\/\/www.europesays.com\/pl\/wp-json\/wp\/v2\/posts\/201367","targetHints":{"allow":["GET"]}}],"collection":[{"href":"https:\/\/www.europesays.com\/pl\/wp-json\/wp\/v2\/posts"}],"about":[{"href":"https:\/\/www.europesays.com\/pl\/wp-json\/wp\/v2\/types\/post"}],"author":[{"embeddable":true,"href":"https:\/\/www.europesays.com\/pl\/wp-json\/wp\/v2\/users\/2"}],"replies":[{"embeddable":true,"href":"https:\/\/www.europesays.com\/pl\/wp-json\/wp\/v2\/comments?post=201367"}],"version-history":[{"count":0,"href":"https:\/\/www.europesays.com\/pl\/wp-json\/wp\/v2\/posts\/201367\/revisions"}],"wp:featuredmedia":[{"embeddable":true,"href":"https:\/\/www.europesays.com\/pl\/wp-json\/wp\/v2\/media\/201254"}],"wp:attachment":[{"href":"https:\/\/www.europesays.com\/pl\/wp-json\/wp\/v2\/media?parent=201367"}],"wp:term":[{"taxonomy":"category","embeddable":true,"href":"https:\/\/www.europesays.com\/pl\/wp-json\/wp\/v2\/categories?post=201367"},{"taxonomy":"post_tag","embeddable":true,"href":"https:\/\/www.europesays.com\/pl\/wp-json\/wp\/v2\/tags?post=201367"}],"curies":[{"name":"wp","href":"https:\/\/api.w.org\/{rel}","templated":true}]}}