{"id":201678,"date":"2026-01-13T09:18:14","date_gmt":"2026-01-13T09:18:14","guid":{"rendered":"https:\/\/www.europesays.com\/pl\/201678\/"},"modified":"2026-01-13T09:18:14","modified_gmt":"2026-01-13T09:18:14","slug":"tak-niemka-potraktowala-polakow-po-finale-united-cup-wymowny-wpis-przeglad-sportowy-onet","status":"publish","type":"post","link":"https:\/\/www.europesays.com\/pl\/201678\/","title":{"rendered":"Tak Niemka potraktowa\u0142a Polak\u00f3w po finale United Cup. Wymowny wpis &#8211; Przegl\u0105d Sportowy Onet"},"content":{"rendered":"<ol>\n<li><a href=\"https:\/\/news.google.com\/rss\/articles\/CBMisgFBVV95cUxQYmIwSlBFa0xYWEFpTVVVNldBUkxrYVF5cDUxaWVlUUpaWjVDTXRuYTUyZS1nSzZmQThaZWU5bUxIdnVRNzlrMHRJTEp4dG5PcENfR0huTTNPTXcxRDZwSVVsVlh3WW04eWpvT1RlenVuRXVNSFlsZmcwV2JobXdQMDdDZVozWl8tcWdkcHJEU01EWHF4ZGx1aUhqeFk4dnZiaUd1UkxTVDhlaDJrUldtcjZn?oc=5\" target=\"_blank\" rel=\"nofollow noopener\">Tak Niemka potraktowa\u0142a Polak\u00f3w po finale United Cup. Wymowny wpis<\/a>&nbsp;&nbsp;Przegl\u0105d Sportowy Onet<\/li>\n<li><a href=\"https:\/\/news.google.com\/rss\/articles\/CBMiwwFBVV95cUxObGFQanNoR3N6cWVtSjhad0YtclJsaHctMFp2Vnl0a2w0Nk9WTTIyMi1ROVlUaS1ZbFliWllOVks1WGZPTTdKODlyRkVnTTNqdDNjbnVKcXpJRjdnYW5iM19EZEdaRWZtR0VPYnFzQlBaR2UzdnVCUWhKR0lkYmFTNmJQYkhUZ0FaUEREQWFfbW5abWRyWkpHYXRhVWFjZ0xPdkdnM1ZmbmZDckMxc29LaUdTcGxxV2tXeGY2cHp3RzRUbUU?oc=5\" target=\"_blank\" rel=\"nofollow noopener\">Polacy mistrzami United Cup! Co za zwrot po pora\u017cce Igi \u015awi\u0105tek. Oto bohaterowie<\/a>&nbsp;&nbsp;Przegl\u0105d Sportowy Onet<\/li>\n<li><a href=\"https:\/\/news.google.com\/rss\/articles\/CBMiwwFBVV95cUxPUXlmRmZkNDhDTlNZemkyUWhqUlJyRzRhM0pDb3ZTRTAwd19HWXBIdUNfUnpHVE1nWE45Q2JnQURqMnRRQjJQRjBNSUhqTVA2NEJlRlpUWXdJbGo5MFNZZ1dKM2dHQU0xZ3hHQV9SODR5T3kya0hfcVg1TDJlYU9GaHRTY2I5V2tGN1FiMHp6YndnMzFJcVlJMHlSUlh4aEhyYlNLTXlpNllfZ0lZdWV3TDNRTW5jUENiUWNvbjl2clFqdU0?oc=5\" target=\"_blank\" rel=\"nofollow noopener\">Bramy raju zamkni\u0119te dla polskich bohater\u00f3w z United Cup. Zero z\u0142udze\u0144<\/a>&nbsp;&nbsp;Sport w INTERIA.PL<\/li>\n<li><a href=\"https:\/\/news.google.com\/rss\/articles\/CBMi9wFBVV95cUxNTlBIR3BSSW9YVVV3SkhubFN2U0luNXhHN3B2b1NEQXNZOGl4T2NkU2ZaWUtNREpvaTFQNkFkRWNqcHRTNTBQN21Qc05sb1oxREpMVi1seklYM2lEV2dpcVRHcWZ2cnd0VUFteDZ1ajNWVVN0R09XZ1RMTEo3d3JOWVl6N3hhaURCU0hyOVVNNHdUWkpZV0pNWGRpWWlNSnBsZHY4ekpqWWlIakp4TkRuNmFqcEpBU2JSMHo2VjFiaVkzLUNZVWdjUW5iVjNBbE5WSkVTN0p3UWJrVmFJOHM2XzZESTY3R1VlQ21JUEhKM2NsN0JaaUhF?oc=5\" target=\"_blank\" rel=\"nofollow noopener\">Ob\u0142\u0119dne wyp\u0142aty dla polskich tenisist\u00f3w za wygran\u0105 w United Cup 2026. Ile zarobi\u0142a Iga \u015awi\u0105tek, Hubert Hurkacz, Katarzyna Kawa i Jan Zieli\u0144ski?<\/a>&nbsp;&nbsp;Eurosport Polska<\/li>\n<li><a href=\"https:\/\/news.google.com\/rss\/articles\/CBMiqAFBVV95cUxQd2t4Q3Y0azVjWUg2T3FsR3BFYlY4eFFvRXZ6U05zUE1wNF9MRHlEb2pCZjVUaHBDUkYyV3A3ZWlVMkVsNjRzR3VRNk80RXhENUVVbjFGUHRYV0F0QWQyZmVZTkdHcVJGeEFpaFJnTVNxcERVMlRydFpQZW9hZkJJVHl2SldLUFk5bUtOQXN0Vzc5Ny14aXYyMHNjaTZ4WHQwNTg2Qmthbk8?oc=5\" target=\"_blank\" rel=\"nofollow noopener\">Tusk ogl\u0105da\u0142 na kolanach. Po chwili wielka rado\u015b\u0107<\/a>&nbsp;&nbsp;SportoweFakty<\/li>\n<\/ol>\n","protected":false},"excerpt":{"rendered":"Tak Niemka potraktowa\u0142a Polak\u00f3w po finale United Cup. Wymowny wpis&nbsp;&nbsp;Przegl\u0105d Sportowy Onet Polacy mistrzami United Cup! Co za&hellip;\n","protected":false},"author":2,"featured_media":201679,"comment_status":"","ping_status":"","sticky":false,"template":"","format":"standard","meta":{"footnotes":"","_share_on_mastodon":"0"},"categories":[5],"tags":[32,33,6654,36,37,27,5999,252,67,36846,4398,34,35,28,31,25,42,38,40,39,41,136,128,47,135,156,29,30,13444,26,130],"class_list":["post-201678","post","type-post","status-publish","format-standard","has-post-thumbnail","category-naglowki","tag-breaking-news","tag-breakingnews","tag-eva_lys","tag-featured-news","tag-featurednews","tag-headlines","tag-hubert_hurkacz","tag-iga_swiatek","tag-intextvideo_splayer","tag-jan_zielinski","tag-katarzyna_kawa","tag-latest-news","tag-latestnews","tag-naglowki","tag-najwazniejsze-artykuly","tag-news","tag-pl","tag-poland","tag-polish","tag-polska","tag-polski","tag-ps_detal_new","tag-psv2","tag-screening_general","tag-sport_sport","tag-tenis","tag-top-stories","tag-topstories","tag-united_cup","tag-wiadomosci","tag-wiadomosci_sportowe"],"share_on_mastodon":{"url":"https:\/\/pubeurope.com\/@pl\/115887046968454502","error":""},"_links":{"self":[{"href":"https:\/\/www.europesays.com\/pl\/wp-json\/wp\/v2\/posts\/201678","targetHints":{"allow":["GET"]}}],"collection":[{"href":"https:\/\/www.europesays.com\/pl\/wp-json\/wp\/v2\/posts"}],"about":[{"href":"https:\/\/www.europesays.com\/pl\/wp-json\/wp\/v2\/types\/post"}],"author":[{"embeddable":true,"href":"https:\/\/www.europesays.com\/pl\/wp-json\/wp\/v2\/users\/2"}],"replies":[{"embeddable":true,"href":"https:\/\/www.europesays.com\/pl\/wp-json\/wp\/v2\/comments?post=201678"}],"version-history":[{"count":0,"href":"https:\/\/www.europesays.com\/pl\/wp-json\/wp\/v2\/posts\/201678\/revisions"}],"wp:featuredmedia":[{"embeddable":true,"href":"https:\/\/www.europesays.com\/pl\/wp-json\/wp\/v2\/media\/201679"}],"wp:attachment":[{"href":"https:\/\/www.europesays.com\/pl\/wp-json\/wp\/v2\/media?parent=201678"}],"wp:term":[{"taxonomy":"category","embeddable":true,"href":"https:\/\/www.europesays.com\/pl\/wp-json\/wp\/v2\/categories?post=201678"},{"taxonomy":"post_tag","embeddable":true,"href":"https:\/\/www.europesays.com\/pl\/wp-json\/wp\/v2\/tags?post=201678"}],"curies":[{"name":"wp","href":"https:\/\/api.w.org\/{rel}","templated":true}]}}