{"id":201881,"date":"2026-01-13T14:13:08","date_gmt":"2026-01-13T14:13:08","guid":{"rendered":"https:\/\/www.europesays.com\/pl\/201881\/"},"modified":"2026-01-13T14:13:08","modified_gmt":"2026-01-13T14:13:08","slug":"sensacyjny-kierunek-kamil-piatkowski-laczony-z-nowym-klubem","status":"publish","type":"post","link":"https:\/\/www.europesays.com\/pl\/201881\/","title":{"rendered":"Sensacyjny kierunek. Kamil Pi\u0105tkowski \u0142\u0105czony z nowym klubem"},"content":{"rendered":"<p>Tak, sensacyjny, jak najbardziej. Po\u00a0takiej rundzie Legii Warszawa raczej by\u015bmy si\u0119 nie\u00a0spodziewali, ze\u00a0ktokolwiek b\u0119dzie ch\u0119tny na\u00a0jej pi\u0142karzy, wi\u0119c\u00a0takie wie\u015bci to\u00a0jednak spora niespodzianka. Jak donosz\u0105 holenderskie media, Kamil Pi\u0105tkowski znalaz\u0142 si\u0119 na\u00a0radarach Feyenoordu Rotterdam. Tematu jednak na\u00a0ten moment nie\u00a0ma.<\/p>\n<p>\u2013 25-letni Kamil Pi\u0105tkowski z\u00a0Legii Warszawa jest opcj\u0105, ale\u00a0na\u00a0pewno nie\u00a0jest jeszcze konkretnym celem \u2013 pisze portal fr12. Polaka ju\u017c w\u00a0przesz\u0142o\u015bci \u0142\u0105czono z\u00a0holenderskim klubem, ale\u00a0w\u00f3wczas nie\u00a0trafi\u0142 on\u00a0do\u00a0Eredivisie. Teraz ma\u00a0na\u00a0to\u00a0szanse?<\/p>\n<p>Kamil Pi\u0105tkowski na\u00a0li\u015bcie Feyenoordu Rotterdam<\/p>\n<p>Od\u00a0notatnika w\u0142odarzy do\u00a0podpisania kontraktu z\u00a0nowym klubem daleka droga, ale\u00a0i\u00a0tak\u00a0samo zainteresowanie Pi\u0105tkowskim rozpatrywa\u0107 nale\u017cy w\u00a0kategoriach zaskoczenia. W\u00a0naszym corocznym rankingu polskich \u015brodkowych obro\u0144c\u00f3w pi\u0142karz Legii nie\u00a0za\u0142apa\u0142 si\u0119 do\u00a0czo\u0142owej dziesi\u0105tki, ma\u00a0za\u00a0sob\u0105 nie\u00a0za\u00a0dobry rok i\u00a0kiepsk\u0105 rund\u0119 jesienn\u0105 w\u00a0Ekstraklasie.<\/p>\n<p style=\"text-align: center;\"><a href=\"https:\/\/weszlo.com\/ranking-weszlo-2025-srodkowi-obroncy\/\" rel=\"nofollow noopener\" target=\"_blank\">\u015awiate\u0142ko w\u00a0tunelu. Dwa mocne filary i\u00a0poszukiwania trzeciego [RANKING \u015aRODKOWYCH OBRO\u0143C\u00d3W 2025]<\/a><\/p>\n<p>W\u00a0naszej lidze Pi\u0105tkowski rozegra\u0142 od\u00a0sierpnia 10 spotka\u0144, raz wylecia\u0142 z\u00a0boiska ukarany czerwon\u0105 kartk\u0105. Z\u00a0nim w\u00a0sk\u0142adzie Legia wygra\u0142a tylko\u00a0dwa ligowe mecze \u2013 z\u00a0Radomiakiem Radom (4:1) i\u00a0Pogoni\u0105 Szczecin (1:0).<\/p>\n<p>Wygl\u0105da jednak na\u00a0to, \u017ce\u00a0to\u00a0nic wi\u0119cej ni\u017c spekulacje. Z\u00a0naszych informacji wynika, \u017ce\u00a0tematu przenosin Pi\u0105tkowskiego do\u00a0Holandii na\u00a0ten moment zwyczajnie nie\u00a0ma.<\/p>\n<p>*Obecnie jednym z\u00a0popularniejszych bukmacher\u00f3w na\u00a0rynku jest Superbet. Zanim zdecydujesz si\u0119 na\u00a0t\u0119\u00a0mark\u0119, przeczytaj <a href=\"https:\/\/weszlo.com\/superbet-opinie\/\" target=\"_blank\" rel=\"noopener nofollow\">Superbet opinie<\/a> i\u00a0zobacz jego pozycj\u0119 w\u00a0naszym <a href=\"https:\/\/weszlo.com\/ranking-bukmacherow\/\" target=\"_blank\" rel=\"noopener nofollow\">rankingu bukmacher\u00f3w<\/a>.<\/p>\n<p style=\"display: flex; align-items: center; justify-content: start; flex-direction: row; gap: 3px; min-height: 24px; height: 24px; padding: 8px 0px 0px; margin: 0px; font-size: 12px; font-style: normal; font-weight: 500; line-height: 16px;\">Statystyki zawodnika (sezon) dostarczony przez\u00a0<a style=\"margin: 0px; padding: 0px;\" href=\"https:\/\/superscore.live\/pl-PL?utm_source=website&amp;utm_medium=widget&amp;utm_campaign=widget_pl\" target=\"_blank\" rel=\"external noopener nofollow\">Superscore<\/a><\/p>\n<p>\u00a0<\/p>\n<p>CZYTAJ WI\u0118CEJ O\u00a0TRANSFERACH NA\u00a0WESZ\u0141O:<\/p>\n<p>Fot.\u00a0Newspix<\/p>\n","protected":false},"excerpt":{"rendered":"Tak, sensacyjny, jak najbardziej. Po\u00a0takiej rundzie Legii Warszawa raczej by\u015bmy si\u0119 nie\u00a0spodziewali, ze\u00a0ktokolwiek b\u0119dzie ch\u0119tny na\u00a0jej pi\u0142karzy, wi\u0119c\u00a0takie&hellip;\n","protected":false},"author":2,"featured_media":201882,"comment_status":"","ping_status":"","sticky":false,"template":"","format":"standard","meta":{"footnotes":""},"categories":[24],"tags":[16784,7383,713,42,38,40,39,41,127,126],"class_list":{"0":"post-201881","1":"post","2":"type-post","3":"status-publish","4":"format-standard","5":"has-post-thumbnail","7":"category-sport","8":"tag-feyenoord-rotterdam","9":"tag-kamil-piatkowski","10":"tag-legia-warszawa","11":"tag-pl","12":"tag-poland","13":"tag-polish","14":"tag-polska","15":"tag-polski","16":"tag-sport","17":"tag-sports"},"share_on_mastodon":{"url":"https:\/\/pubeurope.com\/@pl\/115888206840422676","error":""},"_links":{"self":[{"href":"https:\/\/www.europesays.com\/pl\/wp-json\/wp\/v2\/posts\/201881","targetHints":{"allow":["GET"]}}],"collection":[{"href":"https:\/\/www.europesays.com\/pl\/wp-json\/wp\/v2\/posts"}],"about":[{"href":"https:\/\/www.europesays.com\/pl\/wp-json\/wp\/v2\/types\/post"}],"author":[{"embeddable":true,"href":"https:\/\/www.europesays.com\/pl\/wp-json\/wp\/v2\/users\/2"}],"replies":[{"embeddable":true,"href":"https:\/\/www.europesays.com\/pl\/wp-json\/wp\/v2\/comments?post=201881"}],"version-history":[{"count":0,"href":"https:\/\/www.europesays.com\/pl\/wp-json\/wp\/v2\/posts\/201881\/revisions"}],"wp:featuredmedia":[{"embeddable":true,"href":"https:\/\/www.europesays.com\/pl\/wp-json\/wp\/v2\/media\/201882"}],"wp:attachment":[{"href":"https:\/\/www.europesays.com\/pl\/wp-json\/wp\/v2\/media?parent=201881"}],"wp:term":[{"taxonomy":"category","embeddable":true,"href":"https:\/\/www.europesays.com\/pl\/wp-json\/wp\/v2\/categories?post=201881"},{"taxonomy":"post_tag","embeddable":true,"href":"https:\/\/www.europesays.com\/pl\/wp-json\/wp\/v2\/tags?post=201881"}],"curies":[{"name":"wp","href":"https:\/\/api.w.org\/{rel}","templated":true}]}}