{"id":202110,"date":"2026-01-13T16:51:08","date_gmt":"2026-01-13T16:51:08","guid":{"rendered":"https:\/\/www.europesays.com\/pl\/202110\/"},"modified":"2026-01-13T16:51:08","modified_gmt":"2026-01-13T16:51:08","slug":"moldawia-polaczy-sie-z-innym-europejskim-krajem-prezydentka-zaglosuje-za","status":"publish","type":"post","link":"https:\/\/www.europesays.com\/pl\/202110\/","title":{"rendered":"Mo\u0142dawia po\u0142\u0105czy si\u0119 z innym europejskim krajem? Prezydentka: Zag\u0142osuj\u0119 za"},"content":{"rendered":"<p> Sandu o po\u0142\u0105czeniu Mo\u0142dawii z Rumuni\u0105<\/p>\n<p class=\"art_paragraph\">Mo\u0142dawska prezydentka Maia Sandu wyst\u0105pi\u0142a w brytyjskim podca\u015bcie &#8222;The rest <a href=\"https:\/\/wiadomosci.gazeta.pl\/is#anchorLink\" rel=\"nofollow noopener\" target=\"_blank\">is<\/a> politics&#8221;. Polityczka m\u00f3wi\u0142a\u00a0m.in. o obronie kraju przed rosyjskimi prowokacjami i dzia\u0142aniami hybrydowymi. Wypowiedzia\u0142a si\u0119 r\u00f3wnie\u017c na temat ewentualnego\u00a0po\u0142\u0105czenia Mo\u0142dawii z\u00a0Rumuni\u0105. &#8211; Je\u015bli odb\u0119dzie si\u0119 referendum, zag\u0142osuj\u0119 za zjednoczeniem\u00a0&#8211; powiedzia\u0142a. &#8211; Sp\u00f3jrzcie na to, co dzieje si\u0119 dzi\u015b wok\u00f3\u0142 Mo\u0142dawii. Sp\u00f3jrzcie na to, co dzieje si\u0119 na \u015bwiecie. Coraz trudniej jest ma\u0142emu krajowi, takiemu jak Mo\u0142dawia, przetrwa\u0107 jako demokracja, jako pa\u0144stwo suwerenne, i oczywi\u015bcie przeciwstawi\u0107 si\u0119 Rosji &#8211; doda\u0142a Sandu.\u00a0Przyzna\u0142a jednocze\u015bnie, \u017ce wielu Mo\u0142dawian ma inne zdanie, dlatego bardziej realistyczne by\u0142oby cz\u0142onkostwo jej kraju w Unii Europejskiej.<\/p>\n<p> Czego chc\u0105\u00a0mieszka\u0144cy Mo\u0142dawii?<\/p>\n<p class=\"art_paragraph\">Niezale\u017cna mo\u0142dawska firma badawcza iData przeprowadzi\u0142a w 2025 roku sonda\u017c, w kt\u00f3rym zapytano Mo\u0142dawian, czy chc\u0105 po\u0142\u0105czenia ich kraju z Rumuni\u0105.\u00a061,5 proc.\u00a0respondent\u00f3w jest przeciwko takiemu rozwi\u0105zaniu,\u00a031 proc. je popiera &#8211; przekaza\u0142o Centrum Bada\u0144 Zachowa\u0144 Obywatelskich i Politycznych z Mo\u0142dawii (CCBS). Ponadto 57,1 proc. ankietowanych chce integracji z Uni\u0105 Europejsk\u0105, przeciwko jest 36,2 proc. Zdecydowanie inny trend wida\u0107 w kwestii ewentualnego przyst\u0105pienia Mo\u0142dawii do NATO &#8211; 60 proc. nie popiera tego pomys\u0142u, 30,8 proc. jest za.\u00a0<\/p>\n<p>\n    Zobacz wideo Tusk do Mo\u0142dawian: potraficie robi\u0107 wina, a my je wypi\u0107\n  <\/p>\n<p> \u015alady Rumunii w Mo\u0142dawii<\/p>\n<p class=\"art_paragraph\">Mo\u0142dawi\u0119 zamieszkuje niespe\u0142na 2,5 mln\u00a0mieszka\u0144c\u00f3w, a 2\/3 z nich ma podw\u00f3jne &#8211; mo\u0142dawskie i rumu\u0144skie &#8211; obywatelstwo. Co wi\u0119cej, kilkana\u015bcie miesi\u0119cy temu j\u0119zykiem urz\u0119dowym w Mo\u0142dawii\u00a0zosta\u0142 j\u0119zyk rumu\u0144ski.\u00a0W\u00a0dwudziestoleciu mi\u0119dzywojennym Mo\u0142dawia by\u0142a cz\u0119\u015bci\u0105 Rumunii, jednak w czasie II wojny \u015bwiatowej zosta\u0142a anektowana przez Zwi\u0105zek Radziecki i przekszta\u0142cona w republik\u0119 radzieck\u0105. W 1991 roku odzyska\u0142a niepodleg\u0142o\u015b\u0107 jako suwerenne pa\u0144stwo, jednak od lat jest celem rosyjskich prowokacji i ingerencji. Mo\u0142dawia jest\u00a0obecnie jednym z najbiedniejszych kraj\u00f3w w Europie\u00a0oraz obiektem ci\u0105g\u0142ych atak\u00f3w hybrydowych ze strony Rosji. Mo\u0142dawia wraz z Ukrain\u0105 wesz\u0142a na \u015bcie\u017ck\u0119 integracji z Uni\u0105 Europejsk\u0105. W ostatnich miesi\u0105cach jest chwalona przez europejskich <a href=\"https:\/\/wiadomosci.gazeta.pl\/polityka\/7,198013,32482353,rozmowy-o-pokoju-bez-polski-ukrainski-polityk-ujawnil-w-czym.html#anchorLink\" rel=\"nofollow noopener\" target=\"_blank\">polityk\u00f3w<\/a> za du\u017ce post\u0119py w reformowaniu kraju.<\/p>\n<p class=\"art_paragraph\">Wi\u0119cej na podobny temat przeczytasz w artykule:<a href=\"https:\/\/wiadomosci.gazeta.pl\/polityka\/7,198013,32318899,rosja-grozi-moldawii-pieskow-jedno-panstwo-juz-popelnilo-ten.html\" class=\"art_link\" rel=\"dofollow noopener\" target=\"_blank\"> &#8222;Rosja grozi Mo\u0142dawii. Pieskow: Jedno pa\u0144stwo ju\u017c pope\u0142ni\u0142o ten b\u0142\u0105d&#8221;<\/a>.\n  <\/p>\n<p>\u0179r\u00f3d\u0142a:\u00a0ccbsnews.info, IAR, Politico,\u00a0The Rest Is Politics: Leading (<a href=\"https:\/\/next.gazeta.pl\/next\/7,151243,29926036,blokujesz-reklamy-youtube-zablokuje-ciebie-chyba-ze-zaplacisz.html#anchorLink\" rel=\"nofollow noopener\" target=\"_blank\">YouTube<\/a>)<\/p>\n","protected":false},"excerpt":{"rendered":"Sandu o po\u0142\u0105czeniu Mo\u0142dawii z Rumuni\u0105 Mo\u0142dawska prezydentka Maia Sandu wyst\u0105pi\u0142a w brytyjskim podca\u015bcie &#8222;The rest is politics&#8221;.&hellip;\n","protected":false},"author":2,"featured_media":202111,"comment_status":"","ping_status":"","sticky":false,"template":"","format":"standard","meta":{"footnotes":""},"categories":[14],"tags":[32,33,27,34,35,28,31,25,40,41,80,29,30,26,82,83,84],"class_list":{"0":"post-202110","1":"post","2":"type-post","3":"status-publish","4":"format-standard","5":"has-post-thumbnail","7":"category-swiat","8":"tag-breaking-news","9":"tag-breakingnews","10":"tag-headlines","11":"tag-latest-news","12":"tag-latestnews","13":"tag-naglowki","14":"tag-najwazniejsze-artykuly","15":"tag-news","16":"tag-polish","17":"tag-polski","18":"tag-swiat","19":"tag-top-stories","20":"tag-topstories","21":"tag-wiadomosci","22":"tag-world","23":"tag-world-news","24":"tag-worldnews"},"share_on_mastodon":{"url":"https:\/\/pubeurope.com\/@pl\/115888828147670720","error":""},"_links":{"self":[{"href":"https:\/\/www.europesays.com\/pl\/wp-json\/wp\/v2\/posts\/202110","targetHints":{"allow":["GET"]}}],"collection":[{"href":"https:\/\/www.europesays.com\/pl\/wp-json\/wp\/v2\/posts"}],"about":[{"href":"https:\/\/www.europesays.com\/pl\/wp-json\/wp\/v2\/types\/post"}],"author":[{"embeddable":true,"href":"https:\/\/www.europesays.com\/pl\/wp-json\/wp\/v2\/users\/2"}],"replies":[{"embeddable":true,"href":"https:\/\/www.europesays.com\/pl\/wp-json\/wp\/v2\/comments?post=202110"}],"version-history":[{"count":0,"href":"https:\/\/www.europesays.com\/pl\/wp-json\/wp\/v2\/posts\/202110\/revisions"}],"wp:featuredmedia":[{"embeddable":true,"href":"https:\/\/www.europesays.com\/pl\/wp-json\/wp\/v2\/media\/202111"}],"wp:attachment":[{"href":"https:\/\/www.europesays.com\/pl\/wp-json\/wp\/v2\/media?parent=202110"}],"wp:term":[{"taxonomy":"category","embeddable":true,"href":"https:\/\/www.europesays.com\/pl\/wp-json\/wp\/v2\/categories?post=202110"},{"taxonomy":"post_tag","embeddable":true,"href":"https:\/\/www.europesays.com\/pl\/wp-json\/wp\/v2\/tags?post=202110"}],"curies":[{"name":"wp","href":"https:\/\/api.w.org\/{rel}","templated":true}]}}