{"id":202126,"date":"2026-01-13T16:59:09","date_gmt":"2026-01-13T16:59:09","guid":{"rendered":"https:\/\/www.europesays.com\/pl\/202126\/"},"modified":"2026-01-13T16:59:09","modified_gmt":"2026-01-13T16:59:09","slug":"martwe-kwiaty-marty-reich-wstrzasajaca-rekonstrukcja-sledztwa","status":"publish","type":"post","link":"https:\/\/www.europesays.com\/pl\/202126\/","title":{"rendered":"&#8222;Martwe kwiaty&#8221; Marty Reich: wstrz\u0105saj\u0105ca rekonstrukcja \u015bledztwa"},"content":{"rendered":"<p class=\"Paragraph_desktopParagraph__U31Gm\">Luty 1980 r. Podczas rutynowego patrolu dw\u00f3ch pracownik\u00f3w warszawskich zak\u0142ad\u00f3w komunalnych dokonuje szokuj\u0105cego odkrycia. W dryfuj\u0105cym po Jeziorku Czerniakowskim pakunku znajduj\u0105 garnek z odci\u0119t\u0105 ludzk\u0105 g\u0142ow\u0105. Wkr\u00f3tce makabryczne znalezisko zostaje powi\u0105zane ze zg\u0142oszeniem zagini\u0119cia Zofii Czajkowskiej, atrakcyjnej czterdziestojednoletniej pracownicy Telewizji Polskiej, kt\u00f3ra poprzedniego dnia rano wysz\u0142a z domu i znikn\u0119\u0142a bez \u015bladu. Kilkadziesi\u0105t godzin p\u00f3\u017aniej w przechowalni na Dworcu Centralnym zostaje odkryty baga\u017c z rozcz\u0142onkowanym cia\u0142em Zofii. Na zamkni\u0119tej walizce morderca po\u0142o\u017cy\u0142 trzy kwiaty, teraz ju\u017c zwi\u0119d\u0142e: tulipan, \u017conkil i frezj\u0119.<\/p>\n<ul class=\"OchatFollowUps_wrapper__1ry7X\">\n<li class=\"OchatFollowUps_item__Dhyly OchatFollowUps_itemDesktop__R6aBv\">Co odkryli pracownicy warszawskich zak\u0142ad\u00f3w komunalnych?<\/li>\n<li class=\"OchatFollowUps_item__Dhyly OchatFollowUps_itemDesktop__R6aBv\">Jakie urodziny obchodzi\u0142a Basia?<\/li>\n<li class=\"OchatFollowUps_item__Dhyly OchatFollowUps_itemDesktop__R6aBv\">Kto prowadzi\u0142 \u015bledztwo w sprawie Zofii Czajkowskiej?<\/li>\n<li class=\"OchatFollowUps_item__Dhyly OchatFollowUps_itemDesktop__R6aBv\">Jakie makabryczne znalezisko powi\u0105zano z zagini\u0119ciem Zofii?<\/li>\n<\/ul>\n<p class=\"Paragraph_desktopParagraph__U31Gm\">Kto m\u00f3g\u0142 pragn\u0105\u0107 \u015bmierci eleganckiej, ustosunkowanej, cho\u0107 przy tym do\u015b\u0107 przeci\u0119tnej kobiety? Czy by\u0142a przypadkow\u0105 ofiar\u0105 seryjnego mordercy, czy \u015bwiadomym celem kogo\u015b, kto dobrze j\u0105 zna\u0142? Dlaczego zbrodnia mia\u0142a tak makabryczny przebieg? Porucznik Miros\u0142aw Wolski i starsza sier\u017cant Jolanta Derka z Komendy Sto\u0142ecznej Milicji Obywatelskiej prowadz\u0105 szeroko zakrojone \u015bledztwo, w kt\u00f3rym potrzeba zapewnienia bezpiecze\u0144stwa obywatelom staje w sprzeczno\u015bci z politycznym embargo na niewygodne dla w\u0142adzy informacje. Wreszcie dochodz\u0105 do prawdy tak szokuj\u0105cej, \u017ce do dzi\u015b nie mie\u015bci si\u0119 w g\u0142owie tych, kt\u00f3rzy dopiero j\u0105 poznaj\u0105.<\/p>\n<p>Fragment ksi\u0105\u017cki &#8222;Martwe kwiaty&#8221; <\/p>\n<p class=\"Paragraph_desktopParagraph__U31Gm\">1<\/p>\n<p class=\"Paragraph_desktopParagraph__U31Gm\">Wtorek, 4 grudnia 1979<\/p>\n<p class=\"Paragraph_desktopParagraph__U31Gm\">\u2014 NO! TO ZDROWIE SOLENIZANTKI! \u2014 Mieczys\u0142aw Rostowicz, jowialny w\u0105sacz o sympatycznym spojrzeniu, uni\u00f3s\u0142 kryszta\u0142owy kieliszek w\u00f3dki. Imieniny \u017cony by\u0142y jednym z najwa\u017cniejszych corocznych rytua\u0142\u00f3w w ich domu. Wszystko musia\u0142o by\u0107 idealne.<\/p>\n<p class=\"Paragraph_desktopParagraph__U31Gm\">\u2014 Basie\u0144ko, wszystkiego, co najlepsze! \u2014 zawt\u00f3rowali go\u015bcie.<\/p>\n<p class=\"Paragraph_desktopParagraph__U31Gm\">St\u00f3\u0142 ugina\u0142 si\u0119 pod ci\u0119\u017carem frykas\u00f3w: karp w galarecie, rolada z ciel\u0119ciny, sa\u0142atka jarzynowa, jajka faszerowane. Pod w\u00f3dk\u0119 \u015bledzik i tatar, a na honorowym miejscu p\u00f3\u0142misek wy\u015bmienitych w\u0119dlin. Wspania\u0142y bigos i schab po warszawsku czeka\u0142y na swoj\u0105 kolej w kuchni.<\/p>\n<p class=\"Paragraph_desktopParagraph__U31Gm\">Dla przyjaci\u00f3\u0142 i rodziny Basi dzie\u0144 jej imienin by\u0142 jedn\u0105 z wi\u0119kszych przyjemno\u015bci w roku. Miecio, na co dzie\u0144 kardiochirurg w szpitalu MSW w Warszawie, zawsze m\u00f3g\u0142 liczy\u0107 na wdzi\u0119czno\u015b\u0107 pacjent\u00f3w wyra\u017can\u0105 w koniakach i szynce. A \u017ce po ca\u0142ym dniu nerwowej pracy relaksowa\u0142 si\u0119, gotuj\u0105c \u2014 imieniny w domu Rostowicz\u00f3w zawsze by\u0142y uczt\u0105.<\/p>\n<p class=\"Paragraph_desktopParagraph__U31Gm\">\u2014 No, to powiedzcie, co tam s\u0142ycha\u0107 w wielkim \u015bwiecie \u2014 rzuci\u0142a Jadzia Kotowska, kuzynka Basi.<\/p>\n<p class=\"Paragraph_desktopParagraph__U31Gm\">Pytanie powtarza\u0142o si\u0119 co roku i stanowi\u0142o taki sam imieninowy zwyczaj, jak galaretka z n\u00f3\u017cek i galantyna. Skierowane by\u0142o do gospodyni i os\u00f3b, kt\u00f3re wraz z ni\u0105 pracowa\u0142y w Telewizji. Wi\u0119kszo\u015bci go\u015bci gmach na Woronicza jawi\u0142 si\u0119 niemal jak inny \u015bwiat, pe\u0142en pi\u0119knych ludzi, do b\u00f3lu \u015bwiatowych i szykownych, niepodlegaj\u0105cych ograniczeniom, z jakimi mierzy\u0142y si\u0119 szare masy.<\/p>\n<p class=\"Paragraph_desktopParagraph__U31Gm\">Redaktorki Bo\u017cena Kowalczyk i Joanna Szmidt zawsze sk\u0142onne by\u0142y do opowie\u015bci naszpikowanych rzucanymi od niechcenia poufnymi sensacjami z bran\u017cy. &#8222;Maryla Rodowicz ubra\u0142a si\u0119 tak cudacznie, \u017ce jej nie wpu\u015bcili do studia&#8221;. &#8222;Daniel Olbrychski z bliska wcale nie jest a\u017c taki przystojny&#8221;, &#8222;\u0141omnicki zachorowa\u0142 na gryp\u0119 i trzeba by\u0142o przesuwa\u0107 nagrania\u2026&#8221;<\/p>\n<p class=\"Paragraph_desktopParagraph__U31Gm\">Zofia Czajkowska s\u0142ucha\u0142a tej paplaniny, odczuwaj\u0105c ulg\u0119, \u017ce sama nie musi si\u0119 do niej w\u0142\u0105cza\u0107. Nie lubi\u0142a zwraca\u0107 na siebie uwagi \u2014 wola\u0142a obserwowa\u0107 pozosta\u0142ych. Poza tym i tak mia\u0142a ostatnio du\u017co na g\u0142owie. Jako monta\u017cystka i inspektorka program\u00f3w musia\u0142a boryka\u0107 si\u0119 z re\u017cyserami i kierownikami produkcji, kt\u00f3rzy najpierw guzdrali si\u0119 z dostarczeniem materia\u0142\u00f3w, po czym oczekiwali, \u017ce w cudowny spos\u00f3b obrobi im je &#8222;na wczoraj&#8221;. A potem to oni zbierali laury, podczas gdy jej wk\u0142adu nikt nie docenia\u0142, mimo \u017ce bez niego \u017caden projekt nie ujrza\u0142by \u015bwiat\u0142a dziennego. Odgoni\u0142a od siebie poczucie frustracji, kt\u00f3re tak cz\u0119sto na ni\u0105 sp\u0142ywa\u0142o. Dzi\u015b powinna cieszy\u0107 si\u0119 \u015bwi\u0119tem przyjaci\u00f3\u0142ki.<\/p>\n<p class=\"Paragraph_desktopParagraph__U31Gm\">Nie by\u0142o to jednak \u0142atwe, bo humor zatruwa\u0142y jej tak\u017ce inne problemy. Nie\u0142atwo by\u0142o przyzna\u0107, \u017ce co\u015b j\u0105 przerasta.<\/p>\n<p class=\"Paragraph_desktopParagraph__U31Gm\">Mia\u0142a prawo do spokoju. Do szcz\u0119\u015bcia. Od rozwodu z Adamem min\u0119\u0142o ju\u017c tyle czasu, a jej prywatne sprawy, zamiast si\u0119 unormowa\u0107, jeszcze bardziej si\u0119 skomplikowa\u0142y.<\/p>\n<p class=\"Paragraph_desktopParagraph__U31Gm\">\u2014 A Zosia jedzie w marcu na wycieczk\u0119 Orbisu do W\u0142och! \u2014 wypali\u0142a nagle Bo\u017cena.<\/p>\n<p class=\"Paragraph_desktopParagraph__U31Gm\">Zamar\u0142a. Po tylu latach kole\u017canka mog\u0142aby si\u0119 wreszcie nauczy\u0107, by nie omawia\u0107 jej plan\u00f3w publicznie. Zaraz zaczn\u0105 si\u0119 irytuj\u0105ce pytania. Gdzie? Jak? No i najgorsze \u2014 z kim? Nie mia\u0142a ochoty odpowiada\u0107, szczeg\u00f3lnie na to ostatnie. Z trudem ukry\u0142a rozdra\u017cnienie, przywo\u0142uj\u0105c na usta czaruj\u0105cy u\u015bmiech. Z Bo\u017cen\u0105 rozm\u00f3wi si\u0119 p\u00f3\u017aniej.<\/p>\n<p class=\"Paragraph_desktopParagraph__U31Gm\">\u2014 Ach, to, wiecie\u2026 taka ma\u0142a odskocznia. Dobrze czasem gdzie\u015b pojecha\u0107, przewietrzy\u0107 g\u0142ow\u0119.<\/p>\n<p class=\"Paragraph_desktopParagraph__U31Gm\">\u2014 Te\u017c bym tak ch\u0119tnie odskoczy\u0142a \u2014 prychn\u0119\u0142a Lusia Soli\u0144ska, szturchaj\u0105c siedz\u0105cego obok ma\u0142\u017conka. \u2014 No ale wiecie, ten tu nigdy na to nie pozwoli. Dwie marne pensje nauczycielskie, no i nie zostawiliby\u015bmy dzieciak\u00f3w samych, bo na pewno wejd\u0105 w szkod\u0119.<\/p>\n<p class=\"Paragraph_desktopParagraph__U31Gm\">\u2014 Jak ostatnio latem wyjechali\u015bmy na tydzie\u0144 na dzia\u0142k\u0119, to mieszkanie po naszym powrocie wygl\u0105da\u0142o, jakby tajfun przeszed\u0142 \u2014 doda\u0142 jej m\u0105\u017c.<\/p>\n<p class=\"Paragraph_desktopParagraph__U31Gm\">\u2014 Ja na szcz\u0119\u015bcie nie mam tego problemu. \u2014 Zofia u\u015bmiechn\u0119\u0142a si\u0119 z delikatn\u0105 wy\u017cszo\u015bci\u0105. \u2014 Ew\u0119 spokojnie mo\u017cna zostawi\u0107 sam\u0105, bardzo dobrze opiekuje si\u0119 mieszkaniem, sprz\u0105ta, gotuje\u2026<\/p>\n<p class=\"Paragraph_desktopParagraph__U31Gm\">\u2014 Nawet sama sobie szyje! \u2014 wtr\u0105ci\u0142a Bo\u017cena z entuzjazmem. \u2014 Zosia kupi\u0142a jej teraz na studni\u00f3wk\u0119 ch\u0142opaka pi\u0119kny jedwab z Milan\u00f3wka, bo Ewa chce sama zaprojektowa\u0107 sobie kreacj\u0119\u2026<\/p>\n<p class=\"Paragraph_desktopParagraph__U31Gm\">\u2014 To prawda. \u2014 U\u015bmiech Zofii nie gas\u0142. \u2014 Chocia\u017c ostatecznie upar\u0142am si\u0119, \u017ceby uszyli jej sukni\u0119 w Modzie Polskiej. Prosz\u0119 bardzo, projekt mo\u017ce zrobi\u0107 sama, ale nie b\u0119dzie \u015bl\u0119cza\u0142a nad maszyn\u0105. To taki wa\u017cny dzie\u0144\u2026 chc\u0119, by moje dziecko mia\u0142o z tej okazji wszystko, co najlepsze.<\/p>\n<p class=\"Paragraph_desktopParagraph__U31Gm\">\u2014 Trzeba przyzna\u0107, \u017ce Ewa jest bardzo utalentowana \u2014 doda\u0142a Basia. \u2014 I do tego to taka pi\u0119kna dziewczyna\u2026<\/p>\n<p class=\"Paragraph_desktopParagraph__U31Gm\">\u2014 No c\u00f3\u017c\u2026 \u2014 g\u0142os Lusi, cho\u0107 s\u0142odki jak lukier, kry\u0142 w sobie mordercz\u0105 nut\u0119. \u2014 Mo\u017cna zatem powiedzie\u0107, Zosiu, \u017ce jeste\u015b prawdziw\u0105 szcz\u0119\u015bciar\u0105.<\/p>\n<p class=\"Paragraph_desktopParagraph__U31Gm\">Zofia u\u015bmiechn\u0119\u0142a si\u0119 zimno. Przyzwyczai\u0142a si\u0119 do zawistnych komentarzy ma\u0142ych ludzi i nie mia\u0142a zamiaru da\u0107 si\u0119 sprowokowa\u0107. Niech sobie zazdroszcz\u0105.<\/p>\n<p class=\"Paragraph_desktopParagraph__U31Gm\">2<\/p>\n<p class=\"Paragraph_desktopParagraph__U31Gm\">Czwartek, 13 grudnia 1979<\/p>\n<p class=\"Paragraph_desktopParagraph__U31Gm\">ZOFIA NIE NALE\u017bA\u0141A DO KOBIET WYLEWNYCH. Nie znaczy to jednak, \u017ce za fasad\u0105 stoickiego spokoju nie skrywa\u0142a gwa\u0142townych emocji. Wczoraj wieczorem na przyk\u0142ad do sza\u0142u doprowadzi\u0142a j\u0105 informacja, \u017ce Adam zaproponowa\u0142 Ewie, by po raz kolejny zosta\u0142a na noc u niego i tej jego ca\u0142ej El\u017cuni. Wiedzia\u0142a, \u017ce by\u0142y m\u0105\u017c robi to tylko po to, by zagra\u0107 jej na nosie.<\/p>\n<p class=\"Paragraph_desktopParagraph__U31Gm\">Zofia nie lubi\u0142a, gdy c\u00f3rka nocowa\u0142a poza domem lub p\u00f3\u017ano wraca\u0142a. Adam doskonale o tym wiedzia\u0142. Jednak pro\u015bby i t\u0142umaczenia nie pomaga\u0142y, a w niej buzowa\u0142o poczucie niesprawiedliwo\u015bci. Nie do\u015b\u0107, \u017ce zostawi\u0142 j\u0105 sam\u0105 z dorastaj\u0105c\u0105 c\u00f3rk\u0105 i odszed\u0142 do innej, to jeszcze teraz specjalnie robi\u0142 jej na z\u0142o\u015b\u0107, a sam udawa\u0142 wzorowego tatusia.<\/p>\n<p class=\"Paragraph_desktopParagraph__U31Gm\">Ale ona, Zofia, te\u017c mia\u0142a swoje sprawy i swoje tajemnice. I gdy Adam dowie si\u0119 jakie, to zzielenieje z zazdro\u015bci. A ona wreszcie odczuje satysfakcj\u0119 p\u0142yn\u0105c\u0105 ze s\u0142odkiej zemsty.<\/p>\n<p class=\"Paragraph_desktopParagraph__U31Gm\">3<\/p>\n<p class=\"Paragraph_desktopParagraph__U31Gm\">Pi\u0105tek, 14 grudnia 1979<\/p>\n<p class=\"Paragraph_desktopParagraph__U31Gm\">PACH!<\/p>\n<p class=\"Paragraph_desktopParagraph__U31Gm\">Wielka \u015bnie\u017cna kula trafi\u0142a go prosto w plecy, a po chwili jego uszu dobieg\u0142 g\u0142o\u015bny, zara\u017aliwy \u015bmiech.<\/p>\n<p class=\"Paragraph_desktopParagraph__U31Gm\">\u2014 Ewka? \u2014 Obr\u00f3ci\u0142 si\u0119. \u2014 To ty?<\/p>\n<p class=\"Paragraph_desktopParagraph__U31Gm\">\u2014 No przecie\u017c, \u017ce ja, ty gapo! \u2014 Dziewczyna podbieg\u0142a i cmokn\u0119\u0142a go czule.<\/p>\n<p class=\"Paragraph_desktopParagraph__U31Gm\">Mia\u0142a na sobie modny d\u0142ugi ko\u017cuch, a na g\u0142owie czapk\u0119 z lisa, spod kt\u00f3rej na ramiona sp\u0142ywa\u0142y g\u0119ste br\u0105zowe w\u0142osy. Wielkie oczy b\u0142yszcza\u0142y, usta rozci\u0105gn\u0119\u0142y si\u0119 w \u0142obuzerskim u\u015bmiechu. Zar\u00f3\u017cowione od mrozu policzki tylko podkre\u015bla\u0142y jej mleczn\u0105 cer\u0119. Codziennie uderza\u0142o go, jaka by\u0142a pi\u0119kna, a do tego inteligentna i \u017cywio\u0142owa. Ale\u017c mia\u0142 szcz\u0119\u015bcie, \u017ce trafi\u0142a mu si\u0119 taka dziewczyna. I \u017ce spo\u015br\u00f3d tylu innych wybra\u0142a w\u0142a\u015bnie jego.<\/p>\n<p class=\"Paragraph_desktopParagraph__U31Gm\">\u2014 My\u015bla\u0142em, \u017ce ko\u0144czysz dopiero za godzin\u0119 \u2014 zdziwi\u0142 si\u0119. \u2014 Chcia\u0142em wst\u0105pi\u0107 do domu, \u017ceby zostawi\u0107 ksi\u0105\u017cki, i wyj\u015b\u0107 po ciebie.<\/p>\n<p class=\"Paragraph_desktopParagraph__U31Gm\">\u2014 Odwo\u0142ali nam ostatni\u0105 lekcj\u0119. \u2014 Mrugn\u0119\u0142a weso\u0142o.<\/p>\n<p class=\"Paragraph_desktopParagraph__U31Gm\">Uczyli si\u0119 w Liceum im. Czackiego, jednym z najlepszych w Warszawie, cho\u0107 to nie w szkole si\u0119 poznali. Sta\u0142o si\u0119 to w lipcu, gdy Wojtek spotka\u0142 Ew\u0119 na letnim obozie sportowym w Szczawnicy. Zapalony siatkarz i jeden z najlepszych graczy w dru\u017cynie m\u0119skiej, cieszy\u0142 si\u0119 na wyje\u017adzie tak wielkim powodzeniem, \u017ce nareszcie o\u015bmieli\u0142 si\u0119 spr\u00f3bowa\u0107 szcz\u0119\u015bcia z pi\u0119kn\u0105 filigranow\u0105 brunetk\u0105, kt\u00f3r\u0105 dot\u0105d podziwia\u0142 z daleka.<\/p>\n<p class=\"Paragraph_desktopParagraph__U31Gm\">Na obozie sp\u0119dzali razem ka\u017cd\u0105 woln\u0105 chwil\u0119, ale powr\u00f3t do Warszawy jeszcze scementowa\u0142 ich uczucia. A gdy Ewa wyjecha\u0142a z matk\u0105 na dwa tygodnie do Sopotu, on z rodzicami za\u015b do Zakopanego, dzwonili do siebie co drugi dzie\u0144.<\/p>\n<p class=\"Paragraph_desktopParagraph__U31Gm\">Pocz\u0105tek szko\u0142y pozwoli\u0142 wypracowa\u0107 now\u0105 rutyn\u0119. Po lekcjach szli do Ewy, je\u015bli tylko jej matka mia\u0142a dy\u017cur w Telewizji. Co prawda mieszka\u0142 tam tak\u017ce ten dziwny go\u015b\u0107, sublokator, kt\u00f3ry zajmowa\u0142 u pani Czajkowskiej pok\u00f3j, ale na szcz\u0119\u015bcie zazwyczaj wpada\u0142 tylko na chwil\u0119, zamyka\u0142 si\u0119 u siebie, po czym znowu gdzie\u015b znika\u0142.<\/p>\n<p class=\"Paragraph_desktopParagraph__U31Gm\">\u2014 Idziemy do mnie? \u2014 zapyta\u0142a Ewa, u\u015bmiechaj\u0105c si\u0119 zalotnie.<\/p>\n<p class=\"Paragraph_desktopParagraph__U31Gm\">Zawaha\u0142 si\u0119.<\/p>\n<p class=\"Paragraph_desktopParagraph__U31Gm\">\u2014 A to nie jest aby dzie\u0144, kiedy twoja mama ma wolne?<\/p>\n<p class=\"Paragraph_desktopParagraph__U31Gm\">Unios\u0142a brwi.<\/p>\n<p class=\"Paragraph_desktopParagraph__U31Gm\">\u2014 A co? Boisz si\u0119, \u017ce ci\u0119 przep\u0119dzi kijem? Nie martw si\u0119. Ona jest uprzedzaj\u0105co mi\u0142a dla ludzi, kt\u00f3rych dobrze nie zna.<\/p>\n<p class=\"Paragraph_desktopParagraph__U31Gm\">Wojtek si\u0119 zarumieni\u0142. Prawda by\u0142a taka, \u017ce troch\u0119 denerwowa\u0142 si\u0119 perspektyw\u0105 poznania pani Czajkowskiej. Cho\u0107 Ewa prawie o niej nie wspomina\u0142a, wiedzia\u0142 od jej przyjaci\u00f3\u0142ek, Karoliny i Justyny, \u017ce matka trzyma j\u0105 kr\u00f3tko i jest bardzo wymagaj\u0105ca. Co sobie pomy\u015bli o nim?<\/p>\n<p class=\"Paragraph_desktopParagraph__U31Gm\">Co prawda, mimo kilkumiesi\u0119cznej za\u017cy\u0142o\u015bci, mi\u0119dzy Ew\u0105 a nim do niczego powa\u017cniejszego jeszcze nie dosz\u0142o \u2014 dziewczyna nie by\u0142a gotowa, a on nie chcia\u0142 naciska\u0107. Ale co, je\u015bli pani Zofia wysnuje w\u0142asne wnioski? Przecie\u017c nie b\u0119d\u0105 si\u0119 przed ni\u0105 t\u0142umaczy\u0107.<\/p>\n<p class=\"Paragraph_desktopParagraph__U31Gm\">\u2014 Nie martw si\u0119, kochanie. \u2014 Dziewczyna poklepa\u0142a go uspokajaj\u0105co po ramieniu. \u2014 Owszem, ma wolne, ale gdy wychodzi\u0142am rano do szko\u0142y, gdzie\u015b si\u0119 szykowa\u0142a i uprzedzi\u0142a, \u017cebym zrobi\u0142a sobie obiad, bo wr\u00f3ci p\u00f3\u017ano. W og\u00f3le ostatnio du\u017co czasu sp\u0119dza poza domem.<\/p>\n<p class=\"Paragraph_desktopParagraph__U31Gm\">\u2014 Gdzie? \u2014 zainteresowa\u0142 si\u0119 Wojtek.<\/p>\n<p class=\"Paragraph_desktopParagraph__U31Gm\">Dziewczyna wzruszy\u0142a ramionami.<\/p>\n<p class=\"Paragraph_desktopParagraph__U31Gm\">\u2014 Nie wiem \u2014 powiedzia\u0142a spokojnie. \u2014 Nie t\u0142umaczy mi si\u0119 przecie\u017c.<\/p>\n<p class=\"Paragraph_desktopParagraph__U31Gm\">4<\/p>\n<p class=\"Paragraph_desktopParagraph__U31Gm\">Poniedzia\u0142ek, 17 grudnia 1979<\/p>\n<p class=\"Paragraph_desktopParagraph__U31Gm\">\u2014 NO, TO KARPIE NA WIGILI\u0118 nam przytrzymaj\u0105 w rybnym, um\u00f3wi\u0142am si\u0119 z ekspedientk\u0105 \u2014 wylicza\u0142a El\u017cbieta. \u2014 Jarzyny na sa\u0142atk\u0119 te\u017c ju\u017c mam, barszcz zakisi\u0142a moja siostra na pocz\u0105tku grudnia, a jutro przyjdzie po pracy, b\u0119dziemy klei\u0107 pierogi i uszka. Mi\u0119so ojciec za\u0142atwi\u0142 u nich na wsi, wi\u0119c na pierwszy dzie\u0144 \u015bwi\u0105t te\u017c wszystko w zasadzie mam. Jeszcze tylko \u015bledzie mi przywie\u017a, na Mirowskiej na pewno b\u0119d\u0105. \u2014 Zrobi\u0142a pe\u0142n\u0105 oczekiwania pauz\u0119, ale Adam si\u0119 nie odezwa\u0142. My\u015blami by\u0142 bardzo daleko. \u2014 Kochanie, czy ty mnie w og\u00f3le s\u0142uchasz? Co\u015b ci\u0119 gryzie? Chodzi o prac\u0119? Wiesz, co o tym s\u0105dz\u0119. Zanadto si\u0119 przejmujesz cudzym partactwem. Nie na wszystko mo\u017cesz mie\u0107 wp\u0142yw.<\/p>\n<p class=\"Paragraph_desktopParagraph__U31Gm\">Pokr\u0119ci\u0142 g\u0142ow\u0105.<\/p>\n<p class=\"Paragraph_desktopParagraph__U31Gm\">\u2014 Nie, to nie to. Chodzi o tego nowego sublokatora u Zofii. Przedwczoraj, gdy odwozi\u0142em Ew\u0119 do domu, natkn\u0105\u0142em si\u0119 na niego. Facet jest dziwny. Mrukliwy, skryty. Ledwo si\u0119 odezwa\u0142. Gdy tylko wchodzi do mieszkania, zamyka si\u0119 w swoim pokoju i bardzo pilnuje, by nikt tam do niego nie zajrza\u0142.<\/p>\n<p class=\"Paragraph_desktopParagraph__U31Gm\">\u2014 I? Martwisz si\u0119?<\/p>\n<p class=\"Paragraph_desktopParagraph__U31Gm\">\u2014 Wiesz, \u017ce od pocz\u0105tku nie podoba\u0142 mi si\u0119 pomys\u0142, by kto\u015b obcy tam mieszka\u0142. Ale Zofia si\u0119 upar\u0142a, \u017ce mieszkanie du\u017ce, po rozwodzie jeden pok\u00f3j stoi pusty, a jej dodatkowe pieni\u0105dze zawsze si\u0119 przydadz\u0105. Nie odzywa\u0142em si\u0119, bo to jej dom, a ja od czasu wyprowadzki nie mam \u017cadnego tytu\u0142u, by m\u00f3wi\u0107 jej, jak ma \u017cy\u0107. No i oficjalnie najemc\u0105 jest przedsi\u0119biorstwo, a nie przypadkowa osoba prywatna. To Energomonta\u017c kieruje do Zo\u015bki swoich pracownik\u00f3w, wi\u0119c w zasadzie sprawa jest bezpieczna. Z tego, co wiem od Ewy, wszyscy poprzedni lokatorzy byli w porz\u0105dku, g\u0142\u00f3wnie m\u0142odzi technicy lub pocz\u0105tkuj\u0105cy in\u017cynierowie na dorobku. Nie wchodzili w szkod\u0119, robili wszystko, by jak najszybciej si\u0119 jako\u015b tu w Warszawie urz\u0105dzi\u0107.<\/p>\n<p class=\"Paragraph_desktopParagraph__U31Gm\">\u2014 To co ci\u0119 zaniepokoi\u0142o tym razem?<\/p>\n<p class=\"Paragraph_desktopParagraph__U31Gm\">\u2014 Ten ca\u0142y Szcz\u0119sny\u2026 nie ufam mu po prostu. Mam wra\u017cenie, \u017ce co\u015b ukrywa. Wiesz, taki podejrzany facecik z rozbieganymi oczami. I widzia\u0142em, jak patrzy\u0142 na Ew\u0119\u2026<\/p>\n<p class=\"Paragraph_desktopParagraph__U31Gm\">\u2014 A, wi\u0119c to o to chodzi\u2026 Boisz si\u0119 o ni\u0105?<\/p>\n<p class=\"Paragraph_desktopParagraph__U31Gm\">\u2014 Zofia jest doros\u0142a i mo\u017ce robi\u0107, co chce. Ale nie \u017cycz\u0119 sobie, by nara\u017ca\u0142a moje dziecko.<\/p>\n<p class=\"Paragraph_desktopParagraph__U31Gm\">\u2014 Porozmawiasz z ni\u0105?<\/p>\n<p class=\"Paragraph_desktopParagraph__U31Gm\">\u2014 Spr\u00f3buj\u0119.<\/p>\n<p class=\"Paragraph_desktopParagraph__U31Gm\">\u2014 A sama Ewa? Boi si\u0119 go?<\/p>\n<p class=\"Paragraph_desktopParagraph__U31Gm\">\u2014 Wiesz, jaka ona jest. Nawet je\u015bli co\u015b j\u0105 niepokoi, to nie powie tego g\u0142o\u015bno. Mnie powiedzia\u0142a tylko, \u017ce facet jest bezproblemowy, bo do domu wraca p\u00f3\u017ano i bardzo cz\u0119sto wyje\u017cd\u017ca albo gdzie\u015b znika.<\/p>\n<p class=\"Paragraph_desktopParagraph__U31Gm\">El\u017cbieta niepewnie poruszy\u0142a si\u0119 na krze\u015ble.<\/p>\n<p class=\"Paragraph_desktopParagraph__U31Gm\">\u2014 Wiesz, \u017ce mog\u0142aby u nas zamieszka\u0107. Przecie\u017c i tak cz\u0119sto tu bywa. Chcia\u0142abym, \u017ceby wiedzia\u0142a, \u017ce nasz dom jest tak\u017ce jej domem.<\/p>\n<p class=\"Paragraph_desktopParagraph__U31Gm\">\u2014 I jestem ci za to niesamowicie wdzi\u0119czny, skarbie. \u2014 Adam nachyli\u0142 si\u0119 i delikatnie j\u0105 poca\u0142owa\u0142. \u2014 Ale Zo\u015bka ju\u017c i tak ma pretensje, gdy Ewa zostaje u nas na noc. Wi\u0119c sam nie chc\u0119 niczego sugerowa\u0107.<\/p>\n<p class=\"Paragraph_desktopParagraph__U31Gm\">\u2014 To pogadasz z ni\u0105 przynajmniej o tym sublokatorze? \u017beby na niego uwa\u017ca\u0142a?<\/p>\n<p class=\"Paragraph_desktopParagraph__U31Gm\">Adam nie odzywa\u0142 si\u0119 przez chwil\u0119.<\/p>\n<p class=\"Paragraph_desktopParagraph__U31Gm\">\u2014 Zastanowi\u0119 si\u0119, jak to ugry\u017a\u0107 \u2014 obieca\u0142. \u2014 Ale mo\u017ce niepotrzebnie si\u0119 tak martwi\u0119? W ko\u0144cu facet mieszka oficjalnie, mo\u017ce troch\u0119 jest dziwakiem, ale to jeszcze nie zbrodnia. Zreszt\u0105\u2026 \u2014 pomy\u015bla\u0142 chwil\u0119 \u2014 co najgorszego mog\u0142oby si\u0119 sta\u0107?<\/p>\n<p><img decoding=\"async\" class=\"Image_image__0tuHp Image_autoHeight__f2n87 \" height=\"400\" width=\"257\" src=\"https:\/\/www.europesays.com\/pl\/wp-content\/uploads\/2026\/01\/Eptk9kpTURBXy82ZDZhY2ViN2IyNjI0NWJlYjMyOWQ5Nzc3ODlkYzZkZC5qcGeTlQMAAM0BAc0BkJUCzQOsAMLDlQIAzQJLwsPeA.jpeg\" alt=\"Fragment pochodzi z ksi\u0105\u017cki &quot;Martwe kwiaty&quot; Marty Reich, Pr\u00f3szy\u0144ski i S-ka, 2026 r. \" loading=\"lazy\" \/>Partner Pr\u00f3szy\u0144ski i S-ka<\/p>\n<p>Fragment pochodzi z ksi\u0105\u017cki &#8222;Martwe kwiaty&#8221; Marty Reich, Pr\u00f3szy\u0144ski i S-ka, 2026 r. <\/p>\n<p>O autorce ksi\u0105\u017cki &#8222;Martwe kwiaty&#8221; <\/p>\n<p class=\"Paragraph_desktopParagraph__U31Gm\">Marta Reich studiowa\u0142a stosunki mi\u0119dzynarodowe, ekonomi\u0119 i romanistyk\u0119. Od wielu lat \u0142\u0105czy pasj\u0119 pisarsk\u0105 z prac\u0105 w mi\u0119dzynarodowych korporacjach. Kocha kryminalne zagadki i klimatyczne historie, kt\u00f3rych nastr\u00f3j wci\u0105ga bez reszty. Nie mog\u0142aby obej\u015b\u0107 si\u0119 bez ksi\u0105\u017cek, sztuki, kawy, rozm\u00f3w do rana i kulinarnych eksperyment\u00f3w. Autorka ksi\u0105\u017cek kryminalnych i obyczajowych. &#8222;Martwe kwiaty&#8221; to jej pierwsza powie\u015b\u0107 true crime, \u0142\u0105cz\u0105ca w sobie oba te gatunki.<\/p>\n<p class=\"Paragraph_desktopParagraph__U31Gm\">[REKLAMA]<\/p>\n<p class=\"Paragraph_desktopParagraph__U31Gm\"><a rel=\"nofollow noopener\" href=\"https:\/\/www.proszynski.pl\" id=\"50ffe7ad-8f31-42a6-a261-8ab559e28cee\" target=\"_blank\">&#8222;Martwe kwiaty&#8221;, Marta Reich, Pr\u00f3szy\u0144ski i S-ka, 2026 r.<\/a><\/p>\n","protected":false},"excerpt":{"rendered":"Luty 1980 r. Podczas rutynowego patrolu dw\u00f3ch pracownik\u00f3w warszawskich zak\u0142ad\u00f3w komunalnych dokonuje szokuj\u0105cego odkrycia. W dryfuj\u0105cym po Jeziorku&hellip;\n","protected":false},"author":2,"featured_media":202127,"comment_status":"","ping_status":"","sticky":false,"template":"","format":"standard","meta":{"footnotes":""},"categories":[12],"tags":[1009,32,33,36,37,30571,27,261,34,35,28,31,53,25,52,68,51,55,42,38,40,39,41,38868,47,29,30,50,26],"class_list":{"0":"post-202126","1":"post","2":"type-post","3":"status-publish","4":"format-standard","5":"has-post-thumbnail","7":"category-polska","8":"tag-anejus","9":"tag-breaking-news","10":"tag-breakingnews","11":"tag-featured-news","12":"tag-featurednews","13":"tag-fragment_ksiazki","14":"tag-headlines","15":"tag-kultura","16":"tag-latest-news","17":"tag-latestnews","18":"tag-naglowki","19":"tag-najwazniejsze-artykuly","20":"tag-new_header","21":"tag-news","22":"tag-onet3","23":"tag-onet3d","24":"tag-onet3d_2i","25":"tag-phx","26":"tag-pl","27":"tag-poland","28":"tag-polish","29":"tag-polska","30":"tag-polski","31":"tag-proszynski_i_s_ka","32":"tag-screening_general","33":"tag-top-stories","34":"tag-topstories","35":"tag-v2021","36":"tag-wiadomosci"},"share_on_mastodon":{"url":"https:\/\/pubeurope.com\/@pl\/115888859750377401","error":""},"_links":{"self":[{"href":"https:\/\/www.europesays.com\/pl\/wp-json\/wp\/v2\/posts\/202126","targetHints":{"allow":["GET"]}}],"collection":[{"href":"https:\/\/www.europesays.com\/pl\/wp-json\/wp\/v2\/posts"}],"about":[{"href":"https:\/\/www.europesays.com\/pl\/wp-json\/wp\/v2\/types\/post"}],"author":[{"embeddable":true,"href":"https:\/\/www.europesays.com\/pl\/wp-json\/wp\/v2\/users\/2"}],"replies":[{"embeddable":true,"href":"https:\/\/www.europesays.com\/pl\/wp-json\/wp\/v2\/comments?post=202126"}],"version-history":[{"count":0,"href":"https:\/\/www.europesays.com\/pl\/wp-json\/wp\/v2\/posts\/202126\/revisions"}],"wp:featuredmedia":[{"embeddable":true,"href":"https:\/\/www.europesays.com\/pl\/wp-json\/wp\/v2\/media\/202127"}],"wp:attachment":[{"href":"https:\/\/www.europesays.com\/pl\/wp-json\/wp\/v2\/media?parent=202126"}],"wp:term":[{"taxonomy":"category","embeddable":true,"href":"https:\/\/www.europesays.com\/pl\/wp-json\/wp\/v2\/categories?post=202126"},{"taxonomy":"post_tag","embeddable":true,"href":"https:\/\/www.europesays.com\/pl\/wp-json\/wp\/v2\/tags?post=202126"}],"curies":[{"name":"wp","href":"https:\/\/api.w.org\/{rel}","templated":true}]}}