{"id":202211,"date":"2026-01-13T17:44:08","date_gmt":"2026-01-13T17:44:08","guid":{"rendered":"https:\/\/www.europesays.com\/pl\/202211\/"},"modified":"2026-01-13T17:44:08","modified_gmt":"2026-01-13T17:44:08","slug":"pokazal-niepublikowane-nagranie-z-kolaczkowska-tesknota-i-niezgoda-rozrywka-o2","status":"publish","type":"post","link":"https:\/\/www.europesays.com\/pl\/202211\/","title":{"rendered":"Pokaza\u0142 niepublikowane nagranie z Ko\u0142aczkowsk\u0105. &quot;T\u0119sknota i niezgoda&quot; &#8211; Rozrywka o2"},"content":{"rendered":"<ol>\n<li><a href=\"https:\/\/news.google.com\/rss\/articles\/CBMitAFBVV95cUxON3lYdWRFNXZ0MXc4U05BZWlzbVA1STlGT1lQU1VFeFdvbHFVeUxxeDZKM3loc09oMUxrc0VvSlpucDFWMGRuOC1ZY1VmMFhjTExybzFrdzV2X1kxT2JvdXVra2ttTzU3Y2dMRkJkUnlWMGVwSy13SUx4R3lZQlRnMmpnWm9ZUVdXODlJeXNYWVJIYTY2cE4zTVU5TjdQQ0ZCakNGVHVsMlZfd2hVNlNJczhHVVE?oc=5\" target=\"_blank\" rel=\"nofollow noopener\">Pokaza\u0142 niepublikowane nagranie z Ko\u0142aczkowsk\u0105. &#8222;T\u0119sknota i niezgoda&#8221;<\/a>&nbsp;&nbsp;Rozrywka o2<\/li>\n<li><a href=\"https:\/\/news.google.com\/rss\/articles\/CBMirgFBVV95cUxQT3ZKNXZNelY0WjJGQy1uNW90U29WdEJmc08yQV8yQjhZY1VQM3E4UXpoOXJYclhYbDBvaGNQdlBpTWZFZEZyUWlqeTU1QndaNFBDVjc2NDBxT2JFR1hLZDl1Z0NqcnE3SjRhWHBtSnFNVmN3dmkzcDlkS1dOYmU2RzF0YlhlTEphMEVFWUhrVnhubFROejZQd0JHS3NiUkgwc1JxdURaYXJORXR1Mnc?oc=5\" target=\"_blank\" rel=\"nofollow noopener\">P\u00f3\u0142 roku po \u015bmierci Ko\u0142aczkowskiej g\u0142os zabra\u0142 jej przyjaciel. Opublikowa\u0142 zaskakuj\u0105ce nagranie<\/a>&nbsp;&nbsp;Pomponik.pl<\/li>\n<li><a href=\"https:\/\/news.google.com\/rss\/articles\/CBMitAFBVV95cUxQRThXYUlzUkNQTVBqWno3ajNRWWUwQk9XdGo3VWxNc01TTEhGbnB4cEs3dEtscWJNQ2VkcF9aUkZnUWYySE9yaUl5QWdtdDB3Tll0dGNYX0hXTGhUWjRpV0JpT3QtUmU1VEFWcTdUdkVsbFRyWm8ycllrcC1lUkxrLUMxallkdWVzRGd5cFdFcW5VT1VhcXUzYm51cHZ5ZTFaTUs4WGlHSzdUcDFSWVUyNG0zYkk?oc=5\" target=\"_blank\" rel=\"nofollow noopener\">Przyjaciel Joanny Ko\u0142aczkowskiej pokaza\u0142 wideo z w\u0142asnego archiwum. Fani poruszeni<\/a>&nbsp;&nbsp;Plejada<\/li>\n<li><a href=\"https:\/\/news.google.com\/rss\/articles\/CBMisAFBVV95cUxNWW1BTVVfdEdlN2MwUC1tZzNKRExXb0hNWExSZjlzVFN1WmtrMVk5RVBXZlVNcGpxVnhjSVpNZ0VKcHlfQWRFQmdBTkxBNk5qU2t6eGVVZGxqZlo3RS1jX3Y4RExndnNDM0JnSTkxdVZhRy1YSVJndnVyUzR3aWRXcjN5LW1SdkdNYjJUSTdJcFREQk1ZN2R4NVVMY1VpYWNZdVJ0eU5jdTgxRVN6SXpuWg?oc=5\" target=\"_blank\" rel=\"nofollow noopener\">Joanna Ko\u0142aczkowska wraca na archiwalnym nagraniu. Fani nie kryj\u0105 wzruszenia<\/a>&nbsp;&nbsp;Fakt<\/li>\n<li><a href=\"https:\/\/news.google.com\/rss\/articles\/CBMikwFBVV95cUxNX0xWLW1xbk9qTmQtQlpQcm9jZkNVVDh3RXB0blhmQjYxSENZaXZKLUxSYUd5UFZYMWZGaTJxVVJEeHhVcGpLNVZ5SEw3X2JGTWM5MTFJdUxscVNoMTRxaWR4bTFPZGpTSFk4akp0VUoyZFdRV1paYWp6c1oyN2M3T0VxYVk5VGhsQi1OX0UtUUl5Nlk?oc=5\" target=\"_blank\" rel=\"nofollow noopener\">Joanna Ko\u0142aczkowska stare nagranie. Przyjaciel pokaza\u0142<\/a>&nbsp;&nbsp;Kozaczek<\/li>\n<\/ol>\n","protected":false},"excerpt":{"rendered":"Pokaza\u0142 niepublikowane nagranie z Ko\u0142aczkowsk\u0105. &#8222;T\u0119sknota i niezgoda&#8221;&nbsp;&nbsp;Rozrywka o2 P\u00f3\u0142 roku po \u015bmierci Ko\u0142aczkowskiej g\u0142os zabra\u0142 jej przyjaciel.&hellip;\n","protected":false},"author":2,"featured_media":202212,"comment_status":"","ping_status":"","sticky":false,"template":"","format":"standard","meta":{"footnotes":""},"categories":[22],"tags":[122,42,38,40,39,41,123],"class_list":{"0":"post-202211","1":"post","2":"type-post","3":"status-publish","4":"format-standard","5":"has-post-thumbnail","7":"category-rozrywka","8":"tag-entertainment","9":"tag-pl","10":"tag-poland","11":"tag-polish","12":"tag-polska","13":"tag-polski","14":"tag-rozrywka"},"share_on_mastodon":{"url":"https:\/\/pubeurope.com\/@pl\/115889036511597678","error":""},"_links":{"self":[{"href":"https:\/\/www.europesays.com\/pl\/wp-json\/wp\/v2\/posts\/202211","targetHints":{"allow":["GET"]}}],"collection":[{"href":"https:\/\/www.europesays.com\/pl\/wp-json\/wp\/v2\/posts"}],"about":[{"href":"https:\/\/www.europesays.com\/pl\/wp-json\/wp\/v2\/types\/post"}],"author":[{"embeddable":true,"href":"https:\/\/www.europesays.com\/pl\/wp-json\/wp\/v2\/users\/2"}],"replies":[{"embeddable":true,"href":"https:\/\/www.europesays.com\/pl\/wp-json\/wp\/v2\/comments?post=202211"}],"version-history":[{"count":0,"href":"https:\/\/www.europesays.com\/pl\/wp-json\/wp\/v2\/posts\/202211\/revisions"}],"wp:featuredmedia":[{"embeddable":true,"href":"https:\/\/www.europesays.com\/pl\/wp-json\/wp\/v2\/media\/202212"}],"wp:attachment":[{"href":"https:\/\/www.europesays.com\/pl\/wp-json\/wp\/v2\/media?parent=202211"}],"wp:term":[{"taxonomy":"category","embeddable":true,"href":"https:\/\/www.europesays.com\/pl\/wp-json\/wp\/v2\/categories?post=202211"},{"taxonomy":"post_tag","embeddable":true,"href":"https:\/\/www.europesays.com\/pl\/wp-json\/wp\/v2\/tags?post=202211"}],"curies":[{"name":"wp","href":"https:\/\/api.w.org\/{rel}","templated":true}]}}