{"id":202318,"date":"2026-01-13T18:51:06","date_gmt":"2026-01-13T18:51:06","guid":{"rendered":"https:\/\/www.europesays.com\/pl\/202318\/"},"modified":"2026-01-13T18:51:06","modified_gmt":"2026-01-13T18:51:06","slug":"rosja-przejmuje-oddzialy-polskiej-firmy-putin-wydal-dekret-money-pl","status":"publish","type":"post","link":"https:\/\/www.europesays.com\/pl\/202318\/","title":{"rendered":"Rosja przejmuje oddzia\u0142y polskiej firmy. Putin wyda\u0142 dekret &#8211; Money.pl"},"content":{"rendered":"<ol>\n<li><a href=\"https:\/\/news.google.com\/rss\/articles\/CBMiswFBVV95cUxOSkw2TVZCSE9zdUNFVGM0S0dxMlFBYmNyY1hTYmJmVjA2c2hUWXJuRENLdTk2aGRXYkxrQ2I2WXpfWFgydk5oYUd4bTdqMjZONnJiUHVSUm52eHRZX29UUHU0SGpVWlQ2REFMLTlOSkJtLTgtUXpYUVdHOGVQRGJvTE01WWJxbnR4TTdsa2sxd3Z3Sl9OTVoyRGh1OVo5eHZ2aE1DNS1aaGQ1NjJwS0VKeTJQQQ?oc=5\" target=\"_blank\" rel=\"nofollow noopener\">Rosja przejmuje oddzia\u0142y polskiej firmy. Putin wyda\u0142 dekret<\/a>&nbsp;&nbsp;Money.pl<\/li>\n<li><a href=\"https:\/\/news.google.com\/rss\/articles\/CBMiqAFBVV95cUxQaFpoUDh5MWloVC05cHRoUEVONEZxeWlhVTIwbi1mOGwxbHNKOW9sRFgxTE9ISERTd2tRRUhXZW9WajlZV05YUGxaeW85YzJlTzV0WHktZXRVUVIwSUFCZjlIcTU0N3BrOUt1ZW9OUVh6UTVNTk4tTDU3bmp4TUN4ZDNkSmNzN253ZWp2eWFEQ2ZtM3QyMjBpZ25vcE54dGI1QkNrMUNPRmQ?oc=5\" target=\"_blank\" rel=\"nofollow noopener\">Dekret z podpisem Putina. Rosja przejmuje oddzia\u0142y polskiej firmy<\/a>&nbsp;&nbsp;Onet Wiadomo\u015bci<\/li>\n<li><a href=\"https:\/\/news.google.com\/rss\/articles\/CBMixgFBVV95cUxOLWx5MGFqQko2d0pENm0wY2s2cHZrQlh2SXlwN0FvZHVPQlc3b01IY3BaT1BwSU1PWjBpZ1lLY2tBR2txU0ZxNDlGajE5NnBWd3QyeVZOYjl6UldpZWNzNGdrd2R2Zy1jZkJlQzF1TEhQS2tnVV92MEo1cUo3bEVVYzdiT0xVcF9PQ3c3cFhnQndweDZTLTI5YjNCc0lrOFdrenlFWkJGbk9yR2pzSWpuZWh4aXJlQm5YNDJBUGhtVDRBdC1RY2c?oc=5\" target=\"_blank\" rel=\"nofollow noopener\">Na mocy dekretu Putina Rosja przejmuje oddzia\u0142y polskiej firmy<\/a>&nbsp;&nbsp;RMF24<\/li>\n<li><a href=\"https:\/\/news.google.com\/rss\/articles\/CBMixgFBVV95cUxPd0FVWm9JcFpJenJfMlVBSktBZDRJRVl5WmxRSVVOUnhkeUFDMk5hcUJzazdVZ2gtVFJQZVZkN1dnSUFWakpPUlVrSzNNTEdQVzhnZG5LX0N5b0hqNjVWdWxqTEpscnJuT3oxWXZuTzViV2g0RkNqbURDRWV4dEoxdk9BZUNvVFN6MTA5RGllbm82UWoweE5BRXpHUU1xLWhTSVVRN29veUFOSU96Z2owOC16WFFvcUpCUjVodlRmSHRDZDgtRlE?oc=5\" target=\"_blank\" rel=\"nofollow noopener\">Dekret z podpisem W\u0142adimira Putina. Rosja przejmuje oddzia\u0142y polskiej firmy<\/a>&nbsp;&nbsp;Onet<\/li>\n<\/ol>\n","protected":false},"excerpt":{"rendered":"Rosja przejmuje oddzia\u0142y polskiej firmy. Putin wyda\u0142 dekret&nbsp;&nbsp;Money.pl Dekret z podpisem Putina. Rosja przejmuje oddzia\u0142y polskiej firmy&nbsp;&nbsp;Onet Wiadomo\u015bci&hellip;\n","protected":false},"author":2,"featured_media":202319,"comment_status":"","ping_status":"","sticky":false,"template":"","format":"standard","meta":{"footnotes":""},"categories":[12],"tags":[32,33,36,37,27,34,35,28,31,25,42,38,40,39,41,29,30,26],"class_list":{"0":"post-202318","1":"post","2":"type-post","3":"status-publish","4":"format-standard","5":"has-post-thumbnail","7":"category-polska","8":"tag-breaking-news","9":"tag-breakingnews","10":"tag-featured-news","11":"tag-featurednews","12":"tag-headlines","13":"tag-latest-news","14":"tag-latestnews","15":"tag-naglowki","16":"tag-najwazniejsze-artykuly","17":"tag-news","18":"tag-pl","19":"tag-poland","20":"tag-polish","21":"tag-polska","22":"tag-polski","23":"tag-top-stories","24":"tag-topstories","25":"tag-wiadomosci"},"share_on_mastodon":{"url":"https:\/\/pubeurope.com\/@pl\/115889300002311357","error":""},"_links":{"self":[{"href":"https:\/\/www.europesays.com\/pl\/wp-json\/wp\/v2\/posts\/202318","targetHints":{"allow":["GET"]}}],"collection":[{"href":"https:\/\/www.europesays.com\/pl\/wp-json\/wp\/v2\/posts"}],"about":[{"href":"https:\/\/www.europesays.com\/pl\/wp-json\/wp\/v2\/types\/post"}],"author":[{"embeddable":true,"href":"https:\/\/www.europesays.com\/pl\/wp-json\/wp\/v2\/users\/2"}],"replies":[{"embeddable":true,"href":"https:\/\/www.europesays.com\/pl\/wp-json\/wp\/v2\/comments?post=202318"}],"version-history":[{"count":0,"href":"https:\/\/www.europesays.com\/pl\/wp-json\/wp\/v2\/posts\/202318\/revisions"}],"wp:featuredmedia":[{"embeddable":true,"href":"https:\/\/www.europesays.com\/pl\/wp-json\/wp\/v2\/media\/202319"}],"wp:attachment":[{"href":"https:\/\/www.europesays.com\/pl\/wp-json\/wp\/v2\/media?parent=202318"}],"wp:term":[{"taxonomy":"category","embeddable":true,"href":"https:\/\/www.europesays.com\/pl\/wp-json\/wp\/v2\/categories?post=202318"},{"taxonomy":"post_tag","embeddable":true,"href":"https:\/\/www.europesays.com\/pl\/wp-json\/wp\/v2\/tags?post=202318"}],"curies":[{"name":"wp","href":"https:\/\/api.w.org\/{rel}","templated":true}]}}