{"id":202339,"date":"2026-01-13T19:06:07","date_gmt":"2026-01-13T19:06:07","guid":{"rendered":"https:\/\/www.europesays.com\/pl\/202339\/"},"modified":"2026-01-13T19:06:07","modified_gmt":"2026-01-13T19:06:07","slug":"chcieli-wylaczyc-prad-w-calej-polsce-slady-prowadza-do-moskwy","status":"publish","type":"post","link":"https:\/\/www.europesays.com\/pl\/202339\/","title":{"rendered":"Chcieli wy\u0142\u0105czy\u0107 pr\u0105d w ca\u0142ej Polsce. \u015alady prowadz\u0105 do Moskwy"},"content":{"rendered":"<p>Wicepremier i\u00a0minister cyfryzacji Krzysztof Gawkowski przekaza\u0142 we wtorek, \u017ce grudniowe, nieudane pr\u00f3by uderzenia w\u00a0infrastruktur\u0119 energetyczn\u0105 by\u0142y najpewniej dzia\u0142aniem sabota\u017cowym przypisywanym Rosji. Podkre\u015bli\u0142, \u017ce ataki mia\u0142y zdestabilizowa\u0107 sytuacj\u0119 w\u00a0Polsce. <\/p>\n<p>To potwierdza wcze\u015bniejsze doniesienia o\u00a0ataku na instalacje wytwarzaj\u0105ce energi\u0119 elektryczn\u0105 pod koniec 2025 r., o\u00a0kt\u00f3rych informowa\u0142 te\u017c minister energii Mi\u0142osz Motyka.<\/p>\n<p>Gawkowski wskaza\u0142 w\u00a0rozmowie radiowej, \u017ce scenariusz sabota\u017cu jest najbardziej prawdopodobny. Zaznaczy\u0142, \u017ce atak by\u0142 wymierzony w\u00a0kluczowe elementy systemu energetycznego i\u00a0mia\u0142 konkretny efekt do osi\u0105gni\u0119cia. Minister energii wcze\u015bniej m\u00f3wi\u0142 o\u00a0nieudanym ataku cybernetycznym na szereg instalacji, co wpisuje si\u0119 w\u00a0opisywany przez rz\u0105dowe \u017ar\u00f3d\u0142a schemat dzia\u0142a\u0144 hybrydowych.<\/p>\n<p>Wicepremier zaapelowa\u0142 o\u00a0spok\u00f3j. Podkre\u015bli\u0142, \u017ce odpowiedzialne s\u0142u\u017cby pozostaj\u0105 w\u00a0gotowo\u015bci, a\u00a0procedury bezpiecze\u0144stwa zadzia\u0142a\u0142y. Dzi\u0119ki temu pr\u00f3by zak\u0142\u00f3cenia pracy systemu nie przynios\u0142y skutku. &#8211; Mamy dobrze przygotowane instytucje, w\u00a0zwi\u0105zku z\u00a0czym nie nale\u017cy panikowa\u0107 &#8211;\u00a0m\u00f3wi\u0142 w\u00a0RMF FM Krzysztof Gawkowski.<\/p>\n<p>Jakie by\u0142y cele atakuj\u0105cych i\u00a0jakie wnioski p\u0142yn\u0105 dla bezpiecze\u0144stwa energetycznego? <\/p>\n<p>Wed\u0142ug Gawkowskiego, intencja by\u0142a jednoznaczna: wywo\u0142anie przerwy w\u00a0dostawach pr\u0105du na szerok\u0105 skal\u0119. &#8211; To by\u0142 najwi\u0119kszy od lat atak na infrastruktur\u0119 energetyczn\u0105 z\u00a0jasnym celem: doprowadzi\u0107 do blackoutu &#8211;\u00a0zaznaczy\u0142 wicepremier.<\/p>\n<p>S\u0142u\u017cby wywiadowcze pa\u0144stw NATO od miesi\u0119cy ostrzegaj\u0105, \u017ce Rosja prowadzi w\u00a0Europie coraz bardziej agresywn\u0105 &#8222;wojn\u0119 cieni&#8221;, a\u00a0energetyka jest jednym z\u00a0jej ulubionych cel\u00f3w. Zanim rosyjskie czo\u0142gi ruszy\u0142y na Kij\u00f3w w\u00a02022 roku, Ukraina przez lata by\u0142a &#8222;poligonem do\u015bwiadczalnym&#8221; dla rosyjskich haker\u00f3w.<\/p>\n<ul>\n<li>Ju\u017c w\u00a02015 roku cyberatak grupy powi\u0105zanej z\u00a0rosyjskim wywiadem (Sandworm) wy\u0142\u0105czy\u0142 pr\u0105d dla ponad 200 tys. mieszka\u0144c\u00f3w obwodu iwanofrankiwskiego. By\u0142 to pierwszy w\u00a0historii potwierdzony przypadek doprowadzenia do blackoutu za pomoc\u0105 wirusa komputerowego.<\/li>\n<li>Rok p\u00f3\u017aniej, w\u00a02016 roku, podobny atak (u\u017cycie z\u0142o\u015bliwego oprogramowania Industroyer) odci\u0105\u0142 zasilanie w\u00a0cz\u0119\u015bci Kijowa.<\/li>\n<li>Obecnie, w\u00a0trakcie pe\u0142noskalowej wojny, Rosja \u0142\u0105czy ataki rakietowe na elektrownie z\u00a0nieustannymi pr\u00f3bami parali\u017cu cyfrowego, by zim\u0105 pozbawi\u0107 Ukrai\u0144c\u00f3w ogrzewania i\u00a0\u015bwiat\u0142a.<\/li>\n<\/ul>\n<p>W ostatnich kilkunastu miesi\u0105cach pa\u0144stwa zachodnie odnotowuj\u0105 skokowy wzrost akt\u00f3w sabota\u017cu, za kt\u00f3rymi &#8211;\u00a0wed\u0142ug ustale\u0144 lokalnych s\u0142u\u017cb &#8211;\u00a0stoj\u0105 ludzie op\u0142acani przez Moskw\u0119. Cel tych dzia\u0142a\u0144 jest jasny. <\/p>\n<p>To wywo\u0142anie chaosu, podniesienie koszt\u00f3w \u017cycia (poprzez wzrost cen energii) oraz przetestowanie, jak szybko i\u00a0skutecznie pa\u0144stwa NATO potrafi\u0105 reagowa\u0107 na sytuacje kryzysowe.<\/p>\n<p>\u0179r\u00f3d\u0142o PAP, Wirtualna Polska<\/p>\n","protected":false},"excerpt":{"rendered":"Wicepremier i\u00a0minister cyfryzacji Krzysztof Gawkowski przekaza\u0142 we wtorek, \u017ce grudniowe, nieudane pr\u00f3by uderzenia w\u00a0infrastruktur\u0119 energetyczn\u0105 by\u0142y najpewniej dzia\u0142aniem&hellip;\n","protected":false},"author":2,"featured_media":202340,"comment_status":"","ping_status":"","sticky":false,"template":"","format":"standard","meta":{"footnotes":""},"categories":[5],"tags":[32,33,36,37,27,34,35,28,31,25,42,38,40,39,41,29,30,26],"class_list":{"0":"post-202339","1":"post","2":"type-post","3":"status-publish","4":"format-standard","5":"has-post-thumbnail","7":"category-naglowki","8":"tag-breaking-news","9":"tag-breakingnews","10":"tag-featured-news","11":"tag-featurednews","12":"tag-headlines","13":"tag-latest-news","14":"tag-latestnews","15":"tag-naglowki","16":"tag-najwazniejsze-artykuly","17":"tag-news","18":"tag-pl","19":"tag-poland","20":"tag-polish","21":"tag-polska","22":"tag-polski","23":"tag-top-stories","24":"tag-topstories","25":"tag-wiadomosci"},"share_on_mastodon":{"url":"https:\/\/pubeurope.com\/@pl\/115889359030013135","error":""},"_links":{"self":[{"href":"https:\/\/www.europesays.com\/pl\/wp-json\/wp\/v2\/posts\/202339","targetHints":{"allow":["GET"]}}],"collection":[{"href":"https:\/\/www.europesays.com\/pl\/wp-json\/wp\/v2\/posts"}],"about":[{"href":"https:\/\/www.europesays.com\/pl\/wp-json\/wp\/v2\/types\/post"}],"author":[{"embeddable":true,"href":"https:\/\/www.europesays.com\/pl\/wp-json\/wp\/v2\/users\/2"}],"replies":[{"embeddable":true,"href":"https:\/\/www.europesays.com\/pl\/wp-json\/wp\/v2\/comments?post=202339"}],"version-history":[{"count":0,"href":"https:\/\/www.europesays.com\/pl\/wp-json\/wp\/v2\/posts\/202339\/revisions"}],"wp:featuredmedia":[{"embeddable":true,"href":"https:\/\/www.europesays.com\/pl\/wp-json\/wp\/v2\/media\/202340"}],"wp:attachment":[{"href":"https:\/\/www.europesays.com\/pl\/wp-json\/wp\/v2\/media?parent=202339"}],"wp:term":[{"taxonomy":"category","embeddable":true,"href":"https:\/\/www.europesays.com\/pl\/wp-json\/wp\/v2\/categories?post=202339"},{"taxonomy":"post_tag","embeddable":true,"href":"https:\/\/www.europesays.com\/pl\/wp-json\/wp\/v2\/tags?post=202339"}],"curies":[{"name":"wp","href":"https:\/\/api.w.org\/{rel}","templated":true}]}}