{"id":202343,"date":"2026-01-13T19:08:07","date_gmt":"2026-01-13T19:08:07","guid":{"rendered":"https:\/\/www.europesays.com\/pl\/202343\/"},"modified":"2026-01-13T19:08:07","modified_gmt":"2026-01-13T19:08:07","slug":"stanislaw-brudny-zmarl-rok-temu-tydzien-przed-smiercia-byl-jeszcze-na-scenie","status":"publish","type":"post","link":"https:\/\/www.europesays.com\/pl\/202343\/","title":{"rendered":"Stanis\u0142aw Brudny zmar\u0142 rok temu. Tydzie\u0144 przed \u015bmierci\u0105 by\u0142 jeszcze na scenie"},"content":{"rendered":"<p>Stanis\u0142aw Brudny wyst\u0119powa\u0142 do samego ko\u0144ca<\/p>\n<p class=\"typography ids-typeset-body ids-typeset-body--preset-large link paragraph ids-paragraph ids-paragraph--default\"><a href=\"https:\/\/www.pomponik.pl\/tagi-stanislaw-brudny,tId,148461\" target=\"_self\" rel=\"nofollow noopener\">Stanis\u0142aw Brudny<\/a> zmar\u0142 13 stycznia 2025 roku. Cho\u0107 mia\u0142 w\u00f3wczas 94 lata &#8211; wyst\u0119powa\u0142 do samego ko\u0144ca. Premiery niekt\u00f3rych tytu\u0142\u00f3w ze swoim udzia\u0142em nie doczeka\u0142. Filmy &#8222;Dalej, jazda&#8221; i &#8222;Akademia Pana Kleksa&#8221; wesz\u0142y na ekrany tu\u017c przed jego odej\u015bciem, za to &#8222;Pani od polskiego&#8221; trafi\u0142 do dystrybucji kilka miesi\u0119cy p\u00f3\u017aniej.<\/p>\n<p class=\"typography ids-typeset-body ids-typeset-body--preset-large link paragraph ids-paragraph ids-paragraph--default\">O ironio, nied\u0142ugo przed odej\u015bciem sam zast\u0105pi\u0142 zmar\u0142ego Zygmunta Malanowicza, w spektaklu &#8222;Odyseja&#8221; Krzysztofa Warlikowskiego. Jeszcze tydzie\u0144 przed \u015bmierci\u0105 wyst\u0119powa\u0142 na scenie Teatru Studio.<\/p>\n<p class=\"typography ids-typeset-body ids-typeset-body--preset-large link paragraph ids-paragraph ids-paragraph--default\">&#8222;Jeszcze tydzie\u0144 temu by\u0142 na scenie. Zdawa\u0142 sobie spraw\u0119 z tego, \u017ce co\u015b jest z nim nie dobrze, ale nie by\u0142 tego pewien, \u017ce tak bardzo jest z nim nie dobrze. Powiedzia\u0142, \u017ce nie ma si\u0142y. [&#8230;] Liczy\u0142 pewnie na to, \u017ce odpocznie i b\u0119dzie gra\u0142 dalej. Niestety kilka dni p\u00f3\u017aniej ju\u017c go w\u015br\u00f3d nas nie ma&#8221; &#8211; przyzna\u0142 jego kolega z teatru, Zbigniew Wr\u00f3bel, w rozmowie z Polskim Radiem.<\/p>\n<p>Ewa Chodakowska o relacji z Lewandowsk\u0105. Co my\u015bli o diecie gwiazd?pomponik.pl<\/p>\n<p>Stanis\u0142aw Brudny wr\u00f3ci\u0142 do swojej rodzinnej miejscowo\u015bci<\/p>\n<p class=\"typography ids-typeset-body ids-typeset-body--preset-large link paragraph ids-paragraph ids-paragraph--default\">Aktor urodzi\u0142 si\u0119 w Pil\u017anie, niewielkiej miejscowo\u015bci w wojew\u00f3dztwie podkarpackim. Cho\u0107 p\u00f3\u017aniej przeprowadzi\u0142 si\u0119 do Warszawy, ze swoim rodzinnym regionem by\u0142 zwi\u0105zany ca\u0142e \u017cycie. Przyje\u017cd\u017ca\u0142 tam, by &#8211; jak sam m\u00f3wi\u0142 &#8211; wyciszy\u0107 si\u0119 po intensywnych chwilach w stolicy. Odwiedza\u0142 te\u017c ukochane uzdrowisko w pobliskim Latoszynie, kt\u00f3re pami\u0119ta\u0142 jeszcze z dzieci\u0144stwa.<\/p>\n<p class=\"typography ids-typeset-body ids-typeset-body--preset-large link paragraph ids-paragraph ids-paragraph--default\">&#8222;Cz\u0119sto spotykali\u015bmy si\u0119 w jego domu rodzinnym w Pil\u017anie. Wsiada\u0142 w samoch\u00f3d w Warszawie, pokonywa\u0142 kilkaset kilometr\u00f3w i robi\u0142 zakupy [&#8230;], \u017ceby obdarowa\u0107 wieczorem na pr\u00f3bie koleg\u00f3w z Warszawy&#8221; &#8211; wspomina\u0142 Wr\u00f3bel w cytowanym wywiadzie.<\/p>\n<p class=\"typography ids-typeset-body ids-typeset-body--preset-large link paragraph ids-paragraph ids-paragraph--default\">Podr\u00f3\u017ce w te tereny zawsze mia\u0142y dla niego wyj\u0105tkowy wymiar sentymentalny. Na koniec Brudny wr\u00f3ci\u0142 do Pilzna &#8211; zosta\u0142 pochowany na miejscowym cmentarzu, w rodzinnym grobie, tu\u017c obok \u017cony.<\/p>\n<p>Stanis\u0142aw Brudny by\u0142 &#8222;najmilszym i najwspanialszym aktorem&#8221;<\/p>\n<p class=\"typography ids-typeset-body ids-typeset-body--preset-large link paragraph ids-paragraph ids-paragraph--default\">Wszyscy, kt\u00f3rzy pracowali ze Stanis\u0142awem Brudnym, powtarzaj\u0105 jedno &#8211; nikt nie dor\u00f3wnywa\u0142 mu w serdeczno\u015bci i \u017cyczliwo\u015bci do ludzi.<\/p>\n<p class=\"typography ids-typeset-body ids-typeset-body--preset-large link paragraph ids-paragraph ids-paragraph--default\">&#8222;To bardzo ciep\u0142y, dobry i m\u0105dry cz\u0142owiek&#8221; &#8211; m\u00f3wi\u0142 o nim re\u017cyser Waldemar Modestowicz dla Polskiego Radia.<\/p>\n<p class=\"typography ids-typeset-body ids-typeset-body--preset-large link paragraph ids-paragraph ids-paragraph--default\">&#8222;Zmar\u0142 najmilszy i najwspanialszy aktor, jakiego pozna\u0142em i z kt\u00f3rym mia\u0142em przyjemno\u015b\u0107 pracowa\u0107. \u017begnaj, Stasie\u0144ku&#8221; &#8211; napisa\u0142 o nim w sieci Cezary Pazura.<\/p>\n<p class=\"typography ids-typeset-body ids-typeset-body--preset-large link paragraph ids-paragraph ids-paragraph--default\">&#8222;Stasiu, Stasie\u0144ku. Jeste\u015b samym dobrem, kt\u00f3re zostanie ze mn\u0105 i z tymi, kt\u00f3rzy mieli szcz\u0119\u015bcie ci\u0119 w \u017cyciu spotka\u0107 i pozna\u0107 twoje pi\u0119kno i m\u0105dro\u015b\u0107&#8221; &#8211; \u017cegna\u0142 si\u0119 z nim Modest Ruci\u0144ski.<\/p>\n<p class=\"typography ids-typeset-body ids-typeset-body--preset-large link paragraph ids-paragraph ids-paragraph--default\">Podobnie m\u00f3wi\u0142a o nim te\u017c Joanna Szczepkowska, kt\u00f3ra dziwi\u0142a si\u0119, jakim sposobem w \u015bwiecie tak pe\u0142nym goryczy i przykro\u015bci uchowa\u0142 si\u0119 kto\u015b ca\u0142kiem &#8222;nietkni\u0119ty&#8221; tymi negatywnymi wp\u0142ywami.<\/p>\n<p class=\"typography ids-typeset-body ids-typeset-body--preset-large link paragraph ids-paragraph ids-paragraph--default\">Zobacz te\u017c:<\/p>\n<p class=\"typography ids-typeset-body ids-typeset-body--preset-large link paragraph ids-paragraph ids-paragraph--default\"><a href=\"https:\/\/www.pomponik.pl\/plotki\/news-legendarny-aktor-od-dawna-planowal-swoj-pogrzeb-te-slowa-chw,nId,7892235\" target=\"_self\" rel=\"nofollow noopener\">Legendarny aktor od dawna planowa\u0142 sw\u00f3j pogrzeb. Te s\u0142owa chwytaj\u0105 za serce<\/a><\/p>\n<p class=\"typography ids-typeset-body ids-typeset-body--preset-large link paragraph ids-paragraph ids-paragraph--default\"><a href=\"https:\/\/www.pomponik.pl\/plotki\/news-wzruszony-cezary-pazura-przekazal-zasmucajace-wiesci-zegnaj,nId,7891177\" target=\"_self\" rel=\"nofollow noopener\">Wzruszony Cezary Pazura przekaza\u0142 zasmucaj\u0105ce wie\u015bci. &#8222;\u017begnaj Stasie\u0144ku&#8221;<\/a><\/p>\n<p class=\"typography ids-typeset-body ids-typeset-body--preset-large link paragraph ids-paragraph ids-paragraph--default\"><a href=\"https:\/\/www.pomponik.pl\/gwiazdy-telewizji\/news-nie-ma-juz-watpliwosci-ws-macieja-i-mateusza-damieckich-akto,nId,22507905\" target=\"_self\" rel=\"nofollow noopener\">Mateusz Dami\u0119cki wyzna\u0142 to przy grobie ojca. Nie ma ju\u017c w\u0105tpliwo\u015bci<\/a><\/p>\n<p>Czytaj tak\u017ce:<a id=\"a-img\" class=\"hl-6\"><img class=\"hl-8\"\/><\/a><a id=\"a-main\" class=\"hl-9\"\/>Halo! Wejd\u017a na <a id=\"halo-text-a\" href=\"https:\/\/halotu.polsat.pl#parametr=link_halo\" rel=\"nofollow noopener\" target=\"_blank\">halotu.polsat.pl<\/a> i nie przegap naj\u015bwie\u017cszych informacji z poranka w Polsacie.<\/p>\n","protected":false},"excerpt":{"rendered":"Stanis\u0142aw Brudny wyst\u0119powa\u0142 do samego ko\u0144ca Stanis\u0142aw Brudny zmar\u0142 13 stycznia 2025 roku. Cho\u0107 mia\u0142 w\u00f3wczas 94 lata&hellip;\n","protected":false},"author":2,"featured_media":202344,"comment_status":"","ping_status":"","sticky":false,"template":"","format":"standard","meta":{"footnotes":""},"categories":[22],"tags":[122,42,38,40,39,41,123],"class_list":{"0":"post-202343","1":"post","2":"type-post","3":"status-publish","4":"format-standard","5":"has-post-thumbnail","7":"category-rozrywka","8":"tag-entertainment","9":"tag-pl","10":"tag-poland","11":"tag-polish","12":"tag-polska","13":"tag-polski","14":"tag-rozrywka"},"share_on_mastodon":{"url":"https:\/\/pubeurope.com\/@pl\/115889366911620302","error":""},"_links":{"self":[{"href":"https:\/\/www.europesays.com\/pl\/wp-json\/wp\/v2\/posts\/202343","targetHints":{"allow":["GET"]}}],"collection":[{"href":"https:\/\/www.europesays.com\/pl\/wp-json\/wp\/v2\/posts"}],"about":[{"href":"https:\/\/www.europesays.com\/pl\/wp-json\/wp\/v2\/types\/post"}],"author":[{"embeddable":true,"href":"https:\/\/www.europesays.com\/pl\/wp-json\/wp\/v2\/users\/2"}],"replies":[{"embeddable":true,"href":"https:\/\/www.europesays.com\/pl\/wp-json\/wp\/v2\/comments?post=202343"}],"version-history":[{"count":0,"href":"https:\/\/www.europesays.com\/pl\/wp-json\/wp\/v2\/posts\/202343\/revisions"}],"wp:featuredmedia":[{"embeddable":true,"href":"https:\/\/www.europesays.com\/pl\/wp-json\/wp\/v2\/media\/202344"}],"wp:attachment":[{"href":"https:\/\/www.europesays.com\/pl\/wp-json\/wp\/v2\/media?parent=202343"}],"wp:term":[{"taxonomy":"category","embeddable":true,"href":"https:\/\/www.europesays.com\/pl\/wp-json\/wp\/v2\/categories?post=202343"},{"taxonomy":"post_tag","embeddable":true,"href":"https:\/\/www.europesays.com\/pl\/wp-json\/wp\/v2\/tags?post=202343"}],"curies":[{"name":"wp","href":"https:\/\/api.w.org\/{rel}","templated":true}]}}