{"id":202348,"date":"2026-01-13T19:11:10","date_gmt":"2026-01-13T19:11:10","guid":{"rendered":"https:\/\/www.europesays.com\/pl\/202348\/"},"modified":"2026-01-13T19:11:10","modified_gmt":"2026-01-13T19:11:10","slug":"szwajcaria-zabojstwo-mezczyzny-36-letnia-polka-wsrod-zatrzymanych","status":"publish","type":"post","link":"https:\/\/www.europesays.com\/pl\/202348\/","title":{"rendered":"Szwajcaria. Zab\u00f3jstwo m\u0119\u017cczyzny. 36-letnia Polka w\u015br\u00f3d zatrzymanych"},"content":{"rendered":"<p>&#13;<br \/>\n        \tSzwajcarska policja prowadzi \u015bledztwo w sprawie \u015bmierci m\u0119\u017cczyzny, kt\u00f3rego cia\u0142o odnaleziono w sobotni wiecz\u00f3r w jednym z budynk\u00f3w mieszkalnych w miejscowo\u015bci Marly, w kantonie Fryburg. W zwi\u0105zku ze spraw\u0105 zatrzymano cztery osoby, w tym 36-letni\u0105 obywatelk\u0119 Polski. Post\u0119powanie prowadzone jest pod k\u0105tem zab\u00f3jstwa.&#13;\n        \t<\/p>\n<p>Szwajcarska policja zatrzyma\u0142a cztery osoby w sprawie zab\u00f3jstwa m\u0119\u017cczyzny w Marly. Jedn\u0105 z nich jest Polka<\/p>\n<p>Jak podaje Szwajcarska Agencja Informacyjna, do tragicznego zdarzenia dosz\u0142o w sobot\u0119 wieczorem. Po otrzymaniu zg\u0142oszenia funkcjonariusze policji kantonalnej z Fryburga udali si\u0119 do jednego z blok\u00f3w mieszkalnych. Tam znale\u017ali m\u0119\u017cczyzn\u0119 z powa\u017cnymi obra\u017ceniami.<\/p>\n<p>Zab\u00f3jstwo w Szwajcarii. 36-letnia Polka w\u015br\u00f3d zatrzymanych<\/p>\n<p>Pomimo podj\u0119tych dzia\u0142a\u0144 ratunkowych jego \u017cycia nie uda\u0142o si\u0119 uratowa\u0107. Podczas pierwszych czynno\u015bci \u015bledczy zatrzymali cztery osoby: 36-letni\u0105 obywatelk\u0119 Polski, 28-letniego obywatela S\u0142owacji oraz dw\u00f3ch Ukrai\u0144c\u00f3w. Wszyscy zostali osadzeni w areszcie \u015bledczym i s\u0105 do dyspozycji prokuratury.<\/p>\n<p>\u00a0<\/p>\n<p>ZOBACZ: <a href=\"https:\/\/www.polsatnews.pl\/wiadomosc\/2026-01-10\/polacy-utkneli-na-norweskiej-gorze-nastolatkow-szuka-ekipa-wojskowego-smiglowca\/\" rel=\"nofollow noopener\" target=\"_blank\">Akcja ratunkowa w Norwegii. Nastolatkowie z Polski zgubili si\u0119 w g\u00f3rach, ekstremalne warunki<\/a><\/p>\n<p>\u00a0<\/p>\n<p>Prokuratura kantonu Fryburg prowadzi dochodzenie pod k\u0105tem zab\u00f3jstwa oraz nieudzielenia pomocy osobie znajduj\u0105cej si\u0119 w stanie zagro\u017cenia \u017cycia. Na obecnym etapie \u015bledztwa nie ujawniono ani to\u017csamo\u015bci ofiary, ani relacji, jakie \u0142\u0105czy\u0142y j\u0105 z zatrzymanymi. Policja nie podaje r\u00f3wnie\u017c szczeg\u00f3\u0142\u00f3w dotycz\u0105cych okoliczno\u015bci zdarzenia.<\/p>\n<p>\u00a0<\/p>\n<p>\u015aledczy podkre\u015blaj\u0105, \u017ce sprawa ma charakter rozwojowy, a kolejne informacje b\u0119d\u0105 przekazywane po przeprowadzeniu dalszych czynno\u015bci dowodowych, w tym przes\u0142ucha\u0144 i ekspertyz kryminalistycznych.<\/p>\n<p>\u00a0<\/p>\n<p>Widzia\u0142e\u015b co\u015b wa\u017cnego? Przy\u015blij zdj\u0119cie, film lub napisz, co si\u0119 sta\u0142o. Skorzystaj z naszej <a href=\"https:\/\/www.polsatnews.pl\/platforma-widzow\/\" target=\"_blank\" rel=\"noopener noreferrer nofollow\">Wrzutni<\/a><\/p>\n<p>                <img decoding=\"async\" src=\"https:\/\/www.europesays.com\/pl\/wp-content\/uploads\/2026\/01\/2663o263cpo6wgnouzptfseejicz8ztr.jpg\" alt=\"\" itemprop=\"contentUrl\" style=\"position:absolute; width: 100%; max-height: 100%;\"\/><video controls=\"\" controlslist=\"nodownload\" poster=\"https:\/\/www.europesays.com\/pl\/wp-content\/uploads\/2026\/01\/2663o263cpo6wgnouzptfseejicz8ztr.jpg\" class=\"videoPlayer player6856605 news__video\" data-id=\"6856605\">Twoja przegl\u0105darka nie wspiera odtwarzacza wideo&#8230;<\/video><\/p>\n<p>                <a class=\"news__read-more-button\" href=\"https:\/\/www.polsatnews.pl\/\" rel=\"nofollow noopener\" target=\"_blank\">Czytaj wi\u0119cej<\/a><\/p>\n<p>\t\t\tChcesz by\u0107 na bie\u017c\u0105co z najnowszymi newsami?<\/p>\n<p class=\"app-ad__preview\">Jeste\u015bmy w aplikacji na Tw\u00f3j telefon. Sprawd\u017a\u00a0nas!<\/p>\n","protected":false},"excerpt":{"rendered":"&#13; Szwajcarska policja prowadzi \u015bledztwo w sprawie \u015bmierci m\u0119\u017cczyzny, kt\u00f3rego cia\u0142o odnaleziono w sobotni wiecz\u00f3r w jednym z&hellip;\n","protected":false},"author":2,"featured_media":202349,"comment_status":"","ping_status":"","sticky":false,"template":"","format":"standard","meta":{"footnotes":""},"categories":[14],"tags":[32,33,27,34,35,28,31,25,40,41,80,29,30,26,82,83,84],"class_list":{"0":"post-202348","1":"post","2":"type-post","3":"status-publish","4":"format-standard","5":"has-post-thumbnail","7":"category-swiat","8":"tag-breaking-news","9":"tag-breakingnews","10":"tag-headlines","11":"tag-latest-news","12":"tag-latestnews","13":"tag-naglowki","14":"tag-najwazniejsze-artykuly","15":"tag-news","16":"tag-polish","17":"tag-polski","18":"tag-swiat","19":"tag-top-stories","20":"tag-topstories","21":"tag-wiadomosci","22":"tag-world","23":"tag-world-news","24":"tag-worldnews"},"share_on_mastodon":{"url":"https:\/\/pubeurope.com\/@pl\/115889378750576734","error":""},"_links":{"self":[{"href":"https:\/\/www.europesays.com\/pl\/wp-json\/wp\/v2\/posts\/202348","targetHints":{"allow":["GET"]}}],"collection":[{"href":"https:\/\/www.europesays.com\/pl\/wp-json\/wp\/v2\/posts"}],"about":[{"href":"https:\/\/www.europesays.com\/pl\/wp-json\/wp\/v2\/types\/post"}],"author":[{"embeddable":true,"href":"https:\/\/www.europesays.com\/pl\/wp-json\/wp\/v2\/users\/2"}],"replies":[{"embeddable":true,"href":"https:\/\/www.europesays.com\/pl\/wp-json\/wp\/v2\/comments?post=202348"}],"version-history":[{"count":0,"href":"https:\/\/www.europesays.com\/pl\/wp-json\/wp\/v2\/posts\/202348\/revisions"}],"wp:featuredmedia":[{"embeddable":true,"href":"https:\/\/www.europesays.com\/pl\/wp-json\/wp\/v2\/media\/202349"}],"wp:attachment":[{"href":"https:\/\/www.europesays.com\/pl\/wp-json\/wp\/v2\/media?parent=202348"}],"wp:term":[{"taxonomy":"category","embeddable":true,"href":"https:\/\/www.europesays.com\/pl\/wp-json\/wp\/v2\/categories?post=202348"},{"taxonomy":"post_tag","embeddable":true,"href":"https:\/\/www.europesays.com\/pl\/wp-json\/wp\/v2\/tags?post=202348"}],"curies":[{"name":"wp","href":"https:\/\/api.w.org\/{rel}","templated":true}]}}