{"id":202378,"date":"2026-01-13T19:28:07","date_gmt":"2026-01-13T19:28:07","guid":{"rendered":"https:\/\/www.europesays.com\/pl\/202378\/"},"modified":"2026-01-13T19:28:07","modified_gmt":"2026-01-13T19:28:07","slug":"byly-prezes-polskiego-klubu-mial-przez-lata-gwalcic-dzieci-grozi-mu-dozywocie","status":"publish","type":"post","link":"https:\/\/www.europesays.com\/pl\/202378\/","title":{"rendered":"By\u0142y prezes polskiego klubu mia\u0142 przez lata gwa\u0142ci\u0107 dzieci. Grozi mu do\u017cywocie"},"content":{"rendered":"<p class=\"art_paragraph\">Tomasz M. odpowie przed <a href=\"https:\/\/www.sport.pl\/sad#anchorLink\" rel=\"nofollow noopener\" target=\"_blank\">s\u0105dem<\/a> za\u00a0gwa\u0142ty i inne czynno\u015bci\u00a0seksualne, a\u00a0tak\u017ce\u00a0m.in. prezentowanie ma\u0142oletnim tre\u015bci pornograficznych. Dla \u015brodowiska sportowego w Ostro\u0142\u0119ce to ogromny szok: oskar\u017cony by\u0142 znanym dzia\u0142aczem pi\u0142karskim, by\u0142ym prezesem Narwi, a tak\u017ce, jak podaje portal moja-ostroleka.pl, autorem\u00a0publikacji o historii <a href=\"https:\/\/www.sport.pl\/wf\/0,0.html#anchorLink\" rel=\"nofollow noopener\" target=\"_blank\">sportu<\/a>, cz\u0142onkiem zarz\u0105du\u00a0ciechanowsko-ostro\u0142\u0119ckiego Zwi\u0105zku <a href=\"https:\/\/www.sport.pl\/pilka\/7,65039,32455400,wydal-rekordowe-miliony-zaliczyl-falstart-co-teraz-zrobi-polski.html#anchorLink\" rel=\"nofollow noopener\" target=\"_blank\">Pi\u0142ki No\u017cnej<\/a>\u00a0oraz Mazowieckiego Zwi\u0105zku <a href=\"https:\/\/www.sport.pl\/pilka\/0,0.html#anchorLink\" rel=\"nofollow noopener\" target=\"_blank\">Pi\u0142ki No\u017cnej<\/a>, w kt\u00f3rym zajmowa\u0142 si\u0119 pi\u0142k\u0105 kobiec\u0105.\u00a0\u00a0<\/p>\n<p>\n    Zobacz wideo Jak zagra Legia na wiosn\u0119? Papszun: B\u0119dziemy walczy\u0107 o \u017cycie\n  <\/p>\n<p> Zarzuty wobec dzia\u0142acza pi\u0142karskiego. Odpowie za czyny pedofilskie<\/p>\n<p class=\"art_paragraph\">Jak poinformowa\u0142a\u00a0Prokuratura Rejonowa w Ostro\u0142\u0119ce, w sprawie M.\u00a0prowadzone jest \u015bledztwo. Mia\u0142 on dopuszcza\u0107 si\u0119 przest\u0119pstw wobec dziewczynek poni\u017cej 15. roku \u017cycia.<\/p>\n<p class=\"art_paragraph\">&#8211; Tomaszowi M. (39 l.)\u00a0przedstawiono zarzuty zgwa\u0142cenia ma\u0142oletnich poni\u017cej 15. roku \u017cycia, wykorzystania stosunku zale\u017cno\u015bci w celu dopuszczenia si\u0119 wobec nich innych czynno\u015bci seksualnych i wykonania innych czynno\u015bci seksualnych oraz prezentowania ma\u0142oletnim tre\u015bci pornograficznych &#8211; poinformowa\u0142a Edyta \u0141ukasiewicz,\u00a0rzeczniczka Prokuratury Okr\u0119gowej w Ostro\u0142\u0119ce, cytowana przez <a href=\"https:\/\/www.moja-ostroleka.pl\/aktualnosci\/znany-dzialacz-sportowy-byly-prezes-jednego-z-klubow-pilkarskich-z-ostroleki-z-zarzutami-zgwalcenia-dwoch-maloletnich-dziewczynek\" class=\"art_link\" rel=\"nofollow noopener\" target=\"_blank\">portal moja-ostroleka.pl<\/a><\/p>\n<p class=\"art_paragraph\">Wed\u0142ug \u015bledczych, do przest\u0119pstw dochodzi\u0142o przez ponad 3 lata &#8211; a\u017c do sierpnia tego roku.<\/p>\n<p class=\"art_paragraph\">\u00a0&#8211; Przest\u0119pstw przeciwko wolno\u015bci seksualnej na szkod\u0119 ma\u0142oletnich podejrzany Tomasz M. dopuszcza\u0142 si\u0119 w okresie od lipca 2022 r. do sierpnia 2025 r. W tym czasie podejrzany podst\u0119pem dopu\u015bci\u0142 si\u0119 zgwa\u0142cenia dw\u00f3ch ma\u0142oletnich os\u00f3b oraz wielokrotnie przy u\u017cyciu stosunku zale\u017cno\u015bci doprowadzi\u0142 pokrzywdzone osoby do poddania si\u0119 i wykonywania innych czynno\u015bci seksualnych. Latem 2022 r. prezentowa\u0142 dzieciom tre\u015bci pornograficzne. Podczas przes\u0142uchania w Prokuraturze Rejonowej w Ostro\u0142\u0119ce, Tomasz M. nie przyzna\u0142 si\u0119 do przedstawionych mu zarzut\u00f3w i z\u0142o\u017cy\u0142 wyja\u015bnienia \u2013 dodaje prokurator \u0141ukasiewicz na \u0142amach moja-ostroleka.pl.<\/p>\n<p class=\"art_paragraph\">Zobacz te\u017c: <a href=\"https:\/\/www.sport.pl\/pilka\/7,64946,32154544,byly-gwiazdor-arsenalu-stanal-przed-sadem-wstrzasajace-zarzuty.html\" class=\"art_link\" rel=\"dofollow noopener\" target=\"_blank\">By\u0142y gwiazdor Arsenalu stan\u0105\u0142 przed s\u0105dem. Wstrz\u0105saj\u0105ce zarzuty<\/a><\/p>\n<p class=\"art_paragraph\">Tomasz M. trafi\u0142 do aresztu tymczasowego na 3 miesi\u0105ce. Jak poda\u0142a prokuratura, grozi mu kara pozbawienia wolno\u015bci od 5 do 30 lat albo kara do\u017cywotniego pozbawienia wolno\u015bci.\u00a0<\/p>\n<p class=\"art_paragraph\">&#8211; O szczeg\u00f3\u0142ach zdarze\u0144, jakich dopu\u015bci\u0142 si\u0119 Tomasz M. wobec ma\u0142oletnich, z uwagi na dobro ma\u0142oletnich pokrzywdzonych oraz ich charakter, nie mo\u017cemy poinformowa\u0107 opinii publicznej ani te\u017c przedstawicieli medi\u00f3w. Zachowanie podejrzanego opisane zosta\u0142o w przedstawionych mu zarzutach \u2013 informuje prokurator Edyta \u0141ukasiewicz.<\/p>\n","protected":false},"excerpt":{"rendered":"Tomasz M. odpowie przed s\u0105dem za\u00a0gwa\u0142ty i inne czynno\u015bci\u00a0seksualne, a\u00a0tak\u017ce\u00a0m.in. prezentowanie ma\u0142oletnim tre\u015bci pornograficznych. Dla \u015brodowiska sportowego w&hellip;\n","protected":false},"author":2,"featured_media":202379,"comment_status":"","ping_status":"","sticky":false,"template":"","format":"standard","meta":{"footnotes":""},"categories":[24],"tags":[42,38,40,39,41,127,126],"class_list":{"0":"post-202378","1":"post","2":"type-post","3":"status-publish","4":"format-standard","5":"has-post-thumbnail","7":"category-sport","8":"tag-pl","9":"tag-poland","10":"tag-polish","11":"tag-polska","12":"tag-polski","13":"tag-sport","14":"tag-sports"},"share_on_mastodon":{"url":"https:\/\/pubeurope.com\/@pl\/115889445467811746","error":""},"_links":{"self":[{"href":"https:\/\/www.europesays.com\/pl\/wp-json\/wp\/v2\/posts\/202378","targetHints":{"allow":["GET"]}}],"collection":[{"href":"https:\/\/www.europesays.com\/pl\/wp-json\/wp\/v2\/posts"}],"about":[{"href":"https:\/\/www.europesays.com\/pl\/wp-json\/wp\/v2\/types\/post"}],"author":[{"embeddable":true,"href":"https:\/\/www.europesays.com\/pl\/wp-json\/wp\/v2\/users\/2"}],"replies":[{"embeddable":true,"href":"https:\/\/www.europesays.com\/pl\/wp-json\/wp\/v2\/comments?post=202378"}],"version-history":[{"count":0,"href":"https:\/\/www.europesays.com\/pl\/wp-json\/wp\/v2\/posts\/202378\/revisions"}],"wp:featuredmedia":[{"embeddable":true,"href":"https:\/\/www.europesays.com\/pl\/wp-json\/wp\/v2\/media\/202379"}],"wp:attachment":[{"href":"https:\/\/www.europesays.com\/pl\/wp-json\/wp\/v2\/media?parent=202378"}],"wp:term":[{"taxonomy":"category","embeddable":true,"href":"https:\/\/www.europesays.com\/pl\/wp-json\/wp\/v2\/categories?post=202378"},{"taxonomy":"post_tag","embeddable":true,"href":"https:\/\/www.europesays.com\/pl\/wp-json\/wp\/v2\/tags?post=202378"}],"curies":[{"name":"wp","href":"https:\/\/api.w.org\/{rel}","templated":true}]}}