{"id":202396,"date":"2026-01-13T19:39:07","date_gmt":"2026-01-13T19:39:07","guid":{"rendered":"https:\/\/www.europesays.com\/pl\/202396\/"},"modified":"2026-01-13T19:39:07","modified_gmt":"2026-01-13T19:39:07","slug":"wenezuela-wznawia-wydobycie-i-eksport-ropy-dwa-tankowce-opuscily-kraj","status":"publish","type":"post","link":"https:\/\/www.europesays.com\/pl\/202396\/","title":{"rendered":"Wenezuela wznawia wydobycie i eksport ropy. Dwa tankowce opu\u015bci\u0142y kraj"},"content":{"rendered":"<p>Pa\u0144stwowy koncern naftowy Wenezueli w\u0142\u0105czy\u0142 cz\u0119\u015b\u0107 szyb\u00f3w naftowych, a\u00a0eksport ropy zn\u00f3w ruszy\u0142 &#8211;\u00a0podaje Reuters, powo\u0142uj\u0105c si\u0119 na trzy \u017ar\u00f3d\u0142a zbli\u017cone do sektora naftowego. Jak przypomina agencja, w\u00a0grudniu dostawy prawie usta\u0142y z\u00a0powodu ameryka\u0144skich restrykcji &#8211;\u00a0za zgod\u0105 USA surowiec ten mog\u0142a eksportowa\u0107 tylko sp\u00f3\u0142ka Chevron.<\/p>\n<p>Z niezale\u017cnych danych, do kt\u00f3rych dotar\u0142 Reuters, wynika, \u017ce wydobycie ropy w\u00a0Wenezueli w\u00a0zesz\u0142ym tygodniu obni\u017cy\u0142o si\u0119 do ok. 880 tys. bary\u0142ek dziennie wobec 1,16 mln bary\u0142ek tygodniowo w\u00a0listopadzie. Jednocze\u015bnie w\u00a0poniedzia\u0142ek z\u00a0w\u00f3d terytorialnych kraju wyp\u0142yn\u0119\u0142y dwa du\u017ce tankowce, ka\u017cdy z\u00a0\u0142adunkiem 1,9 mln bary\u0142ek. Z danych firmy analitycznej LSEG wynika, \u017ce we wtorek oba statki kierowa\u0142y si\u0119 w\u00a0stron\u0119 Karaib\u00f3w, gdzie wiele sp\u00f3\u0142ek naftowych ma magazyny.<\/p>\n<p>Za poprzedniej kadencji prezydenta USA <a href=\"https:\/\/www.money.pl\/wiadomosci\/donald-trump.html\" rel=\"noopener noreferrer nofollow\" target=\"_blank\">Donalda Trumpa<\/a> (czyli w\u00a0latach 2017-2021) Waszyngton wprowadzi\u0142 strategi\u0119 &#8222;maksymalnej presji&#8221; wobec Caracas, zaostrzaj\u0105c sankcje na wenezuelski sektor naftowy. Ograniczenia doprowadzi\u0142y do zamkni\u0119cia cz\u0119\u015bci szyb\u00f3w i\u00a0gwa\u0142townego ograniczenia eksportu. To w\u0142a\u015bnie te restrykcje sta\u0142y za grudniowym niemal ca\u0142kowitym zatrzymaniem wysy\u0142ek.<\/p>\n<p>Na pocz\u0105tku roku USA przeprowadzi\u0142y w\u00a0Wenezueli operacj\u0119, kt\u00f3rej efektem by\u0142o pojmanie prezydenta Nicolasa Maduro i\u00a0przewiezienie go do Stan\u00f3w. Departament Stanu poinformowa\u0142 w\u00a0sobot\u0119, \u017ce obywatele <a href=\"https:\/\/www.money.pl\/wiadomosci\/usa.html\" rel=\"noopener noreferrer nofollow\" target=\"_blank\">USA<\/a> przebywaj\u0105cy w\u00a0Wenezueli <a href=\"https:\/\/www.money.pl\/gospodarka\/usa-wzywaja-obywateli-aby-natychmiast-opuscili-wenezuele-7242181945936384a.html\" rel=\"noopener noreferrer nofollow\" target=\"_blank\">powinni niezw\u0142ocznie opu\u015bci\u0107 kraj<\/a>. W\u00a0komunikacie wskazano na rosn\u0105ce zagro\u017cenie ze strony uzbrojonych formacji.<\/p>\n<p>Rz\u0105d Wenezueli zapowiedzia\u0142 z\u00a0kolei &#8222;rozpocz\u0119cie eksploracyjnego procesu dyplomatycznego&#8221; ze Stanami Zjednoczonymi &#8222;maj\u0105cego na celu przywr\u00f3cenie dzia\u0142alno\u015bci misji dyplomatycznych w\u00a0obu krajach&#8221;. W\u00a0o\u015bwiadczeniu opublikowanym w\u00a0pi\u0105tek na Telegramie wyja\u015bniono, \u017ce dzia\u0142ania te maj\u0105 s\u0142u\u017cy\u0107 &#8222;usuni\u0119ciu skutk\u00f3w agresji i\u00a0porwania&#8221; prezydenta Nicolasa Maduro oraz jego ma\u0142\u017conki, Cilii Flores, a\u00a0tak\u017ce &#8222;opracowaniu programu roboczego w\u00a0kwestiach wzajemnego zainteresowania&#8221;.<\/p>\n<p>Pe\u0142ni\u0105ca obowi\u0105zki prezydenta Wenezueli Delcy Rodriguez zapewni\u0142a w\u00a0poniedzia\u0142ek, \u017ce to jej rz\u0105d sprawuje w\u0142adz\u0119 w\u00a0Wenezueli. Odnios\u0142a si\u0119 do wpisu Donalda Trumpa, sugeruj\u0105cego, \u017ce to on kontroluje po\u0142udniowoameryka\u0144ski kraj. \u2013 Potwierdzamy suwerenno\u015b\u0107 i\u00a0niepodleg\u0142o\u015b\u0107 Wenezueli. Widzia\u0142am karykatury na Wikipedii o\u00a0tym, kto rz\u0105dzi w\u00a0Wenezueli. Jest tu rz\u0105d, kt\u00f3ry sprawuje w\u0142adz\u0119 w\u00a0Wenezueli \u2013\u00a0powiedzia\u0142a Rodriguez w\u00a0pa\u0144stwowej telewizji VTV.<\/p>\n<p>Podkre\u015bli\u0142a, \u017ce pe\u0142ni obowi\u0105zki szefa pa\u0144stwa, natomiast prezydentem pozostaje Nicolas Maduro, kt\u00f3rego okre\u015bli\u0142a jako &#8222;zak\u0142adnika w\u00a0Stanach Zjednoczonych&#8221;.<\/p>\n","protected":false},"excerpt":{"rendered":"Pa\u0144stwowy koncern naftowy Wenezueli w\u0142\u0105czy\u0142 cz\u0119\u015b\u0107 szyb\u00f3w naftowych, a\u00a0eksport ropy zn\u00f3w ruszy\u0142 &#8211;\u00a0podaje Reuters, powo\u0142uj\u0105c si\u0119 na trzy&hellip;\n","protected":false},"author":2,"featured_media":202397,"comment_status":"","ping_status":"","sticky":false,"template":"","format":"standard","meta":{"footnotes":""},"categories":[14],"tags":[32,33,27,34,35,28,31,25,40,41,80,29,30,26,82,83,84],"class_list":{"0":"post-202396","1":"post","2":"type-post","3":"status-publish","4":"format-standard","5":"has-post-thumbnail","7":"category-swiat","8":"tag-breaking-news","9":"tag-breakingnews","10":"tag-headlines","11":"tag-latest-news","12":"tag-latestnews","13":"tag-naglowki","14":"tag-najwazniejsze-artykuly","15":"tag-news","16":"tag-polish","17":"tag-polski","18":"tag-swiat","19":"tag-top-stories","20":"tag-topstories","21":"tag-wiadomosci","22":"tag-world","23":"tag-world-news","24":"tag-worldnews"},"share_on_mastodon":{"url":"https:\/\/pubeurope.com\/@pl\/115889489002914454","error":""},"_links":{"self":[{"href":"https:\/\/www.europesays.com\/pl\/wp-json\/wp\/v2\/posts\/202396","targetHints":{"allow":["GET"]}}],"collection":[{"href":"https:\/\/www.europesays.com\/pl\/wp-json\/wp\/v2\/posts"}],"about":[{"href":"https:\/\/www.europesays.com\/pl\/wp-json\/wp\/v2\/types\/post"}],"author":[{"embeddable":true,"href":"https:\/\/www.europesays.com\/pl\/wp-json\/wp\/v2\/users\/2"}],"replies":[{"embeddable":true,"href":"https:\/\/www.europesays.com\/pl\/wp-json\/wp\/v2\/comments?post=202396"}],"version-history":[{"count":0,"href":"https:\/\/www.europesays.com\/pl\/wp-json\/wp\/v2\/posts\/202396\/revisions"}],"wp:featuredmedia":[{"embeddable":true,"href":"https:\/\/www.europesays.com\/pl\/wp-json\/wp\/v2\/media\/202397"}],"wp:attachment":[{"href":"https:\/\/www.europesays.com\/pl\/wp-json\/wp\/v2\/media?parent=202396"}],"wp:term":[{"taxonomy":"category","embeddable":true,"href":"https:\/\/www.europesays.com\/pl\/wp-json\/wp\/v2\/categories?post=202396"},{"taxonomy":"post_tag","embeddable":true,"href":"https:\/\/www.europesays.com\/pl\/wp-json\/wp\/v2\/tags?post=202396"}],"curies":[{"name":"wp","href":"https:\/\/api.w.org\/{rel}","templated":true}]}}