{"id":202436,"date":"2026-01-13T20:02:09","date_gmt":"2026-01-13T20:02:09","guid":{"rendered":"https:\/\/www.europesays.com\/pl\/202436\/"},"modified":"2026-01-13T20:02:09","modified_gmt":"2026-01-13T20:02:09","slug":"tragiczna-seria-na-syberii-sledztwo-po-smierci-dziewieciorga-noworodkow","status":"publish","type":"post","link":"https:\/\/www.europesays.com\/pl\/202436\/","title":{"rendered":"Tragiczna seria na Syberii. \u015aledztwo po \u015bmierci dziewi\u0119ciorga noworodk\u00f3w"},"content":{"rendered":"<p>Najwa\u017cniejsze informacje: <\/p>\n<ul>\n<li>Dziewi\u0119cioro noworodk\u00f3w zmar\u0142o w\u00a0szpitalu w\u00a0Nowoku\u017aniecku.<\/li>\n<li>\u015aledczy badaj\u0105 mo\u017cliwe zaniedbania personelu, a\u00a0ordynator zosta\u0142 zawieszony.<\/li>\n<li>Plac\u00f3wka leczy\u0142a od 1\u00a0grudnia 32 dzieci z\u00a0ci\u0119\u017ckimi zaka\u017ceniami wewn\u0105trzmacicznymi. W\u0142adze szpitala twierdz\u0105, \u017ce przyczyn\u0105 zgon\u00f3w by\u0142y &#8222;ci\u0119\u017ckie infekcje wewn\u0105trzmaciczne&#8221;, sugeruj\u0105c, \u017ce dzieci urodzi\u0142y si\u0119 ju\u017c chore. <\/li>\n<\/ul>\n<p>Szpital w\u00a0Nowoku\u017aniecku na Syberii poinformowa\u0142, \u017ce od 1\u00a0grudnia na oddziale intensywnej terapii przebywa\u0142y 32 noworodki z\u00a0powodu powa\u017cnych zaka\u017ce\u0144 wewn\u0105trzmacicznych. <\/p>\n<p><a class=\"wp-video-title-link\" href=\"https:\/\/www.o2.pl\/kuchnia\/nie-zapakujesz-kanapek-juz-w-nic-innego-to-prawdziwy-game-changer-7241204655006785v\" rel=\"nofollow noopener\" target=\"_blank\">Nie zapakujesz kanapek ju\u017c w\u00a0nic innego. To\u00a0prawdziwy game-changer <\/a>  <\/p>\n<p>Wed\u0142ug komunikatu plac\u00f3wki 17 dzieci by\u0142o w\u00a0stanie krytycznym, a\u00a0dziewi\u0119cioro zmar\u0142o. Sprawa wywo\u0142a\u0142a szerokie komentarze w\u00a0rosyjskich mediach oraz w\u00a0mediach spo\u0142eczno\u015bciowych. Jak podaje agencja Reuters, toczy si\u0119 analiza dzia\u0142a\u0144 personelu i\u00a0standard\u00f3w opieki.<\/p>\n<p> <img role=\"presentation\" class=\"absolute left-1\/2 top-1\/2 max-h-[80%] max-w-[100px] -translate-x-1\/2 -translate-y-1\/2\" src=\"https:\/\/v.wpimg.pl\/ZXJfd3AudTkrBBIAbg54LGhcRlAxHQUrPgJGH2MAeGJoSQ1eIBI_K2UHAEVuBTY5KQMMXC0RPyoVERQdMgM9ejc\" loading=\"lazy\" decoding=\"async\"\/> <\/p>\n<p>Najwi\u0119ksze kontrowersje budzi rozbie\u017cno\u015b\u0107 mi\u0119dzy oficjaln\u0105 diagnoz\u0105 a\u00a0tym, co rodzice s\u0142yszeli tu\u017c po porodzie. W\u0142adze szpitala twierdz\u0105, \u017ce przyczyn\u0105 zgon\u00f3w by\u0142y &#8222;ci\u0119\u017ckie infekcje wewn\u0105trzmaciczne&#8221;, sugeruj\u0105c, \u017ce dzieci urodzi\u0142y si\u0119 ju\u017c chore. Tymczasem relacje ojc\u00f3w, do kt\u00f3rych dotar\u0142y niezale\u017cne rosyjskie media, przecz\u0105 tej wersji.<\/p>\n<p> <a href=\"https:\/\/www.money.pl\/gospodarka\/rosja-przejmuje-oddzialy-polskiej-firmy-putin-wydal-dekret-7243059258742784a.html\" class=\"teaser-inline\" rel=\"nofollow noopener\" target=\"_blank\">  <img decoding=\"async\" src=\"https:\/\/www.europesays.com\/pl\/wp-content\/uploads\/2026\/01\/NjkxYmIyYQsKGi9eZgJsHklCewQgW2JIHlpjT2ZIfFJbAHYLIBUrGA4INkMuCzsaCg8pQzkVYQsbEXYbeFYqAxgINQwwVisHCR09.jpeg\" width=\"0\" height=\"0\" loading=\"lazy\" class=\"wp-media-image cropped\" alt=\"Rosja przejmuje oddzia\u0142y polskiej firmy. Putin wyda\u0142 dekret\"\/><\/p>\n<p>Rosja przejmuje oddzia\u0142y polskiej firmy. Putin wyda\u0142 dekret<\/p>\n<p><\/a> <\/p>\n<p>Jeden z\u00a0m\u0119\u017cczyzn opisa\u0142 dramatyczn\u0105 sekwencj\u0119 zdarze\u0144. Z\u00a0jego relacji wynika, \u017ce rano, tu\u017c po narodzinach, otrzyma\u0142 informacj\u0119 od personelu, i\u017c dziecko otrzyma\u0142o 7\/8 punkt\u00f3w w\u00a0skali Apgar (w 10-stopniowej skali), a\u00a0jego stan jest stabilny. Zapewniano go, \u017ce &#8222;zar\u00f3wno \u017cona, jak i\u00a0dziecko czuj\u0105 si\u0119 dobrze&#8221;. Zaledwie kilka godzin p\u00f3\u017aniej dowiedzia\u0142 si\u0119, \u017ce noworodek jest w\u00a0stanie krytycznym i\u00a0zosta\u0142 pod\u0142\u0105czony do respiratora, a\u00a0nied\u0142ugo potem zmar\u0142.<\/p>\n<p> <img role=\"presentation\" class=\"absolute left-1\/2 top-1\/2 max-h-[80%] max-w-[100px] -translate-x-1\/2 -translate-y-1\/2\" src=\"https:\/\/v.wpimg.pl\/ZXJfd3AudTkrBBIAbg54LGhcRlAxHQUrPgJGH2MAeGJoSQ1eIBI_K2UHAEVuBTY5KQMMXC0RPyoVERQdMgM9ejc\" loading=\"lazy\" decoding=\"async\"\/><\/p>\n<p>Co ustalili \u015bledczy i\u00a0jakie s\u0105 dzia\u0142ania w\u0142adz? <\/p>\n<p>We wtorek rosyjskie s\u0142u\u017cby wszcz\u0119\u0142y \u015bledztwo wobec personelu szpitala pod k\u0105tem mo\u017cliwego zaniedbania obowi\u0105zk\u00f3w. &#8211; Ordynator szpitala zosta\u0142 zawieszony w\u00a0obowi\u0105zkach na czas trwania dochodzenia &#8211;\u00a0poinformowa\u0142 gubernator obwodu kemerowskiego Ilja Serediuk, cytowany przez agencj\u0119. Pa\u0144stwowy Komitet \u015aledczy przekaza\u0142, \u017ce przes\u0142uchano personel, zabezpieczono dokumentacj\u0119 medyczn\u0105 i\u00a0zlecono badania kryminalistyczne w\u00a0celu ustalenia przyczyn zgon\u00f3w.<\/p>\n<p> <a href=\"https:\/\/wiadomosci.wp.pl\/kolejne-ciosy-ukraincow-rosja-stracila-20-proc-floty-cieni-7243032681552320a\" class=\"teaser-inline\" rel=\"nofollow noopener\" target=\"_blank\">  <img decoding=\"async\" src=\"https:\/\/www.europesays.com\/pl\/wp-content\/uploads\/2026\/01\/YzM3ZTAzdhssUSxnbgF7Dm8JeD0oWHVYOBFgdm5La0J9S3UyKBY8CChDNXomCCwKLEQqejEWdhs9WnUicFU9Ez5DNjU4VTwXL1Y-.jpeg\" width=\"0\" height=\"0\" loading=\"lazy\" class=\"wp-media-image cropped\" alt=\"Kolejne ciosy Ukrai\u0144c\u00f3w. Rosja straci\u0142a 20 proc. floty cieni\"\/><\/p>\n<p>Kolejne ciosy Ukrai\u0144c\u00f3w. Rosja straci\u0142a 20 proc. floty cieni<\/p>\n<p><\/a> <\/p>\n<p>Plac\u00f3wka w\u00a0oficjalnym komunikacie zapewni\u0142a o\u00a0stosowaniu wytycznych klinicznych. &#8222;Wszystkie noworodki otrzyma\u0142y opiek\u0119 medyczn\u0105 zgodnie z\u00a0wytycznymi klinicznymi. Niestety, dziewi\u0119cioro noworodk\u00f3w nie prze\u017cy\u0142o&#8221; &#8211;\u00a0czytamy w\u00a0o\u015bwiadczeniu szpitala, przywo\u0142anym przez agencj\u0119. <\/p>\n<p> <img role=\"presentation\" class=\"absolute left-1\/2 top-1\/2 max-h-[80%] max-w-[100px] -translate-x-1\/2 -translate-y-1\/2\" src=\"https:\/\/v.wpimg.pl\/ZXJfd3AudTkrBBIAbg54LGhcRlAxHQUrPgJGH2MAeGJoSQ1eIBI_K2UHAEVuBTY5KQMMXC0RPyoVERQdMgM9ejc\" loading=\"lazy\" decoding=\"async\"\/> <\/p>\n<p>Wed\u0142ug tej samej informacji cz\u0119\u015b\u0107 dzieci nadal przebywa na oddziale intensywnej terapii, a\u00a0czworo przewieziono do innego o\u015brodka.<\/p>\n<p>Dlaczego wstrzymano przyj\u0119cia i\u00a0co\u00a0dalej z\u00a0pacjentami? <\/p>\n<p>Szpital og\u0142osi\u0142 na swojej stronie, \u017ce do odwo\u0142ania wstrzymuje nowe przyj\u0119cia. Jako pow\u00f3d wskazano nadmiern\u0105 liczb\u0119 przypadk\u00f3w infekcji dr\u00f3g oddechowych. Decyzja ma ograniczy\u0107 ryzyko i\u00a0umo\u017cliwi\u0107 zespo\u0142om medycznym prac\u0119. Agencja Reuters informuje, \u017ce \u015bledczy kontynuuj\u0105 czynno\u015bci w\u00a0plac\u00f3wce i\u00a0analizuj\u0105 zabezpieczone materia\u0142y. <\/p>\n<p>W\u0142adze regionu zapowiedzia\u0142y nadz\u00f3r nad post\u0119powaniem i\u00a0ocen\u0119 procedur w\u00a0oddziale intensywnej terapii noworodk\u00f3w. \u015aledczy maj\u0105 przedstawi\u0107 wnioski po zako\u0144czeniu bada\u0144 kryminalistycznych i\u00a0przes\u0142ucha\u0144.<\/p>\n<p> <img role=\"presentation\" class=\"absolute left-1\/2 top-1\/2 max-h-[80%] max-w-[100px] -translate-x-1\/2 -translate-y-1\/2\" src=\"https:\/\/v.wpimg.pl\/ZXJfd3AudTkrBBIAbg54LGhcRlAxHQUrPgJGH2MAeGJoSQ1eIBI_K2UHAEVuBTY5KQMMXC0RPyoVERQdMgM9ejc\" loading=\"lazy\" decoding=\"async\"\/> <a href=\"https:\/\/wiadomosci.wp.pl\/niemieckie-media-slabnie-pozycja-rosji-na-arenie-miedzynarodowej-7241903151815168a\" class=\"teaser-inline\" rel=\"nofollow noopener\" target=\"_blank\">  <img decoding=\"async\" src=\"https:\/\/www.europesays.com\/pl\/wp-content\/uploads\/2026\/01\/ZjUyODgwdQs0Gzl3SAx4HndDbS0OVXZIIFt1ZkhGaFJlAWAiDhs_GDAJIGoABS8aNA4_ahcbdQslEGAyVlg-AyYJIyUeWD8HNxwr.jpeg\" width=\"0\" height=\"0\" loading=\"lazy\" class=\"wp-media-image cropped\" alt=\"Niemieckie media: S\u0142abnie pozycja Rosji na arenie mi\u0119dzynarodowej\"\/><\/p>\n<p>Niemieckie media: S\u0142abnie pozycja Rosji na arenie mi\u0119dzynarodowej<\/p>\n<p><\/a> <\/p>\n<p>Jak wylicza agencja Reuters, prowadzona przez Rosj\u0119 wojna w\u00a0Ukrainie ograniczy\u0142a finansowanie ochrony zdrowia, kt\u00f3rego udzia\u0142 w\u00a0bud\u017cecie ma spa\u015b\u0107 w\u00a0tym roku do 4,3 proc. z\u00a0poziomu 6\u00a0proc. w\u00a02021 roku &#8211;\u00a0ostatnim pe\u0142nym roku przed wybuchem konfliktu. <\/p>\n<p>Z kolei wydatki na obron\u0119 i\u00a0bezpiecze\u0144stwo gwa\u0142townie wzros\u0142y &#8211;\u00a0z\u00a024 proc. w\u00a02021 roku do 40 proc. w\u00a02025 roku, a\u00a0w\u00a0roku bie\u017c\u0105cym maj\u0105 stanowi\u0107 38 proc. bud\u017cetu.<\/p>\n<p> <img role=\"presentation\" class=\"absolute left-1\/2 top-1\/2 max-h-[80%] max-w-[100px] -translate-x-1\/2 -translate-y-1\/2\" src=\"https:\/\/v.wpimg.pl\/ZXJfd3AudTkrBBIAbg54LGhcRlAxHQUrPgJGH2MAeGJoSQ1eIBI_K2UHAEVuBTY5KQMMXC0RPyoVERQdMgM9ejc\" loading=\"lazy\" decoding=\"async\"\/> <\/p>\n<p>Tragedia w\u00a0Nowoku\u017aniecku to drastyczny przyk\u0142ad szerszego zjawiska, czyli powolnej zapa\u015bci rosyjskiego systemu ochrony zdrowia, kt\u00f3ry jest systematycznie drenowany z\u00a0funduszy na rzecz armii. Eksperci od lat alarmuj\u0105, \u017ce w\u00a0Rosji funkcjonuj\u0105 dwa r\u00f3wnoleg\u0142e \u015bwiaty medyczne &#8211;\u00a0nowoczesne kliniki w\u00a0Moskwie i\u00a0Petersburgu oraz niedofinansowana, zmagaj\u0105ca si\u0119 z\u00a0brakiem podstawowego sprz\u0119tu prowincja.<\/p>\n<p>Rosyjska medycyna, zw\u0142aszcza w\u00a0dziedzinach specjalistycznych jak neonatologia czy onkologia, by\u0142a przez lata silnie uzale\u017cniona od zachodniego sprz\u0119tu. Sankcje na\u0142o\u017cone po inwazji na Ukrain\u0119 sprawi\u0142y, \u017ce serwisowanie tomograf\u00f3w, respirator\u00f3w czy nowoczesnych inkubator\u00f3w sta\u0142o si\u0119 koszmarem logistycznym. Cho\u0107 leki i\u00a0sprz\u0119t medyczny nie s\u0105 bezpo\u015brednio obj\u0119te sankcjami, problemy z\u00a0p\u0142atno\u015bciami i\u00a0transportem zerwa\u0142y \u0142a\u0144cuchy dostaw.<\/p>\n<p>Jeszcze przed wojn\u0105 Rosja przeprowadza\u0142a bolesn\u0105 &#8222;optymalizacj\u0119&#8221; s\u0142u\u017cby zdrowia, kt\u00f3ra w\u00a0praktyce oznacza\u0142a zamykanie tysi\u0119cy ma\u0142ych plac\u00f3wek w\u00a0regionach i\u00a0centralizacj\u0119 us\u0142ug w\u00a0du\u017cych miastach. Skutkiem jest utrudniony dost\u0119p do lekarza dla milion\u00f3w Rosjan z\u00a0tzw. g\u0142ubinki &#8211;\u00a0prowincji. <\/p>\n<p> <img role=\"presentation\" class=\"absolute left-1\/2 top-1\/2 max-h-[80%] max-w-[100px] -translate-x-1\/2 -translate-y-1\/2\" src=\"https:\/\/v.wpimg.pl\/ZXJfd3AudTkrBBIAbg54LGhcRlAxHQUrPgJGH2MAeGJoSQ1eIBI_K2UHAEVuBTY5KQMMXC0RPyoVERQdMgM9ejc\" loading=\"lazy\" decoding=\"async\"\/> <\/p>\n","protected":false},"excerpt":{"rendered":"Najwa\u017cniejsze informacje: Dziewi\u0119cioro noworodk\u00f3w zmar\u0142o w\u00a0szpitalu w\u00a0Nowoku\u017aniecku. \u015aledczy badaj\u0105 mo\u017cliwe zaniedbania personelu, a\u00a0ordynator zosta\u0142 zawieszony. Plac\u00f3wka leczy\u0142a od&hellip;\n","protected":false},"author":2,"featured_media":202437,"comment_status":"","ping_status":"","sticky":false,"template":"","format":"standard","meta":{"footnotes":""},"categories":[5],"tags":[32,33,36,37,27,34,35,28,31,25,42,38,40,39,41,29,30,26],"class_list":{"0":"post-202436","1":"post","2":"type-post","3":"status-publish","4":"format-standard","5":"has-post-thumbnail","7":"category-naglowki","8":"tag-breaking-news","9":"tag-breakingnews","10":"tag-featured-news","11":"tag-featurednews","12":"tag-headlines","13":"tag-latest-news","14":"tag-latestnews","15":"tag-naglowki","16":"tag-najwazniejsze-artykuly","17":"tag-news","18":"tag-pl","19":"tag-poland","20":"tag-polish","21":"tag-polska","22":"tag-polski","23":"tag-top-stories","24":"tag-topstories","25":"tag-wiadomosci"},"share_on_mastodon":{"url":"https:\/\/pubeurope.com\/@pl\/115889579397725916","error":""},"_links":{"self":[{"href":"https:\/\/www.europesays.com\/pl\/wp-json\/wp\/v2\/posts\/202436","targetHints":{"allow":["GET"]}}],"collection":[{"href":"https:\/\/www.europesays.com\/pl\/wp-json\/wp\/v2\/posts"}],"about":[{"href":"https:\/\/www.europesays.com\/pl\/wp-json\/wp\/v2\/types\/post"}],"author":[{"embeddable":true,"href":"https:\/\/www.europesays.com\/pl\/wp-json\/wp\/v2\/users\/2"}],"replies":[{"embeddable":true,"href":"https:\/\/www.europesays.com\/pl\/wp-json\/wp\/v2\/comments?post=202436"}],"version-history":[{"count":0,"href":"https:\/\/www.europesays.com\/pl\/wp-json\/wp\/v2\/posts\/202436\/revisions"}],"wp:featuredmedia":[{"embeddable":true,"href":"https:\/\/www.europesays.com\/pl\/wp-json\/wp\/v2\/media\/202437"}],"wp:attachment":[{"href":"https:\/\/www.europesays.com\/pl\/wp-json\/wp\/v2\/media?parent=202436"}],"wp:term":[{"taxonomy":"category","embeddable":true,"href":"https:\/\/www.europesays.com\/pl\/wp-json\/wp\/v2\/categories?post=202436"},{"taxonomy":"post_tag","embeddable":true,"href":"https:\/\/www.europesays.com\/pl\/wp-json\/wp\/v2\/tags?post=202436"}],"curies":[{"name":"wp","href":"https:\/\/api.w.org\/{rel}","templated":true}]}}