{"id":202458,"date":"2026-01-13T20:15:08","date_gmt":"2026-01-13T20:15:08","guid":{"rendered":"https:\/\/www.europesays.com\/pl\/202458\/"},"modified":"2026-01-13T20:15:08","modified_gmt":"2026-01-13T20:15:08","slug":"polska-2050-wybory-uniewaznione-pelczynska-nalecz-o-probie-ataku-hakerskiego","status":"publish","type":"post","link":"https:\/\/www.europesays.com\/pl\/202458\/","title":{"rendered":"Polska 2050. Wybory uniewa\u017cnione. Pe\u0142czy\u0144ska-Na\u0142\u0119cz o pr\u00f3bie &#8222;ataku hakerskiego&#8221;"},"content":{"rendered":"<p>Poniedzia\u0142kowe wybory na przewodnicz\u0105cego Polski 2050 zosta\u0142y uniewa\u017cnione z powodu nadmiernej liczby oddanych g\u0142os\u00f3w. Jak przekonywa\u0142a w programie &#8222;Go\u015b\u0107 Wydarze\u0144&#8221; wiceszefowa partii Katarzyna Pe\u0142czy\u0144ska-Na\u0142\u0119cz od technicznej strony wszystko by\u0142o w porz\u0105dku. &#8211; Wiemy na pewno, \u017ce wszystko z naszej strony zosta\u0142o dope\u0142nione. Wszystkie zakupy, pliki, pakiety &#8211; przekaza\u0142a.\u00a0<\/p>\n<p>\u00a0<\/p>\n<p>&#8211; I to nie s\u0105 pierwsze wybory, kt\u00f3re w tym systemie odbywamy. To s\u0105 ju\u017c kt\u00f3re\u015b dziesi\u0105te wybory, zw\u0142aszcza w ostatnim czasie wszystkie wybory regionalne. Pierwsza tura &#8211;\u00a0wszystko si\u0119 odby\u0142o g\u0142adko, bezb\u0142\u0119dnie, prawid\u0142owo, systemowo. I okazuje si\u0119, \u017ce najprawdopodobniej dosz\u0142o do jaki\u015b ingerencji z zewn\u0105trz &#8211; doda\u0142a.\u00a0<\/p>\n<p>\u00a0<\/p>\n<p>ZOBACZ: <a href=\"https:\/\/www.polsatnews.pl\/wiadomosc\/2025-07-20\/klopoty-szymona-holowni-polacy-wieszcza-rychly-koniec\/\" rel=\"nofollow noopener\" target=\"_blank\">K\u0142opoty Szymona Ho\u0142owni. Polacy nie wierz\u0105 w jego parti\u0119<\/a><\/p>\n<p>\u00a0<\/p>\n<p>Doda\u0142a r\u00f3wnie\u017c, \u017ce b\u0142\u0105d polega\u0142 na tym, \u017ce system zablokowa\u0142 si\u0119 po tym, jak w g\u0142osowaniu wzi\u0119\u0142o udzia\u0142 wi\u0119cej os\u00f3b ni\u017c podczas pierwszej tury. &#8211; Okaza\u0142o si\u0119, \u017ce w tym g\u0142osowaniu by\u0142o 26 tysi\u0119cy wej\u015b\u0107 na uprawnionych mniej ni\u017c 700 os\u00f3b (&#8230;). Dosz\u0142o do jakiej\u015b pr\u00f3by ataku hakerskiego &#8211; wyja\u015bni\u0142a ministra w rozmowie z Markiem Tejchmanem.<\/p>\n<p>Polska 2050 na listach z PO? Stanowcza odpowied\u017a wiceszefowej partii\u00a0<\/p>\n<p>Pe\u0142czy\u0144ska-Na\u0142\u0119cz odpowiedzia\u0142a r\u00f3wnie\u017c na pytanie o przysz\u0142o\u015b\u0107 ugrupowania. &#8211; Dla mnie Polska 2050 ma sens dla (samej &#8211; red.) Polski 2050, ale przede wszystkim dla Polski jako partia samodzielna, jako wyraziste centrum &#8211; stwierdzi\u0142a.\u00a0<\/p>\n<p>\u00a0<\/p>\n<p>ZOBACZ: <a href=\"https:\/\/www.polsatnews.pl\/wiadomosc\/2026-01-13\/szymon-holownia-o-przyszlosci-polski-2050-polsat-news-dotarl-do-listu\/\" rel=\"nofollow noopener\" target=\"_blank\">Szymon Ho\u0142ownia o przysz\u0142o\u015bci Polski 2050. Polsat News dotar\u0142 do listu<\/a><\/p>\n<p>\u00a0<\/p>\n<p>Polityk zosta\u0142a te\u017c zapytana, czy wyobra\u017ca sobie znale\u017a\u0107 swoje nazwisko na jednej li\u015bcie wyborczej z premierem. &#8211; Nie. Nie dlatego, \u017ce z Donaldem Tuskiem. To jest z\u0142e sformu\u0142owanie. Ja uwa\u017cam, \u017ce jedna lista nie jest dobrym rozwi\u0105zaniem dla nikogo. W 2023 roku by\u0142am przeciwna jednej li\u015bcie, bo uwa\u017ca\u0142am, \u017ce nie b\u0119dzie demokratycznego rz\u0105du i to si\u0119 okaza\u0142o prawd\u0105 &#8211; odpar\u0142a.\u00a0<\/p>\n<p>\u00a0<\/p>\n<p>WIDEO: Polska 2050 na listach z KO? Pe\u0142czy\u0144ska-Na\u0142\u0119cz stanowczo<img decoding=\"async\" src=\"https:\/\/www.europesays.com\/pl\/wp-content\/uploads\/2026\/01\/5du833bm3d84up3kn3aek57cmak5pchz.jpg\" alt=\"\" itemprop=\"contentUrl\" style=\"position:absolute; width: 100%; max-height: 100%;\"\/><video controls=\"\" controlslist=\"nodownload\" poster=\"https:\/\/www.europesays.com\/pl\/wp-content\/uploads\/2026\/01\/5du833bm3d84up3kn3aek57cmak5pchz.jpg\" class=\"videoPlayer player6856833 news__video\" data-id=\"6856833\">Twoja przegl\u0105darka nie wspiera odtwarzacza wideo&#8230;<\/video><\/p>\n<p>\u00a0<\/p>\n<p>&#8211; Jedna lista pokaza\u0142a, co mo\u017ce, przy wyborach pana prezydenta Trzaskowskiego. Ubolewam, g\u0142osowa\u0142am na niego. To daje zwyci\u0119stwo niedemokratycznym, radykalnie prawicowym si\u0142om, czemu jestem przeciwna &#8211; doda\u0142a ministra.\u00a0<\/p>\n<p>\u00a0<\/p>\n<p>ZOBACZ: <a href=\"https:\/\/www.polsatnews.pl\/wiadomosc\/2026-01-13\/polska-2050-alarmuje-abw-i-prokurature-proba-ingerencji-w-proces-wyborczy\/\" rel=\"nofollow noopener\" target=\"_blank\">Polska 2050 alarmuje ABW i prokuratur\u0119. &#8222;Pr\u00f3ba ingerencji w proces wyborczy&#8221;<\/a><\/p>\n<p>\u00a0<\/p>\n<p>Jak zastrzeg\u0142, nie chodzi o szefa rz\u0105du i jego parti\u0119, ale o autonomi\u0119 Polski 2050. &#8211; Takie wyraziste centrum, jakim jeste\u015bmy, powinno by\u0107 oddzielnie na scenie politycznej. &#8222;Nie&#8221; dla jednej listy, bo to si\u0119 nie sprawdzi\u0142o w przesz\u0142o\u015bci, a wi\u0119cej tego samego daje wi\u0119cej tego samego &#8211; podsumowa\u0142a.\u00a0<\/p>\n<p>\u00a0<\/p>\n<p>Pozosta\u0142e odcniki programu mo\u017cna obejrze\u0107 <a href=\"https:\/\/www.polsatnews.pl\/program\/gosc-wydarzen-wideo\/\" rel=\"nofollow noopener\" target=\"_blank\">TUTAJ.<\/a><\/p>\n<p>\u00a0<\/p>\n<p>Widzia\u0142e\u015b co\u015b wa\u017cnego? Przy\u015blij zdj\u0119cie, film lub napisz, co si\u0119 sta\u0142o. Skorzystaj z naszej <a href=\"https:\/\/www.polsatnews.pl\/platforma-widzow\/\" target=\"_blank\" rel=\"noopener noreferrer nofollow\">Wrzutni<\/a><\/p>\n<p>                <a class=\"news__read-more-button\" href=\"https:\/\/www.polsatnews.pl\/\" rel=\"nofollow noopener\" target=\"_blank\">Czytaj wi\u0119cej<\/a><\/p>\n","protected":false},"excerpt":{"rendered":"Poniedzia\u0142kowe wybory na przewodnicz\u0105cego Polski 2050 zosta\u0142y uniewa\u017cnione z powodu nadmiernej liczby oddanych g\u0142os\u00f3w. Jak przekonywa\u0142a w programie&hellip;\n","protected":false},"author":2,"featured_media":202459,"comment_status":"","ping_status":"","sticky":false,"template":"","format":"standard","meta":{"footnotes":""},"categories":[12],"tags":[32,33,36,37,27,34,35,28,31,25,42,38,40,39,41,29,30,26],"class_list":{"0":"post-202458","1":"post","2":"type-post","3":"status-publish","4":"format-standard","5":"has-post-thumbnail","7":"category-polska","8":"tag-breaking-news","9":"tag-breakingnews","10":"tag-featured-news","11":"tag-featurednews","12":"tag-headlines","13":"tag-latest-news","14":"tag-latestnews","15":"tag-naglowki","16":"tag-najwazniejsze-artykuly","17":"tag-news","18":"tag-pl","19":"tag-poland","20":"tag-polish","21":"tag-polska","22":"tag-polski","23":"tag-top-stories","24":"tag-topstories","25":"tag-wiadomosci"},"share_on_mastodon":{"url":"https:\/\/pubeurope.com\/@pl\/115889630333800991","error":""},"_links":{"self":[{"href":"https:\/\/www.europesays.com\/pl\/wp-json\/wp\/v2\/posts\/202458","targetHints":{"allow":["GET"]}}],"collection":[{"href":"https:\/\/www.europesays.com\/pl\/wp-json\/wp\/v2\/posts"}],"about":[{"href":"https:\/\/www.europesays.com\/pl\/wp-json\/wp\/v2\/types\/post"}],"author":[{"embeddable":true,"href":"https:\/\/www.europesays.com\/pl\/wp-json\/wp\/v2\/users\/2"}],"replies":[{"embeddable":true,"href":"https:\/\/www.europesays.com\/pl\/wp-json\/wp\/v2\/comments?post=202458"}],"version-history":[{"count":0,"href":"https:\/\/www.europesays.com\/pl\/wp-json\/wp\/v2\/posts\/202458\/revisions"}],"wp:featuredmedia":[{"embeddable":true,"href":"https:\/\/www.europesays.com\/pl\/wp-json\/wp\/v2\/media\/202459"}],"wp:attachment":[{"href":"https:\/\/www.europesays.com\/pl\/wp-json\/wp\/v2\/media?parent=202458"}],"wp:term":[{"taxonomy":"category","embeddable":true,"href":"https:\/\/www.europesays.com\/pl\/wp-json\/wp\/v2\/categories?post=202458"},{"taxonomy":"post_tag","embeddable":true,"href":"https:\/\/www.europesays.com\/pl\/wp-json\/wp\/v2\/tags?post=202458"}],"curies":[{"name":"wp","href":"https:\/\/api.w.org\/{rel}","templated":true}]}}