{"id":202468,"date":"2026-01-13T20:21:10","date_gmt":"2026-01-13T20:21:10","guid":{"rendered":"https:\/\/www.europesays.com\/pl\/202468\/"},"modified":"2026-01-13T20:21:10","modified_gmt":"2026-01-13T20:21:10","slug":"duzy-europejski-kraj-moze-wyslac-na-ukraine-140-poteznych-czolgow","status":"publish","type":"post","link":"https:\/\/www.europesays.com\/pl\/202468\/","title":{"rendered":"Du\u017cy europejski kraj mo\u017ce wys\u0142a\u0107 na Ukrain\u0119 140 pot\u0119\u017cnych czo\u0142g\u00f3w"},"content":{"rendered":"<p class=\"typography ids-typeset-body ids-typeset-body--preset-large link paragraph ids-paragraph ids-paragraph--default\">Wielka Brytania wybra\u0142a odmienn\u0105 drog\u0119 modernizacji wojsk pancernych ni\u017c wi\u0119kszo\u015b\u0107 kraj\u00f3w europejskich. Zamiast kupowa\u0107 ameryka\u0144skie Abramsy czy niemieckie Leopardy 2, Londyn postawi\u0142 na gruntown\u0105 modernizacj\u0119 w\u0142asnych czo\u0142g\u00f3w Challenger 2 do standardu Challenger 3. Program, realizowany jest przez konsorcjum Rheinmetall BAE Systems Land i ma zapewni\u0107 armii nowoczesny, w pe\u0142ni zgodny ze standardami NATO pojazd bojowy. Co najwa\u017cniejsze, celem jest zachowanie przy tym znacznej cz\u0119\u015bci rodzimej bazy przemys\u0142owej.<\/p>\n<p class=\"typography ids-typeset-body ids-typeset-body--preset-large link paragraph ids-paragraph ids-paragraph--default\">Jak wskazuj\u0105 oficjalne informacje rz\u0105du Wielkiej Brytanii, kluczowe ulepszenia w Challenger 3 obejmuj\u0105 now\u0105 wie\u017c\u0119 z g\u0142adkolufowym dzia\u0142em 120 mm L55A1, modu\u0142owe opancerzenie, system aktywnej ochrony, zaawansowane systemy elektroniczne oraz ulepszone zawieszenie i nap\u0119d. Dzi\u0119ki temu, czo\u0142g zyskuje lepsz\u0105 interoperacyjno\u015b\u0107 z sojusznikami, wy\u017csz\u0105 \u015bwiadomo\u015b\u0107 sytuacyjn\u0105 i skuteczno\u015b\u0107 bojow\u0105 na wsp\u00f3\u0142czesnym polu walki.<\/p>\n<p>Londyn wy\u015ble na Ukrain\u0119 140 czo\u0142g\u00f3w Challenger 2?<\/p>\n<p class=\"typography ids-typeset-body ids-typeset-body--preset-large link paragraph ids-paragraph ids-paragraph--default\">Program zak\u0142ada modernizacj\u0119 dok\u0142adnie 148 czo\u0142g\u00f3w Challenger 2. Obecnie, czyli na pocz\u0105tku 2026 roku, znajduje si\u0119 on wci\u0105\u017c w fazie demonstracyjnej, poniewa\u017c tylko osiem kad\u0142ub\u00f3w przydzielono do budowy i test\u00f3w prototyp\u00f3w. Seryjna produkcja rozpocznie si\u0119 dopiero po pomy\u015blnym zako\u0144czeniu pr\u00f3b i uzyskaniu Systems Qualification Review, co planowane jest jeszcze w 2026 roku. Pocz\u0105tkowa zdolno\u015b\u0107 operacyjna ma zosta\u0107 osi\u0105gni\u0119ta w 2027 roku, a pe\u0142na flota 148 woz\u00f3w ma wej\u015b\u0107 do s\u0142u\u017cby do ko\u0144ca 2030 roku.<\/p>\n<p class=\"typography ids-typeset-body ids-typeset-body--preset-large link paragraph ids-paragraph ids-paragraph--default\">Brytyjska armia dysponuje obecnie flot\u0105 oko\u0142o 220-288 czo\u0142g\u00f3w Challenger 2. Maszyny s\u0105 w r\u00f3\u017cnym stanie i gotowo\u015bci do s\u0142u\u017cby. Po wydzieleniu 148 egzemplarzy na modernizacj\u0119, pozostaje oko\u0142o 140 woz\u00f3w, kt\u00f3rych przysz\u0142o\u015b\u0107 jest niejasna. Mog\u0105 one pos\u0142u\u017cy\u0107 jako magazyn cz\u0119\u015bci zamiennych, trafi\u0107 do rezerwy, zosta\u0107 sprzedane, przekazane na cele szkoleniowe lub, jak spekuluj\u0105 media, potencjalnie podarowane Ukrainie. Eksperci t\u0142umacz\u0105, \u017ce nawet je\u015bli Ukraina otrzyma czo\u0142gi Challenger 2, to nie wszystkie by\u0142yby gotowe do podj\u0119cia dzia\u0142a\u0144 na froncie. Prawdopodobnie takich maszyn by\u0142oby ok 50 sztuk, a reszta sta\u0142aby si\u0119 dawcami cz\u0119\u015bci do serwisowania.<\/p>\n<p>Londyn modernizuje swoj\u0105 flot\u0119 czo\u0142g\u00f3w do Challenger 3<\/p>\n<p class=\"typography ids-typeset-body ids-typeset-body--preset-large link paragraph ids-paragraph ids-paragraph--default\">W styczniu 2026 roku podsekretarz stanu w Ministerstwie Obrony Luke Pollard w odpowiedzi na pytanie poselskie pos\u0142a Partii Konserwatywnej Bena Obese-Jecty&#8217;ego potwierdzi\u0142, \u017ce rz\u0105d nadal nie podj\u0105\u0142 decyzji co do losu tych 140 czo\u0142g\u00f3w Challenger 2 wy\u0142\u0105czonych z programu Challenger 3. Brak jasnej polityki w tej sprawie budzi dyskusje, zw\u0142aszcza w kontek\u015bcie trwaj\u0105cego konfliktu na Ukrainie i zapotrzebowania na sprz\u0119t pancerny.<\/p>\n<p class=\"typography ids-typeset-body ids-typeset-body--preset-large link paragraph ids-paragraph ids-paragraph--default\">Czo\u0142g Challenger 2 wyr\u00f3\u017cnia si\u0119 na tle wsp\u00f3\u0142czesnych czo\u0142g\u00f3w podstawowych przede wszystkim wyj\u0105tkowo wysokim poziomem ochrony. Jego pancerz opiera si\u0119 na tajnej, drugiej generacji kompozytowego opancerzenia Chobham\/Dorchester, kt\u00f3re jest uznawane za jedno z najskuteczniejszych na \u015bwiecie, zw\u0142aszcza przeciwko pociskom kumulacyjnym (HEAT). W praktyce czo\u0142g ten wykaza\u0142 si\u0119 ekstremaln\u0105 odporno\u015bci\u0105. Nie mo\u017cna tutaj nie wspomnie\u0107, \u017ce w Iraku w 2003 roku przetrwa\u0142 bezpo\u015brednie trafienia z granatnik\u00f3w przeciwpancernych i min, a nawet przypadkowe ostrza\u0142y z w\u0142asnych czo\u0142g\u00f3w, i to bez strat w za\u0142odze.<\/p>\n<p>Ukrai\u0144cy chwal\u0105 sobie czo\u0142gi Challenger 2<\/p>\n<p class=\"typography ids-typeset-body ids-typeset-body--preset-large link paragraph ids-paragraph ids-paragraph--default\">Dodatkowe modu\u0142y pancerza reaktywnego oraz systemy maskowania dymnego i ochrony ABC dodatkowo wzmacniaj\u0105 mo\u017cliwo\u015bci na froncie, czyni\u0105c Challenger 2 jednym z najlepiej chronionych czo\u0142g\u00f3w w NATO. Drugim filarem jest precyzyjna i bardzo dalekosi\u0119\u017cna si\u0142a ognia zapewniana przez unikalne dzia\u0142o gwintowane L30A1 kal. 120 mm. W przeciwie\u0144stwie do wi\u0119kszo\u015bci nowoczesnych czo\u0142g\u00f3w (z armat\u0105 g\u0142adkolufow\u0105), dzia\u0142o gwintowane pozwala na stosowanie amunicji HESH (High Explosive Squash Head), czyli niezwykle skutecznej przeciwko fortyfikacjom, lekkim pojazdom i budynkom, oraz pocisk\u00f3w APFSDS.<\/p>\n<p class=\"typography ids-typeset-body ids-typeset-body--preset-large link paragraph ids-paragraph ids-paragraph--default\">To w\u0142a\u015bnie z tego dzia\u0142a pad\u0142 rekordowy strza\u0142 w Iraku, a mianowicie zniszczenie irackiego T-72 z odleg\u0142o\u015bci ponad 5 km. Zaawansowany system kierowania ogniem z termowizj\u0105 drugiej generacji, stabilizacj\u0105 i laserowym dalmierzem sprawia, \u017ce ukrai\u0144scy za\u0142ogi nazywaj\u0105 Challenger 2 &#8222;karabinem snajperskim w\u015br\u00f3d czo\u0142g\u00f3w&#8221;. System \u0142\u0105czy ogromn\u0105 celno\u015b\u0107 na du\u017cych dystansach z wszechstronno\u015bci\u0105 amunicji.<\/p>\n<p class=\"typography ids-typeset-body ids-typeset-body--preset-large link paragraph ids-paragraph ids-paragraph--default\">B\u0105d\u017a na bie\u017c\u0105co i zosta\u0144 jednym z 88 tys. obserwuj\u0105cych nasz fanpage &#8211; <a href=\"https:\/\/www.facebook.com\/GeekWeek\" target=\"_blank\" rel=\"nofollow noopener\">polub GeekWeek na Facebooku<\/a> i komentuj tam nasze artyku\u0142y!<\/p>\n<p>&#8221;Wydarzenia&#8221;: E-rejestracja ju\u017c dzia\u0142a. Na razie zapisy na kardiologi\u0119, cytologi\u0119 i mammografi\u0119Polsat NewsPolsat News<\/p>\n<p><a class=\"ids-undecorated-link source ids-page-info--source__link\" href=\"https:\/\/www.interia.pl\" rel=\"nofollow noopener\" target=\"_blank\"><img decoding=\"async\" class=\"ids-image-holder__img\" loading=\"lazy\" alt=\"\" title=\"\" height=\"24px\" src=\"https:\/\/www.europesays.com\/pl\/wp-content\/uploads\/2026\/01\/1767782590_880_0009A60QQ5I2TYF7-C202-F4.webp.webp\"\/><\/a><\/p>\n<p>Masz sugestie, uwagi albo widzisz b\u0142\u0105d? Napisz do nas<\/p>\n<p>Zapisz si\u0119 na geekweekowy newsletter i \u0142ap naj\u015bwie\u017csze newsy ze \u015bwiata tech, lifehacki, porady i ciekawostki.<\/p>\n","protected":false},"excerpt":{"rendered":"Wielka Brytania wybra\u0142a odmienn\u0105 drog\u0119 modernizacji wojsk pancernych ni\u017c wi\u0119kszo\u015b\u0107 kraj\u00f3w europejskich. Zamiast kupowa\u0107 ameryka\u0144skie Abramsy czy niemieckie&hellip;\n","protected":false},"author":2,"featured_media":202469,"comment_status":"","ping_status":"","sticky":false,"template":"","format":"standard","meta":{"footnotes":""},"categories":[14],"tags":[32,33,27,34,35,28,31,25,40,41,80,29,30,26,82,83,84],"class_list":{"0":"post-202468","1":"post","2":"type-post","3":"status-publish","4":"format-standard","5":"has-post-thumbnail","7":"category-swiat","8":"tag-breaking-news","9":"tag-breakingnews","10":"tag-headlines","11":"tag-latest-news","12":"tag-latestnews","13":"tag-naglowki","14":"tag-najwazniejsze-artykuly","15":"tag-news","16":"tag-polish","17":"tag-polski","18":"tag-swiat","19":"tag-top-stories","20":"tag-topstories","21":"tag-wiadomosci","22":"tag-world","23":"tag-world-news","24":"tag-worldnews"},"share_on_mastodon":{"url":"https:\/\/pubeurope.com\/@pl\/115889654006789311","error":""},"_links":{"self":[{"href":"https:\/\/www.europesays.com\/pl\/wp-json\/wp\/v2\/posts\/202468","targetHints":{"allow":["GET"]}}],"collection":[{"href":"https:\/\/www.europesays.com\/pl\/wp-json\/wp\/v2\/posts"}],"about":[{"href":"https:\/\/www.europesays.com\/pl\/wp-json\/wp\/v2\/types\/post"}],"author":[{"embeddable":true,"href":"https:\/\/www.europesays.com\/pl\/wp-json\/wp\/v2\/users\/2"}],"replies":[{"embeddable":true,"href":"https:\/\/www.europesays.com\/pl\/wp-json\/wp\/v2\/comments?post=202468"}],"version-history":[{"count":0,"href":"https:\/\/www.europesays.com\/pl\/wp-json\/wp\/v2\/posts\/202468\/revisions"}],"wp:featuredmedia":[{"embeddable":true,"href":"https:\/\/www.europesays.com\/pl\/wp-json\/wp\/v2\/media\/202469"}],"wp:attachment":[{"href":"https:\/\/www.europesays.com\/pl\/wp-json\/wp\/v2\/media?parent=202468"}],"wp:term":[{"taxonomy":"category","embeddable":true,"href":"https:\/\/www.europesays.com\/pl\/wp-json\/wp\/v2\/categories?post=202468"},{"taxonomy":"post_tag","embeddable":true,"href":"https:\/\/www.europesays.com\/pl\/wp-json\/wp\/v2\/tags?post=202468"}],"curies":[{"name":"wp","href":"https:\/\/api.w.org\/{rel}","templated":true}]}}