{"id":202470,"date":"2026-01-13T20:22:07","date_gmt":"2026-01-13T20:22:07","guid":{"rendered":"https:\/\/www.europesays.com\/pl\/202470\/"},"modified":"2026-01-13T20:22:07","modified_gmt":"2026-01-13T20:22:07","slug":"sprawa-obciazenia-hipoteka-nieruchomosci-zbigniewa-ziobry-nowy-ruch-prokuratury","status":"publish","type":"post","link":"https:\/\/www.europesays.com\/pl\/202470\/","title":{"rendered":"Sprawa obci\u0105\u017cenia hipotek\u0105 nieruchomo\u015bci Zbigniewa Ziobry. Nowy ruch prokuratury"},"content":{"rendered":"<p class=\"ods-c-paragraph \">&#8211; Nie uleg\u0142y zmianie zakres i cel zabezpieczenia, podstawa prawna, wysoko\u015b\u0107 ani rodzaj zabezpieczanych nale\u017cno\u015bci, zakres maj\u0105tku obj\u0119tego zabezpieczeniem ani okoliczno\u015bci faktyczne sprawy \u2014 przekaza\u0142 PAP prok. Nowak.<\/p>\n<p>Dalszy ci\u0105g artyku\u0142u pod materia\u0142em wideo<\/p>\n<p> Jaki by\u0142 pow\u00f3d oddalenia poprzednich wniosk\u00f3w prokuratury? <\/p>\n<p> Co prokuratura zarzuca Zbigniewowi Ziobrze? <\/p>\n<p> Jakie s\u0105 skutki zabezpieczenia maj\u0105tkowego? <\/p>\n<p> Kiedy jest zaplanowane posiedzenie S\u0105du Rejonowego w sprawie Ziobry? <\/p>\n<p class=\"ods-c-paragraph \">Informacj\u0119 o <a href=\"https:\/\/www.onet.pl\/informacje\/onetwiadomosci\/prokuratura-chce-zabezpieczyc-dom-zbigniewa-ziobry-to-juz-trzecia-proba\/2hechyh,79cfc278\" id=\"94683880-980b-4ea4-898d-46e6abf0cfc1\" rel=\"nofollow noopener\" target=\"_blank\">ponowieniu przez prokuratur\u0119 wniosku o na\u0142o\u017cenie zabezpieczenia maj\u0105tkowego na dom nale\u017c\u0105cy do pos\u0142a PiS i by\u0142ego szefa Ministerstwa Sprawiedliwo\u015bci Zbigniewa Ziobry poda\u0142 we wtorek portal RMF FM<\/a>. Poprzednie takie wnioski trafi\u0142y do s\u0105du w listopadzie i grudniu ub.r.<\/p>\n<p>&#8222;Obie przes\u0142anki zastosowania zabezpieczenia maj\u0105tkowego zosta\u0142y spe\u0142nione&#8221;<\/p>\n<p class=\"ods-c-paragraph \">Jak potwierdzi\u0142 PAP prok. Nowak, w poniedzia\u0142ek prokurator Zespo\u0142u \u015aledczego nr 2 PK zajmuj\u0105cego si\u0119 spraw\u0105 Funduszu Sprawiedliwo\u015bci wyda\u0142 postanowienie o zmianie poprzednich decyzji \u2014 z 12 listopada oraz 4 grudnia 2025 r. \u2014 o zabezpieczeniu na mieniu podejrzanego Zbigniewa Ziobry.<\/p>\n<p class=\"ods-c-paragraph \">&#8211; Zmiana polega\u0142a na doprecyzowaniu i uszczeg\u00f3\u0142owieniu sposobu zabezpieczenia maj\u0105tkowego poprzez wyra\u017ane wyodr\u0119bnienie hipotek odpowiadaj\u0105cych poszczeg\u00f3lnym rodzajom zabezpieczanych nale\u017cno\u015bci. W postanowieniu jednoznacznie wskazano zakres, kwoty oraz wierzycieli przypisanych do konkretnych hipotek \u2014 wyja\u015bni\u0142 rzecznik PK.<\/p>\n<p class=\"ods-c-paragraph \">Jak doda\u0142, to postanowienie prokuratora zosta\u0142o we wtorek przes\u0142ane do wydzia\u0142u ksi\u0105g wieczystych S\u0105du Rejonowego w Rawie Mazowieckiej.<\/p>\n<p class=\"ods-c-paragraph \">Jak przypomnia\u0142 prok. Nowak, <a href=\"https:\/\/wiadomosci.onet.pl\/kraj\/prokuratura-zabezpieczyla-majatek-ziobry-chodzi-o-fundusz-sprawiedliwosci\/hm2gr8x\" id=\"23b65a6a-8d12-4cf2-a610-1d0602ad219a\" rel=\"nofollow noopener\" target=\"_blank\">po raz pierwszy w listopadzie ub.r. prokurator wyda\u0142 postanowienie o zabezpieczeniu maj\u0105tkowym na mieniu Ziobry<\/a> poprzez obci\u0105\u017cenie hipotek\u0105 przymusow\u0105 nale\u017c\u0105cych do niego nieruchomo\u015bci oraz zaj\u0119cie \u015brodk\u00f3w zgromadzonych na rachunku bankowym.<\/p>\n<p class=\"ods-c-paragraph \">&#8211; Zabezpieczenie maj\u0105tkowe ma zapewni\u0107 wykonalno\u015b\u0107 przysz\u0142ych orzecze\u0144 s\u0105dowych o charakterze maj\u0105tkowym (grzywna, obowi\u0105zek naprawienia szkody, przepadek, zwrot korzy\u015bci) poprzez uniemo\u017cliwienie podejrzanemu wyzbycia si\u0119, obci\u0105\u017cenia lub ukrycia maj\u0105tku \u2014 doda\u0142.<\/p>\n<p class=\"ods-c-paragraph \">Zgodnie bowiem z Kodeksem post\u0119powania karnego w razie zarzucenia podejrzanemu pope\u0142nienia przest\u0119pstwa, za kt\u00f3re mo\u017cna orzec grzywn\u0119 lub na przyk\u0142ad obowi\u0105zek naprawienia szkody, prokurator mo\u017ce z urz\u0119du zabezpieczy\u0107 wykonanie tego orzeczenia na mieniu podejrzanego, je\u017celi istnieje uzasadniona obawa, \u017ce bez takiego zabezpieczenia jego wykonanie b\u0119dzie niemo\u017cliwe lub znacznie utrudnione. &#8211; W niniejszej sprawie obie przes\u0142anki zastosowania zabezpieczenia maj\u0105tkowego zosta\u0142y spe\u0142nione \u2014 oceni\u0142 rzecznik PK.<\/p>\n<p>S\u0105d oddali\u0142 wnioski prokuratury<\/p>\n<p class=\"ods-c-paragraph \">W grudniu ub.r. rzecznik S\u0105du Okr\u0119gowego w \u0141odzi s\u0119dzia Grzegorz Ga\u0142a informowa\u0142 PAP, \u017ce poprzedni wniosek prokuratury o wpisanie tzw. hipoteki przymusowej na nieruchomo\u015bci Ziobry zosta\u0142 oddalony, bo zawiera\u0142 uchybienia: brak dok\u0142adnego opisu wierzytelno\u015bci, wniosek o obci\u0105\u017cenie t\u0105 sam\u0105 wierzytelno\u015bci\u0105 wi\u0119cej ni\u017c jednej nieruchomo\u015bci oraz nie wskazano te\u017c prawid\u0142owo wierzyciela.<\/p>\n<p class=\"ods-c-paragraph \">S\u0119dzia przypomina\u0142 wtedy jednocze\u015bnie, \u017ce by\u0142o to drugie postanowienie referendarza S\u0105du Rejonowego w Rawie Mazowieckiej na skutek wniosku Prokuratury Krajowej o wpisanie hipoteki przymusowej na nieruchomo\u015bci Ziobry w Jeruzalu. Po pierwszym postanowieniu z listopada prokurator poprawi\u0142 wniosek. \u2014 Niestety, zdaniem referendarza, kt\u00f3ry orzeka\u0142 w tej sprawie, poprawi\u0142 go niedostatecznie. Dlatego zapad\u0142a kolejna decyzja o odmowie \u2014 m\u00f3wi\u0142 wtedy s\u0119dzia Ga\u0142a.<\/p>\n<p>Co Ziobrze zarzuca prokuratura?<\/p>\n<p class=\"ods-c-paragraph \">Prokuratura Krajowa zarzuca Ziobrze, \u017ce kierowa\u0142 zorganizowan\u0105 grup\u0105 przest\u0119pcz\u0105 oraz wykorzystywa\u0142 swoje stanowisko do dzia\u0142a\u0144 o charakterze przest\u0119pczym. Ziobro, wed\u0142ug prokuratury, mia\u0142 pope\u0142ni\u0107 26 przest\u0119pstw, m.in. wydawa\u0107 swoim podw\u0142adnym polecenia \u0142amania prawa, by zapewni\u0107 wybranym podmiotom dotacje z Funduszu Sprawiedliwo\u015bci, ingerowa\u0107 w przygotowanie ofert konkursowych i dopuszcza\u0107 do przyznawania \u015brodk\u00f3w nieuprawnionym podmiotom.<\/p>\n<p class=\"ods-c-paragraph \"><a href=\"https:\/\/wiadomosci.onet.pl\/kraj\/sad-odracza-decyzje-w-sprawie-zbigniewa-ziobry-jest-nowy-termin-posiedzenia\/bpm7bhy\" id=\"f80c8404-0957-4536-8665-5dded7e5ec95\" rel=\"nofollow noopener\" target=\"_blank\">Na czwartek, 15 stycznia, zaplanowane jest posiedzenie S\u0105du Rejonowego dla Warszawy-Mokotowa, kt\u00f3ry ma odnie\u015b\u0107 si\u0119 do wniosku prokuratury o zastosowanie aresztu wobec Ziobry na trzy miesi\u0105ce<\/a>. W przypadku uwzgl\u0119dnienia przez s\u0105d wniosku o areszt prokuratura \u2014 wed\u0142ug jej zapowiedzi \u2014 ma wyda\u0107 za by\u0142ym ministrem list go\u0144czy i na jego podstawie zostan\u0105 uruchomione dalsze poszukiwania pos\u0142a PiS na terenie kraju. Je\u017celi w toku tych dzia\u0142a\u0144 s\u0142u\u017cby ustal\u0105, \u017ce Zbigniew Ziobro nie przebywa na terytorium Polski, kolejnym etapem dzia\u0142a\u0144 prokuratury ma by\u0107 uruchomienie poszukiwa\u0144 na podstawie europejskiego nakazu aresztowania.<\/p>\n<p class=\"ods-c-paragraph \"><a href=\"https:\/\/wiadomosci.onet.pl\/swiat\/zbigniew-ziobro-z-azylem-na-wegrzech-jest-potwierdzenie\/ckesqe4\" id=\"49e80911-f285-499a-b6af-de21f137cfa6\" rel=\"nofollow noopener\" target=\"_blank\">Tymczasem w poniedzia\u0142ek obro\u0144ca Ziobry, mec. Bartosz Lewandowski, poinformowa\u0142, \u017ce jego klient uzyska\u0142 azyl polityczny na W\u0119grzech<\/a>. Sam Ziobro o\u015bwiadczy\u0142, \u017ce pozostanie za granic\u0105 do czasu, gdy &#8222;w Polsce zostan\u0105 przywr\u00f3cone rzeczywiste gwarancje praworz\u0105dno\u015bci&#8221;.<\/p>\n","protected":false},"excerpt":{"rendered":"&#8211; Nie uleg\u0142y zmianie zakres i cel zabezpieczenia, podstawa prawna, wysoko\u015b\u0107 ani rodzaj zabezpieczanych nale\u017cno\u015bci, zakres maj\u0105tku obj\u0119tego&hellip;\n","protected":false},"author":2,"featured_media":202471,"comment_status":"","ping_status":"","sticky":false,"template":"","format":"standard","meta":{"footnotes":""},"categories":[12],"tags":[32,33,36,37,5168,27,49,34,35,28,31,48,25,46,42,38,40,39,41,1627,47,29,30,26,2037],"class_list":{"0":"post-202470","1":"post","2":"type-post","3":"status-publish","4":"format-standard","5":"has-post-thumbnail","7":"category-polska","8":"tag-breaking-news","9":"tag-breakingnews","10":"tag-featured-news","11":"tag-featurednews","12":"tag-fundusz_sprawiedliwosci","13":"tag-headlines","14":"tag-kraj","15":"tag-latest-news","16":"tag-latestnews","17":"tag-naglowki","18":"tag-najwazniejsze-artykuly","19":"tag-nat_styl","20":"tag-news","21":"tag-omp","22":"tag-pl","23":"tag-poland","24":"tag-polish","25":"tag-polska","26":"tag-polski","27":"tag-prokuratura","28":"tag-screening_general","29":"tag-top-stories","30":"tag-topstories","31":"tag-wiadomosci","32":"tag-zbigniew_ziobro"},"share_on_mastodon":{"url":"https:\/\/pubeurope.com\/@pl\/115889658008520686","error":""},"_links":{"self":[{"href":"https:\/\/www.europesays.com\/pl\/wp-json\/wp\/v2\/posts\/202470","targetHints":{"allow":["GET"]}}],"collection":[{"href":"https:\/\/www.europesays.com\/pl\/wp-json\/wp\/v2\/posts"}],"about":[{"href":"https:\/\/www.europesays.com\/pl\/wp-json\/wp\/v2\/types\/post"}],"author":[{"embeddable":true,"href":"https:\/\/www.europesays.com\/pl\/wp-json\/wp\/v2\/users\/2"}],"replies":[{"embeddable":true,"href":"https:\/\/www.europesays.com\/pl\/wp-json\/wp\/v2\/comments?post=202470"}],"version-history":[{"count":0,"href":"https:\/\/www.europesays.com\/pl\/wp-json\/wp\/v2\/posts\/202470\/revisions"}],"wp:featuredmedia":[{"embeddable":true,"href":"https:\/\/www.europesays.com\/pl\/wp-json\/wp\/v2\/media\/202471"}],"wp:attachment":[{"href":"https:\/\/www.europesays.com\/pl\/wp-json\/wp\/v2\/media?parent=202470"}],"wp:term":[{"taxonomy":"category","embeddable":true,"href":"https:\/\/www.europesays.com\/pl\/wp-json\/wp\/v2\/categories?post=202470"},{"taxonomy":"post_tag","embeddable":true,"href":"https:\/\/www.europesays.com\/pl\/wp-json\/wp\/v2\/tags?post=202470"}],"curies":[{"name":"wp","href":"https:\/\/api.w.org\/{rel}","templated":true}]}}